{"id":1034,"date":"2024-01-12T12:59:31","date_gmt":"2024-01-12T11:59:31","guid":{"rendered":"https:\/\/www.fastbookspa.it\/?p=1034"},"modified":"2025-11-28T16:20:50","modified_gmt":"2025-11-28T15:20:50","slug":"giornata-della-memoria-leggere-per-ricordare","status":"publish","type":"post","link":"https:\/\/www.fastbookspa.it\/index.php\/2024\/01\/12\/giornata-della-memoria-leggere-per-ricordare\/","title":{"rendered":"GIORNATA DELLA MEMORIA. LEGGERE PER RICORDARE"},"content":{"rendered":"\n<p>\u00ab\u00c8 avvenuto, quindi pu\u00f2 accadere di nuovo\u00bb, scriveva Primo Levi ne <em>I sommersi e i salvati<\/em>, e poich\u00e9 i testimoni diretti dell\u2019Olocausto ancora in vita sono ormai pochissimi &#8211; in Italia poco pi\u00f9 di una decina &#8211; tocca soprattutto ai libri tenerne vivo il ricordo come monito contro ogni forma di razzismo. Se l\u2019antisemitismo \u00e8 l\u2019agente patogeno, la memoria \u00e8 la miglior difesa del nostro sistema immunitario sociale.<\/p>\n\n\n\n<p>Tra i molti libri che ogni anno vengono pubblicati in occasione del Giorno della Memoria ne abbiamo selezionati alcuni: cinque per gli adulti, cinque per lettrici e lettori pi\u00f9 giovani e un manga.<\/p>\n\n\n\n<figure class=\"wp-block-image size-large\"><img loading=\"lazy\" decoding=\"async\" width=\"1024\" height=\"358\" src=\"https:\/\/www.fastbookspa.it\/wp-content\/uploads\/2024\/01\/BLOG-MEMORIA3-1024x358.jpg\" alt=\"\" class=\"wp-image-1046\" srcset=\"https:\/\/www.fastbookspa.it\/wp-content\/uploads\/2024\/01\/BLOG-MEMORIA3-1024x358.jpg 1024w, https:\/\/www.fastbookspa.it\/wp-content\/uploads\/2024\/01\/BLOG-MEMORIA3-300x105.jpg 300w, https:\/\/www.fastbookspa.it\/wp-content\/uploads\/2024\/01\/BLOG-MEMORIA3-768x269.jpg 768w, https:\/\/www.fastbookspa.it\/wp-content\/uploads\/2024\/01\/BLOG-MEMORIA3-1536x537.jpg 1536w, https:\/\/www.fastbookspa.it\/wp-content\/uploads\/2024\/01\/BLOG-MEMORIA3-2048x717.jpg 2048w\" sizes=\"auto, (max-width: 1024px) 100vw, 1024px\" \/><\/figure>\n\n\n\n<p>Per tutti noi Anne Frank \u00e8 simbolo dell\u2019Olocausto. Per Hanna era semplicemente la sua migliore amica. In <strong><em>La mia amica Anne Frank<\/em><\/strong> (De Agostini), Hannah Pick-Goslar, scomparsa nel 2022, rievoca gli anni trascorsi ad Amsterdam dopo la fuga da Berlino e l\u2019amicizia che la lega per lungo tempo ad Anne, anch\u2019essa espatriata, fino a quando, da un giorno all\u2019altro, i Frank spariscono dalla citt\u00e0. Dopo di allora tra le due ragazze ci sar\u00e0 solo un ultimo, straziante incontro nel Campo di concentramento di Bergen-Belsen: Hanna sopravvivr\u00e0 per testimoniarlo, Anne vivr\u00e0 attraverso il suo diario.<\/p>\n\n\n\n<p>Ma torniamo in Olanda, dove addirittura il settantacinque per cento della comunit\u00e0 ebraica muore durante l&#8217;occupazione nazista. Nina Siegal, giornalista americana di origine ebrea, ne <strong><em>I diari ritrovati<\/em><\/strong> (Guanda) seleziona da un\u2019immensa mole di documenti originali sette voci che danno vita a un ritratto plastico, variegato e vero di quegli anni terribili: un ufficiale di polizia simpatizzante nazista; un giornalista ebreo; una diciassettenne che lavora in fabbrica; la moglie di un medico che appunta gli eventi sociali a cui partecipa con le SS; un tagliatore di diamanti; una donna legata alla Resistenza; una giovane innamorata che diventa la segretaria di un\u2019organizzazione che aiutava gli ebrei tedeschi a fuggire dal regime.<\/p>\n\n\n\n<p>Quando le viene chiesto di scegliere un museo in cui trascorrere una notte da sola per poi scrivere della sua esperienza, la scrittrice, compositrice e femminista francese Lola Lafon sceglie di partire per Amsterdam. \u00c8 nell\u2019Alloggio segreto della casa-museo di Anne Frank che Lola passer\u00e0 la notte, mettendosi nei panni di quell\u2019adolescente <a>\u00ab<\/a>rinchiusa per non morire, le cui parole non riuscivano a stare ferme. Quella di una ragazza il cui unico viaggio \u00e8 stato una scala da salire e da scendere, meno di quaranta metri quadrati da calpestare, per settecentosessanta lunghi giorni\u00bb. <strong><em>Quando ascolterai questa canzone<\/em><\/strong> (Einaudi) traccia il ritratto delicato e personale dell\u2019assenza di un\u2019esistenza tragicamente interrotta.<\/p>\n\n\n\n<figure class=\"wp-block-image size-large\"><img loading=\"lazy\" decoding=\"async\" width=\"1024\" height=\"358\" src=\"https:\/\/www.fastbookspa.it\/wp-content\/uploads\/2024\/01\/BLOG-MEMORIA-1024x358.jpg\" alt=\"\" class=\"wp-image-1044\" srcset=\"https:\/\/www.fastbookspa.it\/wp-content\/uploads\/2024\/01\/BLOG-MEMORIA-1024x358.jpg 1024w, https:\/\/www.fastbookspa.it\/wp-content\/uploads\/2024\/01\/BLOG-MEMORIA-300x105.jpg 300w, https:\/\/www.fastbookspa.it\/wp-content\/uploads\/2024\/01\/BLOG-MEMORIA-768x269.jpg 768w, https:\/\/www.fastbookspa.it\/wp-content\/uploads\/2024\/01\/BLOG-MEMORIA-1536x537.jpg 1536w, https:\/\/www.fastbookspa.it\/wp-content\/uploads\/2024\/01\/BLOG-MEMORIA-2048x717.jpg 2048w\" sizes=\"auto, (max-width: 1024px) 100vw, 1024px\" \/><figcaption class=\"wp-element-caption\">L&#8217;assortimento di Novit\u00e0 che suggerisce Fastbook<\/figcaption><\/figure>\n\n\n\n<p>Ogni albero genealogico nasconde qualche segreto. Quello di Burkhard Bilger \u2013 giornalista del New Yorker, \u00e8 pesante, ma invece di seppellire il ramo guasto, Bilger decide di arrampicarsi su di esso, costruire un robusto trespolo, guardarsi a lungo intorno e riportare le sue scoperte ne <strong><em>I semi dell\u2019odio e della misericordia.<\/em><\/strong> <strong><em>Storia della mia famiglia e del suo passato nazista<\/em><\/strong> (Mondadori, Strade blu). Il nonno del giornalista, Karl G\u00f6nner, un occhio di vetro rimediato sul fronte occidentale durante la Grande guerra, ex maestro, severo ma caro ai nipoti e ai suoi studenti, secondo i documenti d&#8217;archivio \u00e8 l&#8217;Ortsgruppenleiter della cittadina di Bartenheim, nell&#8217;Alsazia occupata dall&#8217;esercito tedesco, tanto che nel 1946 viene arrestato per crimini di guerra. Come ricomporre in unit\u00e0 queste due facce di uno stesso uomo? \u00c8 possibile far pace con gli errori del passato senza ricusarne le responsabilit\u00e0? &nbsp;<\/p>\n\n\n\n<p>Il dibattito morale a cui la vicenda di Karl G\u00f6nner costringe (imprescindibili, a questo proposito, le considerazioni sulla natura umana di Hannah Arendt ne <em>La banalit\u00e0 del male<\/em>), Josef Lewkowics, sopravvissuto a ben sei campi di concentramento, oggi novantaseienne, ne <strong><em>Il sopravvissuto di Auschwitz<\/em><\/strong> (Newton Compton) lo risolve con i fatti. Una volta libero, inserito nell\u2019ambito dell\u2019intelligence, diventa infatti un cacciatore di nazisti. Obiettivo, centrato, quello di catturare il suo pi\u00f9 spietato aguzzino: l\u2019SS Amon G\u00f6th, noto come il macellaio di P\u0142asz\u00f3w. Ma oltre a partecipare a celebri catture di nazisti, Josef contribuisce anche a salvare centinaia di bambini orfani, nascosti dai genitori prima dei rastrellamenti.<\/p>\n\n\n\n<p>Per scongiurare il ripetersi dell\u2019orrore, \u00e8 dovere civico degli adulti consegnare alle generazioni pi\u00f9 giovani la realt\u00e0 dei campi di concentramento e di sterminio.<\/p>\n\n\n\n<figure class=\"wp-block-image size-large\"><img loading=\"lazy\" decoding=\"async\" width=\"1024\" height=\"358\" src=\"https:\/\/www.fastbookspa.it\/wp-content\/uploads\/2024\/01\/BLOG-MEMORIA2-1-1024x358.jpg\" alt=\"\" class=\"wp-image-1047\" srcset=\"https:\/\/www.fastbookspa.it\/wp-content\/uploads\/2024\/01\/BLOG-MEMORIA2-1-1024x358.jpg 1024w, https:\/\/www.fastbookspa.it\/wp-content\/uploads\/2024\/01\/BLOG-MEMORIA2-1-300x105.jpg 300w, https:\/\/www.fastbookspa.it\/wp-content\/uploads\/2024\/01\/BLOG-MEMORIA2-1-768x269.jpg 768w, https:\/\/www.fastbookspa.it\/wp-content\/uploads\/2024\/01\/BLOG-MEMORIA2-1-1536x537.jpg 1536w, https:\/\/www.fastbookspa.it\/wp-content\/uploads\/2024\/01\/BLOG-MEMORIA2-1-2048x717.jpg 2048w\" sizes=\"auto, (max-width: 1024px) 100vw, 1024px\" \/><\/figure>\n\n\n\n<p>Vede finalmente la luce a distanza di settant\u2019anni ed \u00e8 una lettura fortemente consigliata a ragazze e ragazzi che frequentano le scuole medie <strong><em>Cara Kitty<\/em><\/strong> (Einaudi Ragazzi), opera incompiuta che Anne Frank compone negli anni trascorsi nella Casa sul retro per dar corpo alla sua intenzione diventare scrittrice. Il romanzo epistolare, basato sui diari personali di Anne e composto da lettere scritte all\u2019amica immaginaria Kitty, lascia emergere, ora abbiamo modo di rendercene conto, il suo grande talento di narratrice.<\/p>\n\n\n\n<p>Non sono poche le ragazze che durante la persecuzione nazista conservano lo stesso coraggio, la stessa passione di Anne Frank: alcune di loro reagiranno alla violenza entrando nelle formazioni della Resistenza. <strong><em>Judith<\/em><\/strong>, di Loredana Frescura (Giunti), ispirandosi a testimonianze reali, descrive le vicende di una giovane alla quale viene sterminata l\u2019intera famiglia. Ma Judith non si lascer\u00e0 abbattere e, appena quattordicenne, sopravvivr\u00e0 all\u2019orrore, diventer\u00e0 partigiana, si innamorer\u00e0 e attraverser\u00e0 l\u2019intera Europa per portare a compimento a sua missione. Et\u00e0 di lettura: dai 12 anni.<\/p>\n\n\n\n<p>La Shoah trova modi diversi per echeggiare nei giorni nostri. In <strong><em>Eravamo il suono<\/em><\/strong>, di Matteo Corradini (Lapis) incontriamo un\u2019enigmatica insegnante, la Prof Turritella, mentre prepara un gruppo di ragazze ad uno spettacolo-concerto per ricordare l\u2019orchestra femminile di Auschwitz. Nel corso della prima prova, l\u2019insegnante consegna una conchiglia ad Anita, e quando la ragazza vi appoggia sopra l\u2019orecchio, ecco che accade l\u2019inatteso: passato e presente si toccano, e le donne dell\u2019orchestra di allora si raccontano alle ragazze di oggi in prima persona. Et\u00e0 di lettura: dai 9 anni.<\/p>\n\n\n\n<p>Nella collana Grandissimi di Edizioni El, nata per far scoprire ai ragazzi dai 7 anni in su i grandi personaggi che hanno contribuito all\u2019avanzamento dell\u2019umanit\u00e0, emerge <strong><em>Primo Levi. Una voce per non dimenticare<\/em><\/strong>. Nel volume l\u2019autore, Federico Gregotti, affiancato dall\u2019illustratrice Sara Not, mette in scena la vita di uno degli scrittori pi\u00f9 grandi del Novecento, Primo Levi che, sopravvissuto all&#8217;Olocausto, ha saputo raccontare con forza impareggiabile una delle pagine pi\u00f9 buie della Storia.<\/p>\n\n\n\n<p>Ancora per bambine e bambini dai 7 anni in su, suggeriamo <strong><em>Otto. Autobiografia di un orsacchiotto<\/em><\/strong>, di Tomi Ungerer &#8211; premio Hans Christian Andersen internazionale nel 1998 &#8211; un classico per ragazzi pubblicato negli Oscar Junior a fine 2023. Al centro del racconto c\u2019\u00e8 Otto, pupazzo speciale che per colpa della guerra viene separato dai suoi amici David (ebreo) e Oskar (tedesco). Otto verr\u00e0 accudito, rubato, esposto in vetrina finch\u00e9, infine, lui e i suoi amici si ritroveranno.<\/p>\n\n\n\n<p>Da ultimo, di prossima uscita per gli appassionati di manga, segnaliamo <strong><em>Io sono Anne Frank<\/em><\/strong> (De Agostini), una proposta inconsueta per raccontare la vita di Anne Frank attraverso il genere pi\u00f9 amato dai ragazzi di oggi.<\/p>\n","protected":false},"excerpt":{"rendered":"<p>\u00ab\u00c8 avvenuto, quindi pu\u00f2 accadere di nuovo\u00bb, scriveva Primo Levi ne I sommersi e i salvati, e poich\u00e9 i testimoni diretti dell\u2019Olocausto ancora in vita sono ormai pochissimi &#8211; in Italia poco pi\u00f9 di una decina &#8211; tocca soprattutto ai libri tenerne vivo il ricordo come monito contro ogni forma di razzismo. Se l\u2019antisemitismo \u00e8&#8230; <a class=\"read-more\" href=\"https:\/\/www.fastbookspa.it\/index.php\/2024\/01\/12\/giornata-della-memoria-leggere-per-ricordare\/\">Continua a leggere<\/a><\/p>\n","protected":false},"author":14,"featured_media":1078,"comment_status":"open","ping_status":"open","sticky":false,"template":"","format":"standard","meta":{"footnotes":""},"categories":[455,619],"tags":[221,219,217,218,222,220,216],"class_list":["post-1034","post","type-post","status-publish","format-standard","has-post-thumbnail","hentry","category-libri","category-attualita-blog","tag-antisemitismo","tag-ebraismo","tag-giornata-della-memoria","tag-memoria","tag-olocausto","tag-razzismo","tag-shoah"],"_links":{"self":[{"href":"https:\/\/www.fastbookspa.it\/index.php\/wp-json\/wp\/v2\/posts\/1034","targetHints":{"allow":["GET"]}}],"collection":[{"href":"https:\/\/www.fastbookspa.it\/index.php\/wp-json\/wp\/v2\/posts"}],"about":[{"href":"https:\/\/www.fastbookspa.it\/index.php\/wp-json\/wp\/v2\/types\/post"}],"author":[{"embeddable":true,"href":"https:\/\/www.fastbookspa.it\/index.php\/wp-json\/wp\/v2\/users\/14"}],"replies":[{"embeddable":true,"href":"https:\/\/www.fastbookspa.it\/index.php\/wp-json\/wp\/v2\/comments?post=1034"}],"version-history":[{"count":6,"href":"https:\/\/www.fastbookspa.it\/index.php\/wp-json\/wp\/v2\/posts\/1034\/revisions"}],"predecessor-version":[{"id":1049,"href":"https:\/\/www.fastbookspa.it\/index.php\/wp-json\/wp\/v2\/posts\/1034\/revisions\/1049"}],"wp:featuredmedia":[{"embeddable":true,"href":"https:\/\/www.fastbookspa.it\/index.php\/wp-json\/wp\/v2\/media\/1078"}],"wp:attachment":[{"href":"https:\/\/www.fastbookspa.it\/index.php\/wp-json\/wp\/v2\/media?parent=1034"}],"wp:term":[{"taxonomy":"category","embeddable":true,"href":"https:\/\/www.fastbookspa.it\/index.php\/wp-json\/wp\/v2\/categories?post=1034"},{"taxonomy":"post_tag","embeddable":true,"href":"https:\/\/www.fastbookspa.it\/index.php\/wp-json\/wp\/v2\/tags?post=1034"}],"curies":[{"name":"wp","href":"https:\/\/api.w.org\/{rel}","templated":true}]}}