{"id":1156,"date":"2024-03-01T14:46:28","date_gmt":"2024-03-01T13:46:28","guid":{"rendered":"https:\/\/www.fastbookspa.it\/?p=1156"},"modified":"2024-03-01T20:30:50","modified_gmt":"2024-03-01T19:30:50","slug":"focus-su-gabriel-garcia-marquez","status":"publish","type":"post","link":"https:\/\/www.fastbookspa.it\/index.php\/2024\/03\/01\/focus-su-gabriel-garcia-marquez\/","title":{"rendered":"FOCUS SU GABRIEL GARC\u00cdA M\u00c1RQUEZ"},"content":{"rendered":"\n<p>Dice in una vecchia, vecchissima intervista \u2013 erano passati appena quattro anni da che la gran fama aveva cominciato a investirlo: \u00abL&#8217;altro giorno, nel tempo morto tra un treno e l\u2019altro, mi sono rifugiato in un bar di Zurigo. Era tutto buio, un uomo suonava il pianoforte nell&#8217;ombra, e i pochi clienti che c&#8217;erano erano coppie innamorate. Quel pomeriggio ho realizzato che, se non fossi stato uno scrittore, avrei voluto essere l&#8217;uomo che suonava il pianoforte, senza che nessuno lo vedesse in faccia, solo perch\u00e9 gli innamorati si amassero l&#8217;un l&#8217;altro di pi\u00f9\u00bb.<\/p>\n\n\n\n<p>A dieci anni dalla morte, avvenuta nel 2014 a Citt\u00e0 del Messico, a venti dalla pubblicazione del suo ultimo romanzo, <em>Memoria delle mie puttane tristi<\/em>, arriva il magnifico tocco finale all&#8217;eredit\u00e0 del grande scrittore colombiano Gabriel Garc\u00eda M\u00e1rquez.<\/p>\n\n\n\n<p><strong>CI VEDIAMO IN AGOSTO<\/strong>, scritto finora inedito che Mondadori pubblica a cura di Cristobal Pera, con una nota dei figli dello scrittore, Rodrigo e Gonzalo Garc\u00eda Barcha, nella traduzione di Bruno Arpaia, sar\u00e0 in libreria dal 6 marzo 2024.<\/p>\n\n\n\n<figure class=\"wp-block-image size-large\"><img loading=\"lazy\" decoding=\"async\" width=\"1024\" height=\"358\" src=\"https:\/\/www.fastbookspa.it\/wp-content\/uploads\/2024\/03\/MARQUEZ-1024x358.jpg\" alt=\"\" class=\"wp-image-1159\" srcset=\"https:\/\/www.fastbookspa.it\/wp-content\/uploads\/2024\/03\/MARQUEZ-1024x358.jpg 1024w, https:\/\/www.fastbookspa.it\/wp-content\/uploads\/2024\/03\/MARQUEZ-300x105.jpg 300w, https:\/\/www.fastbookspa.it\/wp-content\/uploads\/2024\/03\/MARQUEZ-768x269.jpg 768w, https:\/\/www.fastbookspa.it\/wp-content\/uploads\/2024\/03\/MARQUEZ-1536x537.jpg 1536w, https:\/\/www.fastbookspa.it\/wp-content\/uploads\/2024\/03\/MARQUEZ-2048x717.jpg 2048w\" sizes=\"auto, (max-width: 1024px) 100vw, 1024px\" \/><\/figure>\n\n\n\n<p>Il testo faceva parte dell&#8217;archivio personale dello scrittore, che appartiene all&#8217;Harry Ransom Center dell&#8217;Universit\u00e0 del Texas, negli Stati Uniti. Questo centro, specializzato in discipline umanistiche, ha acquisito la collezione per 2,2 milioni di dollari: 20 scatole di cartone, con una moltitudine di documenti, foto e quaderni, tra cui dieci versioni di <em>Ci vediamo in agosto<\/em>.<\/p>\n\n\n\n<p>Nel libro, la cui trama \u00e8 presto detta &#8211; ogni agosto Ana Magdalena Bach prende il traghetto per l&#8217;isola dove \u00e8 sepolta sua madre per visitare la tomba in cui giace; queste visite finiscono per essere un invito irresistibile a diventare una persona diversa per una notte all&#8217;anno &#8211; un vero e proprio inno alla vita, alla resistenza del godimento nonostante il passare del tempo e al desiderio femminile.<\/p>\n\n\n\n<p>Qualche nota biografica sul maestro del realismo magico.<\/p>\n\n\n\n<p>Esordisce con un breve romanzo: <em>Foglie morte<\/em>, uscito in Colombia 1955, quando gi\u00e0 da tempo faceva il giornalista, per la cui pubblicazione in Italia aspetteremo ventidue anni. Nel 1982 consegue il Premio Nobel per la Letteratura, ed \u00e8 proprio in occasione del ritiro del premio pi\u00f9 ambito al mondo che M\u00e1rquez esprime quelle profonde convinzioni che testimoniano la sua visione storica e il suo impegno politico: \u00abNoi inventori di favole, che crediamo a tutto, ci sentiamo in diritto di credere che non \u00e8 ancora troppo tardi per intraprendere la creazione\u00bb di una \u00abnuova e devastante utopia della vita, dove nessuno possa decidere per gli altri, addirittura il modo in cui morire, dove davvero sia certo l\u2019amore e sia possibile la felicit\u00e0, e dove le stirpi condannate a cento anni di solitudine abbiano finalmente e per sempre una seconda opportunit\u00e0 sulla terra\u00bb.<\/p>\n\n\n\n<p>Pure senza militare mai in alcun partito, nel corso della sua vita ne sostiene diversi. A Caracas, per esempio, quando gli viene conferito il premio letterario R\u00f3mulo Gallegos per il romanzo <em>Cent\u2019anni di solitudine<\/em>, M\u00e1rquez dona i 100mila dollari del riconoscimento al partito venezuelano Movimento al Socialismo (Mas) dell\u2019amico Teodoro Petkoff.<\/p>\n\n\n\n<p>Nel 1999 si ammala, ma supera il cancro, e continua a scrivere e a lavorare. Compare in pubblico per l\u2019ultima volta, in buona salute, alla fine del 2013, ma l\u2019anno successivo, all\u2019et\u00e0 di 87 anni, muore in una clinica di Citt\u00e0 del Messico. L\u2019allora presidente della Colombia dispone il lutto nazionale per tre giorni.<\/p>\n\n\n\n<p>Veniamo ad alcune delle opere con cui il grande scrittore d\u00e0 vita a quei mondi indimenticabili che gli hanno dato la fama, in cui il reale si confonde con il prodigioso e l\u2019immaginazione diventa elemento imprescindibile della quotidianit\u00e0.<\/p>\n\n\n\n<figure class=\"wp-block-image size-large\"><img loading=\"lazy\" decoding=\"async\" width=\"1024\" height=\"358\" src=\"https:\/\/www.fastbookspa.it\/wp-content\/uploads\/2024\/03\/MARQUEZ4-1024x358.jpg\" alt=\"\" class=\"wp-image-1168\" srcset=\"https:\/\/www.fastbookspa.it\/wp-content\/uploads\/2024\/03\/MARQUEZ4-1024x358.jpg 1024w, https:\/\/www.fastbookspa.it\/wp-content\/uploads\/2024\/03\/MARQUEZ4-300x105.jpg 300w, https:\/\/www.fastbookspa.it\/wp-content\/uploads\/2024\/03\/MARQUEZ4-768x269.jpg 768w, https:\/\/www.fastbookspa.it\/wp-content\/uploads\/2024\/03\/MARQUEZ4-1536x537.jpg 1536w, https:\/\/www.fastbookspa.it\/wp-content\/uploads\/2024\/03\/MARQUEZ4-2048x717.jpg 2048w\" sizes=\"auto, (max-width: 1024px) 100vw, 1024px\" \/><\/figure>\n\n\n\n<p>Considerato tra le opere pi\u00f9 significative della letteratura del Novecento, <strong>CENT\u2019ANNI DI SOLITUDINE<\/strong>, il capolavoro del maestro, viene pubblicato da una casa editrice di Buenos Aires nel 1967. Nel giro di pochi mesi piovono le proposte di contratto da parte di case editrici estere. Tra loro, Feltrinelli, che nel 1968 lo propone al pubblico italiano, ed \u00e8 amore a prima vista. Il romanzo narra le vicende di sette generazioni della famiglia Buend\u00eda, il cui capostipite, Jos\u00e9 Arcadio, fonda alla fine del XIX secolo la citt\u00e0 di Macondo. C\u2019\u00e8 davvero tutto dell\u2019universo interiore del maestro, nei <em>Cent\u2019anni<\/em> del Gabo: vita, morte, amore, odio, guerra, pace, perversione, eros, infanzia, adolescenza, giovinezza, maturit\u00e0, vecchiaia. C\u2019\u00e8 l\u2019uomo intero, non considerato nella sua individualit\u00e0, o almeno non solo, ma rappresentato come comunit\u00e0, come collettivit\u00e0 in divenire: i nomi dei personaggi si ripetono di generazione in generazione non per vezzo, ma perch\u00e9, aldil\u00e0 dello scorrere del tempo, rappresentano vividamente i principi e le strutture mentali che definiscono la condizione umana.<\/p>\n\n\n\n<figure class=\"wp-block-image size-large\"><img loading=\"lazy\" decoding=\"async\" width=\"1024\" height=\"358\" src=\"https:\/\/www.fastbookspa.it\/wp-content\/uploads\/2024\/03\/cronaca-di-una-morte-annunciata-1024x358.jpg\" alt=\"\" class=\"wp-image-1164\" srcset=\"https:\/\/www.fastbookspa.it\/wp-content\/uploads\/2024\/03\/cronaca-di-una-morte-annunciata-1024x358.jpg 1024w, https:\/\/www.fastbookspa.it\/wp-content\/uploads\/2024\/03\/cronaca-di-una-morte-annunciata-300x105.jpg 300w, https:\/\/www.fastbookspa.it\/wp-content\/uploads\/2024\/03\/cronaca-di-una-morte-annunciata-768x269.jpg 768w, https:\/\/www.fastbookspa.it\/wp-content\/uploads\/2024\/03\/cronaca-di-una-morte-annunciata-1536x538.jpg 1536w, https:\/\/www.fastbookspa.it\/wp-content\/uploads\/2024\/03\/cronaca-di-una-morte-annunciata.jpg 1600w\" sizes=\"auto, (max-width: 1024px) 100vw, 1024px\" \/><\/figure>\n\n\n\n<p>Qualche anno dopo, nel 1981 (in Italia l\u2019anno successivo), viene dato alle stampe <strong>CRONACA DI UNA MORTE ANNUNCIATA<\/strong>. Ispirato ad eventi reali avvenuti trent\u2019anni prima, il romanzo utilizza una tecnica di tipo giornalistico, cronachistico, per narrare un crimine passionale. In una cittadina della costa caraibica, Bayardo San Rom\u00e1n, e \u00c1ngela Vicario si sposano. Durante la loro prima notte insieme, Bayardo scopre che la moglie non \u00e8 vergine e \u201crestituisce\u201d la sposa ai genitori. Interrogata dai fratelli, \u00c1ngela sostiene che a disonorarla sia stato Santiago Nasar, un vicino di casa. I fratelli Vicario \u2013 Pedro e Pablo \u2013, all\u2019apparenza persone mansuete, annunciano a gran voce in paese l\u2019intenzione di uccidere Nasar che, unico ad essere tenuto all\u2019oscuro, scoprir\u00e0 la trama alle sue spalle solo un attimo prima di morire, pugnalato a morte davanti agli occhi di coloro che sapevano e non hanno fatto nulla per impedire il delitto. \u00c8 un&#8217;intera comunit\u00e0, cos\u00ec suggerisce M\u00e1rquez, a partecipare indirettamente al crimine, ed \u00e8 questa la considerazione che sta al cuore del romanzo.<\/p>\n\n\n\n<figure class=\"wp-block-image size-large\"><img loading=\"lazy\" decoding=\"async\" width=\"1024\" height=\"358\" src=\"https:\/\/www.fastbookspa.it\/wp-content\/uploads\/2024\/03\/Lamore-ai-tempi-del-colera-1024x358.jpg\" alt=\"\" class=\"wp-image-1165\" srcset=\"https:\/\/www.fastbookspa.it\/wp-content\/uploads\/2024\/03\/Lamore-ai-tempi-del-colera-1024x358.jpg 1024w, https:\/\/www.fastbookspa.it\/wp-content\/uploads\/2024\/03\/Lamore-ai-tempi-del-colera-300x105.jpg 300w, https:\/\/www.fastbookspa.it\/wp-content\/uploads\/2024\/03\/Lamore-ai-tempi-del-colera-768x269.jpg 768w, https:\/\/www.fastbookspa.it\/wp-content\/uploads\/2024\/03\/Lamore-ai-tempi-del-colera-1536x538.jpg 1536w, https:\/\/www.fastbookspa.it\/wp-content\/uploads\/2024\/03\/Lamore-ai-tempi-del-colera.jpg 1600w\" sizes=\"auto, (max-width: 1024px) 100vw, 1024px\" \/><\/figure>\n\n\n\n<p>Ispirato alla relazione tra i genitori del Gabo, <strong>L\u2019AMORE AI TEMPI DEL COLERA<\/strong> \u00e8 il primo romanzo pubblicato dopo il premio Nobel. Da giovani, Florentino Ariza e Fermina Daza si innamorano perdutamente, ma Fermina decide di sposare un ricco medico. Florentino prosegue la sua vita, prospera nel lavoro e assomma ben 622 piccole storie d&#8217;amore. Quando il marito di Fermina muore, Florentino si reca al suo funerale e, a cinquant&#8217;anni, nove mesi e quattro giorni di distanza, dichiara il suo amore, sempre puro, ancora intatto, alla donna ormai anziana, che lo contraccambier\u00e0.<\/p>\n\n\n\n<p>Il romanzo diviene subito un bestseller e un successo di critica. Le sue traduzioni in altre lingue ottengono numerosi premi, tra cui quello del Los Angeles Times per la migliore narrativa negli Stati Uniti (1988),&nbsp; il Premio Gutenberg per il miglior romanzo straniero in Francia (1989). Nel 2007, sotto la direzione del regista inglese Mike Newell, ne viene tratto un film con la colonna sonora di Shakira, che M\u00e1rquez aveva intervistato anni prima per la rivista <em>Cambio<\/em>.<\/p>\n\n\n\n<figure class=\"wp-block-image size-large\"><img loading=\"lazy\" decoding=\"async\" width=\"1024\" height=\"358\" src=\"https:\/\/www.fastbookspa.it\/wp-content\/uploads\/2024\/03\/dellamore-e-di-altri-demoni-1024x358.jpg\" alt=\"\" class=\"wp-image-1166\" srcset=\"https:\/\/www.fastbookspa.it\/wp-content\/uploads\/2024\/03\/dellamore-e-di-altri-demoni-1024x358.jpg 1024w, https:\/\/www.fastbookspa.it\/wp-content\/uploads\/2024\/03\/dellamore-e-di-altri-demoni-300x105.jpg 300w, https:\/\/www.fastbookspa.it\/wp-content\/uploads\/2024\/03\/dellamore-e-di-altri-demoni-768x269.jpg 768w, https:\/\/www.fastbookspa.it\/wp-content\/uploads\/2024\/03\/dellamore-e-di-altri-demoni-1536x538.jpg 1536w, https:\/\/www.fastbookspa.it\/wp-content\/uploads\/2024\/03\/dellamore-e-di-altri-demoni.jpg 1600w\" sizes=\"auto, (max-width: 1024px) 100vw, 1024px\" \/><\/figure>\n\n\n\n<p><strong>DELL\u2019AMORE E DI ALTRI DEMONI<\/strong>, pubblicato in Italia nel 1994, racconta della passione disperata di un giovane sacerdote ed esorcista, Cayetano Delaura, per Sierva Mar\u00eda, una ragazza di dodici anni, destinata dal padre a morire nella prigionia di convento poich\u00e9 la rabbia trasmessale dal morso di un cane viene scambiata per possessione diabolica. Anche qui, l\u2019ispirazione alla storia viene da un dato di cronaca: il 26 ottobre 1949, Gabriel Garc\u00eda M\u00e1rquez, in veste di giornalista, veniva inviato nell&#8217;antico convento di Santa Clara ad assistere allo svuotamento delle cripte funerarie. Vengono riesumati i resti di un vicer\u00e9 del Per\u00f9 e della sua amante segreta, di un vescovo, di diverse badesse, di un baccelliere e di una marchesa. Quando viene scoperchiata la terza nicchia dell&#8217;altare maggiore, compare una chioma color rame lunga ventidue metri e undici centimetri, appartenente ad una ragazza. Sulla lapide dell&#8217;uomo si legge a malapena: Sierva Mar\u00eda de Todos los \u00c1ngeles.<\/p>\n\n\n\n<figure class=\"wp-block-image size-large\"><img loading=\"lazy\" decoding=\"async\" width=\"1024\" height=\"358\" src=\"https:\/\/www.fastbookspa.it\/wp-content\/uploads\/2024\/03\/memoria-delle-mie-puttane-tristi-1024x358.jpg\" alt=\"\" class=\"wp-image-1167\" srcset=\"https:\/\/www.fastbookspa.it\/wp-content\/uploads\/2024\/03\/memoria-delle-mie-puttane-tristi-1024x358.jpg 1024w, https:\/\/www.fastbookspa.it\/wp-content\/uploads\/2024\/03\/memoria-delle-mie-puttane-tristi-300x105.jpg 300w, https:\/\/www.fastbookspa.it\/wp-content\/uploads\/2024\/03\/memoria-delle-mie-puttane-tristi-768x269.jpg 768w, https:\/\/www.fastbookspa.it\/wp-content\/uploads\/2024\/03\/memoria-delle-mie-puttane-tristi-1536x538.jpg 1536w, https:\/\/www.fastbookspa.it\/wp-content\/uploads\/2024\/03\/memoria-delle-mie-puttane-tristi.jpg 1600w\" sizes=\"auto, (max-width: 1024px) 100vw, 1024px\" \/><\/figure>\n\n\n\n<p>Dieci anni dopo <em>Dell\u2019amore e di altri demoni<\/em> uscir\u00e0 quello che fino a che non \u00e8 stata annunciata la pubblicazione di <em>Ci vediamo in agosto<\/em> si riteneva l\u2019ultimo lavoro di narrativa del maestro colombiano. A proposito di <strong>MEMORIA DELLE MIE PUTTANE TRISTI<\/strong>, il critico Antonio D\u2019Orrico scrive nel 2004 definendolo \u00abun bolero in prosa dalle parole come pietre preziose e dai sentimenti come animali vivi\u00bb. E, aggiunge con un\u2019iperbole: \u00abOgni volta che M\u00e1rquez scrive la Terra torna a essere come era quando era il paradiso terrestre\u00bb.<\/p>\n\n\n\n<p><em>Memoria delle mie puttane tristi<\/em>, che annuncia fin dal titolo la miseria dei rapporti prezzolati, il sopruso sulle donne che essi celano, racconta di un vecchio giornalista che per festeggiare i novant\u2019anni si regala una vergine, una ragazzina di quattordici anni. In fondo, nulla di cos\u00ec straordinario per uno che nella vita, per il sesso, ha sempre pagato. Eppure, proprio quando l\u2019unica vera avventura che gli resta davanti \u00e8 quella della morte, incontrer\u00e0 in quest\u2019adolescente operaia, nella sua verginit\u00e0 in vendita, il suo primo sentimento d\u2019amore.<\/p>\n","protected":false},"excerpt":{"rendered":"<p>Dice in una vecchia, vecchissima intervista \u2013 erano passati appena quattro anni da che la gran fama aveva cominciato a investirlo: \u00abL&#8217;altro giorno, nel tempo morto tra un treno e l\u2019altro, mi sono rifugiato in un bar di Zurigo. Era tutto buio, un uomo suonava il pianoforte nell&#8217;ombra, e i pochi clienti che c&#8217;erano erano&#8230; <a class=\"read-more\" href=\"https:\/\/www.fastbookspa.it\/index.php\/2024\/03\/01\/focus-su-gabriel-garcia-marquez\/\">Continua a leggere<\/a><\/p>\n","protected":false},"author":14,"featured_media":1158,"comment_status":"open","ping_status":"open","sticky":false,"template":"","format":"standard","meta":{"footnotes":""},"categories":[7,14],"tags":[315,389,380,390],"class_list":["post-1156","post","type-post","status-publish","format-standard","has-post-thumbnail","hentry","category-blog","category-leggere","tag-centanni-di-solitudine","tag-ci-vediamo-in-agosto","tag-gabriel-garcia-marquez","tag-inedito-postumo"],"_links":{"self":[{"href":"https:\/\/www.fastbookspa.it\/index.php\/wp-json\/wp\/v2\/posts\/1156","targetHints":{"allow":["GET"]}}],"collection":[{"href":"https:\/\/www.fastbookspa.it\/index.php\/wp-json\/wp\/v2\/posts"}],"about":[{"href":"https:\/\/www.fastbookspa.it\/index.php\/wp-json\/wp\/v2\/types\/post"}],"author":[{"embeddable":true,"href":"https:\/\/www.fastbookspa.it\/index.php\/wp-json\/wp\/v2\/users\/14"}],"replies":[{"embeddable":true,"href":"https:\/\/www.fastbookspa.it\/index.php\/wp-json\/wp\/v2\/comments?post=1156"}],"version-history":[{"count":6,"href":"https:\/\/www.fastbookspa.it\/index.php\/wp-json\/wp\/v2\/posts\/1156\/revisions"}],"predecessor-version":[{"id":1174,"href":"https:\/\/www.fastbookspa.it\/index.php\/wp-json\/wp\/v2\/posts\/1156\/revisions\/1174"}],"wp:featuredmedia":[{"embeddable":true,"href":"https:\/\/www.fastbookspa.it\/index.php\/wp-json\/wp\/v2\/media\/1158"}],"wp:attachment":[{"href":"https:\/\/www.fastbookspa.it\/index.php\/wp-json\/wp\/v2\/media?parent=1156"}],"wp:term":[{"taxonomy":"category","embeddable":true,"href":"https:\/\/www.fastbookspa.it\/index.php\/wp-json\/wp\/v2\/categories?post=1156"},{"taxonomy":"post_tag","embeddable":true,"href":"https:\/\/www.fastbookspa.it\/index.php\/wp-json\/wp\/v2\/tags?post=1156"}],"curies":[{"name":"wp","href":"https:\/\/api.w.org\/{rel}","templated":true}]}}