{"id":1260,"date":"2024-04-19T10:00:18","date_gmt":"2024-04-19T08:00:18","guid":{"rendered":"https:\/\/www.fastbookspa.it\/?p=1260"},"modified":"2025-11-28T16:18:57","modified_gmt":"2025-11-28T15:18:57","slug":"leuropa-non-cade-dal-cielo","status":"publish","type":"post","link":"https:\/\/www.fastbookspa.it\/index.php\/2024\/04\/19\/leuropa-non-cade-dal-cielo\/","title":{"rendered":"L&#8217;EUROPA NON CADE DAL CIELO"},"content":{"rendered":"\n<p>Il 9 maggio 1950 il ministro degli esteri francese Robert Schuman, mentre le nazioni sono ancora impegnate a risollevarsi dalle conseguenze devastanti della Seconda guerra mondiale, si presenta alle telecamere e propone di creare una Comunit\u00e0 europea del carbone e dell&#8217;acciaio.<\/p>\n\n\n\n<p>\u00c8 una dichiarazione che segna la storia: la CECA \u00e8 la prima di una serie di istituzioni europee sovranazionali che condurranno all\u2019attuale Unione Europea \u2013 un mercato unico, uno spazio senza frontiere nel quale \u00e8 assicurata la libera circolazione delle merci, delle persone, dei servizi e dei capitali \u2013 oggi formata da 27 Paesi.<\/p>\n\n\n\n<p>\u00c8 innegabile che la UE sia stata in grado di garantire ai suoi cittadini decenni di pace, stabilit\u00e0, democrazia e benessere, ma sono numerose e difficili le sfide che si trova ad affrontare, dal calo demografico ai fenomeni migratori, dalla pandemia del Covid alla crisi finanziaria, dalla guerra russo-ucraina al dramma climatico. Lo scontento e sconcerto crescono, e in molti si interrogano sul senso, sull\u2019utilit\u00e0 dell\u2019Unione.<\/p>\n\n\n\n<p><strong>A CHE CI SERVE L\u2019EUROPA<\/strong>, pubblicato nel marzo di quest\u2019anno da Marsilio, propone un dialogo tra Emma Bonino, grande figura di politica italiana, da sempre fautrice dell\u2019ideale europeo, e Pier Virgilio Dastoli, per lungo tempo assistente parlamentare alla Camera di Altiero Spinelli, autore insieme a Ernesto Rossi del <em>Manifesto di Ventotene<\/em>. Il racconto appassionato di chi in prima persona ha partecipato alla realizzazione del progetto Europa pu\u00f2 aiutare a comprenderne il senso tuttora inalterato purch\u00e9, come scrive nella prefazione al libro Corrado Augias, citando Jacques Delors, si mantengano salde tre caratteristiche: la concorrenza che stimola, la solidariet\u00e0 che unisce e la cooperazione che rafforza.<\/p>\n\n\n\n<p>L\u2019idea di Europa non si manifesta solo nelle istituzioni, ma anche nella sua percezione da parte dei cittadini. Il britannico Timothy Garton Ash, professore di studi europei presso l&#8217;Universit\u00e0 di Oxford e di Stanford, giornalista e saggista, definisce la narrazione del suo <strong>PATRIE<\/strong> (Garzanti) \u201cuna storia illuminata dall\u2019autobiografia\u201d. Lo sforzo letterario che Garton Ash compie \u00e8 quello di miscelare in un unico testo resoconto personale e interpretazione della storia d\u2019Europa, all\u2019interno di due archi temporali sovrapposti: il periodo postbellico e quello post-muro. Nel riflettere su come l&#8217;Europa si sia lasciata alle spalle la devastazione delle armi e abbia costruito sulle macerie del muro di Berlino un futuro di democrazia, lo studioso rivolge un appello urgente ai cittadini di questo antico continente affinch\u00e9 comprendano e difendano ci\u00f2 che \u00e8 stato tanto faticosamente conquistato, e continuino a lavorare per un futuro condiviso.<\/p>\n\n\n\n<p>Un futuro condiviso messo in pericolo, oltre che dagli interessi commerciali difformi, dalle politiche internazionali spesso contraddittorie e dagli interventi di ordine ambientale ancora insufficienti, anche dalle ondate migratorie, gestite dall\u2019Unione con fragilit\u00e0 e scarsa concordia. <strong>IL SECOLO MOBILE<\/strong>, dello scrittore e giornalista Gabriele Del Grande, che con il suo blog Fortress Europe, online dal 2006, \u00e8 stato il primo osservatorio europeo a fare luce sui naufragi dei migranti senza visto annegati lungo le rotte del contrabbando nel Mediterraneo, rileva come a partire dal trattato di Schengen l\u2019ingresso in Europa sia precluso a gran parte della popolazione mondiale: cittadini poveri e prevalentemente non bianchi provenienti da numerosi paesi africani e asiatici ai quali non resta che tentare la traversata del Mediterraneo, andando spesso incontro alla morte in mare.<\/p>\n\n\n\n<figure class=\"wp-block-image size-large\"><img loading=\"lazy\" decoding=\"async\" width=\"1024\" height=\"358\" src=\"https:\/\/www.fastbookspa.it\/wp-content\/uploads\/2024\/04\/BLOG-EUROPA-1024x358.jpg\" alt=\"\" class=\"wp-image-1264\" srcset=\"https:\/\/www.fastbookspa.it\/wp-content\/uploads\/2024\/04\/BLOG-EUROPA-1024x358.jpg 1024w, https:\/\/www.fastbookspa.it\/wp-content\/uploads\/2024\/04\/BLOG-EUROPA-300x105.jpg 300w, https:\/\/www.fastbookspa.it\/wp-content\/uploads\/2024\/04\/BLOG-EUROPA-768x269.jpg 768w, https:\/\/www.fastbookspa.it\/wp-content\/uploads\/2024\/04\/BLOG-EUROPA-1536x537.jpg 1536w, https:\/\/www.fastbookspa.it\/wp-content\/uploads\/2024\/04\/BLOG-EUROPA-2048x717.jpg 2048w\" sizes=\"auto, (max-width: 1024px) 100vw, 1024px\" \/><\/figure>\n\n\n\n<p>Grazie a un\u2019analisi rigorosa, accurata e sistematica del fenomeno della migrazione, lo studioso formula una precisa proposta: l\u2019Ue dovrebbe superare il sistema dei visti e riportare i flussi migratori nei canali legali. Si tratterebbe, dunque, di instaurare un regime di libera circolazione affinch\u00e9 la mobilit\u00e0 non resti un privilegio riservato a pochi. Sarebbe \u2013 conclude Del Grande \u2013 \u201cil miglior deterrente alle guerre e la garanzia di un ordine mondiale pi\u00f9 giusto\u201d.<\/p>\n\n\n\n<p>In un\u2019epoca globalizzata come l\u2019attuale, l\u2019Europa non pu\u00f2 prescindere, oltre che dai conflitti sui suoi territori, anche da quelli in atto nel resto del mondo. Manlio Graziano, esperto di geopolitica e docente alla Paris School of International Affairs di SciencesPo e alla Sorbona, in <strong>DISORDINE MONDIALE<\/strong>, uscito per Mondadori all\u2019inizio di quest\u2019anno, afferma che \u00abil carattere caotico e conflittuale della politica mondiale \u00e8 destinato a durare. Solo con questa consapevolezza possiamo affrontare le sfide che ci attendono negli anni a venire<a>\u00bb<\/a>.<\/p>\n\n\n\n<p>Ancora Manlio Graziano, nell\u2019introduzione: \u00abSe un ordine mondiale \u00e8 impossibile, quel che resta \u00e8 un crescente disordine mondiale\u00bb. L\u2019autore, bandendo qualsiasi tentazione autosuggestiva &#8211; la cantilena scaramantica che ci ha cullati in epoca di Covid, \u201candr\u00e0 tutto bene\u201d, ha dimostrato la sua inefficacia &#8211; si augura che questo suo libro possa accendere, da qualche parte, un lumino di curiosit\u00e0 che permetta ad alcuni di affrontare con un grammo di consapevolezza in pi\u00f9 le sfide difficili che, come europei, ci attendono negli anni a venire.<\/p>\n\n\n\n<p>E l\u2019occasione per restituire smalto e fattivit\u00e0 all\u2019Unione si presenter\u00e0 a breve, quando, dal 6 al 9 giugno 2024, si terranno le elezioni per il Parlamento europeo. <strong>QUALE EUROPA<\/strong> (Donzelli), scritto dal Forum Disuguaglianze Diversit\u00e0 e curato da Elena Granaglia e Gloria Riva, pur sottolineandone i limiti &#8211; l\u2019iper-regolazione, le lobbies, gli stalli decisionali, la scarsa democraticit\u00e0, lo svilimento delle politiche pubbliche &#8211; riafferma con forza la centralit\u00e0 dell\u2019Unione, che pu\u00f2 e deve riprendere in mano la sua missione fondante, quella di coniugare nel vasto territorio europeo pace, libert\u00e0, sviluppo, democrazia e diritti sociali.<\/p>\n\n\n\n<p>Il libro, ovviamente, non contiene un\u2019indicazione di voto ma, oltre ad una lucida analisi dello stato dell\u2019arte dell\u2019Unione ad oggi, d\u00e0 conto delle proposte che una politica progressista e lungimirante dovrebbe presentare alla platea di votanti.<\/p>\n","protected":false},"excerpt":{"rendered":"<p>Il 9 maggio 1950 il ministro degli esteri francese Robert Schuman, mentre le nazioni sono ancora impegnate a risollevarsi dalle conseguenze devastanti della Seconda guerra mondiale, si presenta alle telecamere e propone di creare una Comunit\u00e0 europea del carbone e dell&#8217;acciaio. \u00c8 una dichiarazione che segna la storia: la CECA \u00e8 la prima di una&#8230; <a class=\"read-more\" href=\"https:\/\/www.fastbookspa.it\/index.php\/2024\/04\/19\/leuropa-non-cade-dal-cielo\/\">Continua a leggere<\/a><\/p>\n","protected":false},"author":14,"featured_media":1261,"comment_status":"open","ping_status":"open","sticky":false,"template":"","format":"standard","meta":{"footnotes":""},"categories":[455,619],"tags":[411,408,412,410,409],"class_list":["post-1260","post","type-post","status-publish","format-standard","has-post-thumbnail","hentry","category-libri","category-attualita-blog","tag-elezioni","tag-europa","tag-parlamento-europeo","tag-ue","tag-unione-europea"],"_links":{"self":[{"href":"https:\/\/www.fastbookspa.it\/index.php\/wp-json\/wp\/v2\/posts\/1260","targetHints":{"allow":["GET"]}}],"collection":[{"href":"https:\/\/www.fastbookspa.it\/index.php\/wp-json\/wp\/v2\/posts"}],"about":[{"href":"https:\/\/www.fastbookspa.it\/index.php\/wp-json\/wp\/v2\/types\/post"}],"author":[{"embeddable":true,"href":"https:\/\/www.fastbookspa.it\/index.php\/wp-json\/wp\/v2\/users\/14"}],"replies":[{"embeddable":true,"href":"https:\/\/www.fastbookspa.it\/index.php\/wp-json\/wp\/v2\/comments?post=1260"}],"version-history":[{"count":2,"href":"https:\/\/www.fastbookspa.it\/index.php\/wp-json\/wp\/v2\/posts\/1260\/revisions"}],"predecessor-version":[{"id":1265,"href":"https:\/\/www.fastbookspa.it\/index.php\/wp-json\/wp\/v2\/posts\/1260\/revisions\/1265"}],"wp:featuredmedia":[{"embeddable":true,"href":"https:\/\/www.fastbookspa.it\/index.php\/wp-json\/wp\/v2\/media\/1261"}],"wp:attachment":[{"href":"https:\/\/www.fastbookspa.it\/index.php\/wp-json\/wp\/v2\/media?parent=1260"}],"wp:term":[{"taxonomy":"category","embeddable":true,"href":"https:\/\/www.fastbookspa.it\/index.php\/wp-json\/wp\/v2\/categories?post=1260"},{"taxonomy":"post_tag","embeddable":true,"href":"https:\/\/www.fastbookspa.it\/index.php\/wp-json\/wp\/v2\/tags?post=1260"}],"curies":[{"name":"wp","href":"https:\/\/api.w.org\/{rel}","templated":true}]}}