{"id":1353,"date":"2024-06-28T09:50:35","date_gmt":"2024-06-28T07:50:35","guid":{"rendered":"https:\/\/www.fastbookspa.it\/?p=1353"},"modified":"2024-06-28T10:04:29","modified_gmt":"2024-06-28T08:04:29","slug":"storia-di-mia-vita","status":"publish","type":"post","link":"https:\/\/www.fastbookspa.it\/index.php\/2024\/06\/28\/storia-di-mia-vita\/","title":{"rendered":"STORIA DI MIA VITA"},"content":{"rendered":"\n<p><strong>STORIA DI MIA VITA<\/strong>, di Janek Gorczyca, gi\u00e0 dal titolo esprime la sua originalit\u00e0. Non \u00e8 un libro come gli altri quello che Sellerio ha deciso di dare alle stampe, per la storia che racconta e per la lingua con cui \u00e8 scritto. Una lingua essenziale e cruda. Forgiata da un non madrelingua eppure comprensibilissima.<\/p>\n\n\n\n<p>\u00c8 un debutto letterario, quello dell\u2019homeless Janek Gorczyca, che spiazza, sorprende e cattura. \u00c8 la storia in poco pi\u00f9 di centoquaranta pagine dei trent\u2019anni anni vissuti da Janek a Roma, senza casa e senza un posto fisso di lavoro, tirando a campare e dormendo dove capita, un amore grande per Marta, polacca come lui, una passione smodata per alcolici e sigarette.<\/p>\n\n\n\n<p>Grazie allo scrittore Christian Raimo, che conosce Janek da vent\u2019anni, per essersi preso la briga di presentarsi un giorno nella redazione di Sellerio con i quaderni dell\u2019amico clochard scritti a mano. Grazie per averci aiutato a ri-scoprire che dai diamanti non nasce niente, dal letame nascono i fiori.<\/p>\n\n\n\n<p>Un primo \u201csorso\u201d delle pagine di <em>Storia di mia vita<\/em>.<\/p>\n\n\n\n<p>\u00abQuesto sar\u00e0 un breve racconto di mia esperienza sulla vita per la strada. Tutto comincia nel 1998 di ottobre, io sto in una stanza a Campo dei fiori, contratto di lavoro scaduto, permesso di soggiorno uguale, ho un milione e mezzo di lire in tasca, e penso come riprendere tutto, ma non \u00e8 facile.<\/p>\n\n\n\n<p>Per carattere mio quando mi annoio decido di cercare amici di vecchia data, e un pomeriggio vado a Montesacro, perch\u00e9 sapevo che c\u2019\u00e8 qualcuno che l\u00ec chiede elemosina al semaforo e anche sotto la chiesa. Infatti li trovo. Trovo tutti a piazza Primoli accampati di giorno nel parco (dove \u00e8 il mercato di marted\u00ec e di sabato) e di notte dormono sotto il negozio ex Levis di fronte all\u2019ex Gs (adesso Carrefour) sopra i cartoni. La mattina caricano tutte le coperte sui carrelli di spesa e vanno nel parco. Vivono di elemosina sia per la strada che davanti alla parrocchia. Gente del quartiere gli d\u00e0 una mano. Il vino \u00e8 onnipresente, la sera gli portano cena da tavola calda tutto quello rimasto da pranzo nel posto dove era proprietario Mimmo (adesso \u00e8 in mano dei cinesi). Comunque decido di fermarmi qualche giorno. Subito la gente che mi sta aiutando si interessa di me per varie ragioni, il mio italiano, il mio comportamento. Parlando esce fuori che mestiere mio \u00e8 il fabbro. Mi accompagnano in una officina vicino, da Gino. Lui sorpreso dal mio italiano mi assume\u2026\u00bb<\/p>\n\n\n\n<figure class=\"wp-block-image size-large\"><img loading=\"lazy\" decoding=\"async\" width=\"1024\" height=\"576\" src=\"https:\/\/www.fastbookspa.it\/wp-content\/uploads\/2024\/06\/storia-di-mia-vita-2-1024x576.jpg\" alt=\"\" class=\"wp-image-1357\" srcset=\"https:\/\/www.fastbookspa.it\/wp-content\/uploads\/2024\/06\/storia-di-mia-vita-2-1024x576.jpg 1024w, https:\/\/www.fastbookspa.it\/wp-content\/uploads\/2024\/06\/storia-di-mia-vita-2-300x169.jpg 300w, https:\/\/www.fastbookspa.it\/wp-content\/uploads\/2024\/06\/storia-di-mia-vita-2-768x432.jpg 768w, https:\/\/www.fastbookspa.it\/wp-content\/uploads\/2024\/06\/storia-di-mia-vita-2.jpg 1280w\" sizes=\"auto, (max-width: 1024px) 100vw, 1024px\" \/><\/figure>\n","protected":false},"excerpt":{"rendered":"<p>STORIA DI MIA VITA, di Janek Gorczyca, gi\u00e0 dal titolo esprime la sua originalit\u00e0. Non \u00e8 un libro come gli altri quello che Sellerio ha deciso di dare alle stampe, per la storia che racconta e per la lingua con cui \u00e8 scritto. Una lingua essenziale e cruda. Forgiata da un non madrelingua eppure comprensibilissima&#8230;. <a class=\"read-more\" href=\"https:\/\/www.fastbookspa.it\/index.php\/2024\/06\/28\/storia-di-mia-vita\/\">Continua a leggere<\/a><\/p>\n","protected":false},"author":14,"featured_media":1356,"comment_status":"open","ping_status":"open","sticky":false,"template":"","format":"standard","meta":{"footnotes":""},"categories":[7,14],"tags":[428,429,50,430],"class_list":["post-1353","post","type-post","status-publish","format-standard","has-post-thumbnail","hentry","category-blog","category-leggere","tag-homeless","tag-janek-gorczyca","tag-sellerio","tag-storia-di-mia-vita"],"_links":{"self":[{"href":"https:\/\/www.fastbookspa.it\/index.php\/wp-json\/wp\/v2\/posts\/1353","targetHints":{"allow":["GET"]}}],"collection":[{"href":"https:\/\/www.fastbookspa.it\/index.php\/wp-json\/wp\/v2\/posts"}],"about":[{"href":"https:\/\/www.fastbookspa.it\/index.php\/wp-json\/wp\/v2\/types\/post"}],"author":[{"embeddable":true,"href":"https:\/\/www.fastbookspa.it\/index.php\/wp-json\/wp\/v2\/users\/14"}],"replies":[{"embeddable":true,"href":"https:\/\/www.fastbookspa.it\/index.php\/wp-json\/wp\/v2\/comments?post=1353"}],"version-history":[{"count":2,"href":"https:\/\/www.fastbookspa.it\/index.php\/wp-json\/wp\/v2\/posts\/1353\/revisions"}],"predecessor-version":[{"id":1358,"href":"https:\/\/www.fastbookspa.it\/index.php\/wp-json\/wp\/v2\/posts\/1353\/revisions\/1358"}],"wp:featuredmedia":[{"embeddable":true,"href":"https:\/\/www.fastbookspa.it\/index.php\/wp-json\/wp\/v2\/media\/1356"}],"wp:attachment":[{"href":"https:\/\/www.fastbookspa.it\/index.php\/wp-json\/wp\/v2\/media?parent=1353"}],"wp:term":[{"taxonomy":"category","embeddable":true,"href":"https:\/\/www.fastbookspa.it\/index.php\/wp-json\/wp\/v2\/categories?post=1353"},{"taxonomy":"post_tag","embeddable":true,"href":"https:\/\/www.fastbookspa.it\/index.php\/wp-json\/wp\/v2\/tags?post=1353"}],"curies":[{"name":"wp","href":"https:\/\/api.w.org\/{rel}","templated":true}]}}