{"id":1491,"date":"2024-10-25T11:28:10","date_gmt":"2024-10-25T09:28:10","guid":{"rendered":"https:\/\/www.fastbookspa.it\/?p=1491"},"modified":"2024-10-28T10:43:53","modified_gmt":"2024-10-28T09:43:53","slug":"la-libreria-si-veste-a-festa-libri-imperdibili-per-lettori-in-erba","status":"publish","type":"post","link":"https:\/\/www.fastbookspa.it\/index.php\/2024\/10\/25\/la-libreria-si-veste-a-festa-libri-imperdibili-per-lettori-in-erba\/","title":{"rendered":"La libreria si veste a festa: libri imperdibili per lettori in erba"},"content":{"rendered":"\n<p class=\"has-text-align-left\">Il periodo natalizio per le librerie \u00e8 come il gran finale di un concerto rock: il momento pi\u00f9 atteso, quello decisivo, destinato a restare nella memoria dei fan. Non alludiamo solo alle giornate frenetiche di dicembre, ma a quella lunga &#8220;maratona&#8221; che inizia gi\u00e0 a fine settembre-inizio ottobre, quando gli editori partono all\u2019assalto della platea di lettori con le loro migliori novit\u00e0 dell&#8217;anno. E proprio come una band che si prepara al tutto esaurito, anche libraie e librai si trovano oggi a costruire la migliore &#8220;scaletta&#8221; possibile, sulla base della quale \u201csuoneranno\u201d di qui a Natale. Avere sugli scaffali una selezione aggiornata, ricca e ben pensata di <strong>libri per bambini<\/strong> e <strong>ragazzi<\/strong> \u00e8 la chiave per non perdere il \u201critmo\u201d delle vendite natalizie.<\/p>\n\n\n\n<p class=\"has-text-align-left\">La sfida? Bilanciare le novit\u00e0 fresche di stampa con quei titoli che sono ormai delle \u201chit\u201d garantite, anno dopo anno. Ora diamo uno sguardo a venti titoli di catalogo che secondo noi sono imperdibili. Nella prossima newsletter ci occuperemo invece delle Novit\u00e0. Abbiamo raggruppato i titoli per et\u00e0 suggerita, per aiutarti a preparare al meglio il tuo \u201crepertorio\u201d di <strong>letture di Natale<\/strong>. La tua libreria \u201cvestita\u201d per il Natale sar\u00e0 bellissima, ma saranno le tue scelte di assortimento a rendere irresistibili i tuoi scaffali.<\/p>\n\n\n\n<h2 class=\"wp-block-heading has-primary-color has-text-color has-link-color wp-elements-f6e75eed0cabd98cd07079eac71ca548\"><strong>Libri per i pi\u00f9 piccoli (fino a 5 anni)<\/strong><\/h2>\n\n\n\n<div class=\"wp-block-group alignwide has-global-padding is-layout-constrained wp-block-group-is-layout-constrained\">\n<div class=\"wp-block-columns alignwide are-vertically-aligned-top is-layout-flex wp-container-core-columns-is-layout-b4920ba8 wp-block-columns-is-layout-flex\">\n<div class=\"wp-block-column is-vertically-aligned-top is-layout-flow wp-block-column-is-layout-flow\" style=\"flex-basis:50%\">\n<div class=\"wp-block-columns is-layout-flex wp-container-core-columns-is-layout-28f84493 wp-block-columns-is-layout-flex\">\n<div class=\"wp-block-column is-layout-flow wp-block-column-is-layout-flow\" style=\"flex-basis:50%\">\n<div class=\"wp-block-columns is-layout-flex wp-container-core-columns-is-layout-28f84493 wp-block-columns-is-layout-flex\">\n<div class=\"wp-block-column is-layout-flow wp-block-column-is-layout-flow\" style=\"flex-basis:100%\">\n<p class=\"has-text-align-left\"><strong>&#8220;Il Piccolo Bruco Maisazio&#8221; di Eric Carle<\/strong> &#8211; Mondadori, EAN: 9788804323327<br>Un classico intramontabile, adatto anche ai pi\u00f9 piccoli. La storia del <a href=\"https:\/\/it.wikipedia.org\/wiki\/Il_piccolo_Bruco_Maisazio\" target=\"_blank\" rel=\"noopener\">Bruco Maisazio<\/a> che si trasforma in una farfalla non smette di incantare bambini e genitori. Le illustrazioni vivaci e il formato semplice rendono questo libro un vero e proprio must-have, perfetto come <strong>regalo di Natale per bambini<\/strong>.<\/p>\n<\/div>\n<\/div>\n<\/div>\n\n\n\n<div class=\"wp-block-column is-layout-flow wp-block-column-is-layout-flow\" style=\"flex-basis:50%\">\n<figure class=\"wp-block-image\"><img loading=\"lazy\" decoding=\"async\" width=\"1024\" height=\"731\" src=\"https:\/\/www.fastbookspa.it\/wp-content\/uploads\/2024\/10\/bruco-maisazio-2-1024x731.jpg\" alt=\"\" class=\"wp-image-1499\" srcset=\"https:\/\/www.fastbookspa.it\/wp-content\/uploads\/2024\/10\/bruco-maisazio-2-1024x731.jpg 1024w, https:\/\/www.fastbookspa.it\/wp-content\/uploads\/2024\/10\/bruco-maisazio-2-300x214.jpg 300w, https:\/\/www.fastbookspa.it\/wp-content\/uploads\/2024\/10\/bruco-maisazio-2-768x548.jpg 768w, https:\/\/www.fastbookspa.it\/wp-content\/uploads\/2024\/10\/bruco-maisazio-2.jpg 1500w\" sizes=\"auto, (max-width: 1024px) 100vw, 1024px\" \/><\/figure>\n<\/div>\n<\/div>\n<\/div>\n<\/div>\n\n\n\n<div class=\"wp-block-columns alignwide is-layout-flex wp-container-core-columns-is-layout-28f84493 wp-block-columns-is-layout-flex\">\n<div class=\"wp-block-column is-layout-flow wp-block-column-is-layout-flow\" style=\"flex-basis:50%\">\n<div class=\"wp-block-columns is-layout-flex wp-container-core-columns-is-layout-28f84493 wp-block-columns-is-layout-flex\">\n<div class=\"wp-block-column is-layout-flow wp-block-column-is-layout-flow\" style=\"flex-basis:50%\">\n<figure class=\"wp-block-image size-full\"><img loading=\"lazy\" decoding=\"async\" width=\"709\" height=\"960\" src=\"https:\/\/www.fastbookspa.it\/wp-content\/uploads\/2024\/10\/gruffalo-5.jpg\" alt=\"\" class=\"wp-image-1504\" srcset=\"https:\/\/www.fastbookspa.it\/wp-content\/uploads\/2024\/10\/gruffalo-5.jpg 709w, https:\/\/www.fastbookspa.it\/wp-content\/uploads\/2024\/10\/gruffalo-5-222x300.jpg 222w\" sizes=\"auto, (max-width: 709px) 100vw, 709px\" \/><\/figure>\n<\/div>\n\n\n\n<div class=\"wp-block-column is-layout-flow wp-block-column-is-layout-flow\" style=\"flex-basis:50%\">\n<p><strong>&#8220;Il Gruffal\u00f2&#8221; di Julia Donaldson<\/strong> &#8211; Emme Edizioni, EAN: 9788867143337<br>La storia del piccolo topo che si trova a dover affrontare l\u2019apparente terribile <a href=\"https:\/\/it.wikipedia.org\/wiki\/A_spasso_col_mostro\" target=\"_blank\" rel=\"noopener\">Gruffal\u00f2<\/a>. Le rime e l&#8217;ironia di questo libro illustrato lo rendono una lettura amatissima dai pi\u00f9 piccoli. \u00c8 bene ricordare che le avventure del Gruffal\u00f2 non finiscono qui: altri titoli della serie, come <em>&#8220;Gruffal\u00f2 e la sua piccolina&#8221;<\/em>, <em>\u201cIl Gruffal\u00f2 e i suoi amici\u201d<\/em> o <em>\u201cIl Gruffal\u00f2. Libro sonoro\u201d<\/em>, arricchiscono ulteriormente l\u2019esperienza di lettura, rendendo questi libri perfetti per una collezione natalizia.<\/p>\n\n\n\n<p><\/p>\n<\/div>\n<\/div>\n<\/div>\n<\/div>\n\n\n\n<div class=\"wp-block-columns alignwide is-layout-flex wp-container-core-columns-is-layout-28f84493 wp-block-columns-is-layout-flex\">\n<div class=\"wp-block-column is-layout-flow wp-block-column-is-layout-flow\" style=\"flex-basis:50%\">\n<div class=\"wp-block-columns is-layout-flex wp-container-core-columns-is-layout-28f84493 wp-block-columns-is-layout-flex\">\n<div class=\"wp-block-column is-layout-flow wp-block-column-is-layout-flow\" style=\"flex-basis:50%\">\n<p><strong>&#8220;I colori delle emozioni&#8221; di Anna Llenas<\/strong> &#8211; Gribaudo, EAN: 9788858012536<br>Un libro illustrato che aiuta i bambini a riconoscere e capire le emozioni attraverso colori e immagini. Uno strumento prezioso per i pi\u00f9 piccoli, che combina lettura e apprendimento emotivo, ideale per i momenti di condivisione in famiglia durante il Natale.<\/p>\n<\/div>\n\n\n\n<div class=\"wp-block-column is-layout-flow wp-block-column-is-layout-flow\" style=\"flex-basis:50%\">\n<figure class=\"wp-block-image size-full\"><img loading=\"lazy\" decoding=\"async\" width=\"709\" height=\"610\" src=\"https:\/\/www.fastbookspa.it\/wp-content\/uploads\/2024\/10\/colori-emozioni-4.jpg\" alt=\"\" class=\"wp-image-1507\" srcset=\"https:\/\/www.fastbookspa.it\/wp-content\/uploads\/2024\/10\/colori-emozioni-4.jpg 709w, https:\/\/www.fastbookspa.it\/wp-content\/uploads\/2024\/10\/colori-emozioni-4-300x258.jpg 300w\" sizes=\"auto, (max-width: 709px) 100vw, 709px\" \/><\/figure>\n<\/div>\n<\/div>\n<\/div>\n<\/div>\n\n\n\n<div class=\"wp-block-columns alignwide is-layout-flex wp-container-core-columns-is-layout-28f84493 wp-block-columns-is-layout-flex\">\n<div class=\"wp-block-column is-layout-flow wp-block-column-is-layout-flow\" style=\"flex-basis:50%\">\n<div class=\"wp-block-columns is-layout-flex wp-container-core-columns-is-layout-28f84493 wp-block-columns-is-layout-flex\">\n<div class=\"wp-block-column is-layout-flow wp-block-column-is-layout-flow\" style=\"flex-basis:50%\">\n<figure class=\"wp-block-image size-full\"><img loading=\"lazy\" decoding=\"async\" width=\"709\" height=\"857\" src=\"https:\/\/www.fastbookspa.it\/wp-content\/uploads\/2024\/10\/favole-di-esopo.jpg\" alt=\"\" class=\"wp-image-1508\" srcset=\"https:\/\/www.fastbookspa.it\/wp-content\/uploads\/2024\/10\/favole-di-esopo.jpg 709w, https:\/\/www.fastbookspa.it\/wp-content\/uploads\/2024\/10\/favole-di-esopo-248x300.jpg 248w\" sizes=\"auto, (max-width: 709px) 100vw, 709px\" \/><\/figure>\n<\/div>\n\n\n\n<div class=\"wp-block-column is-layout-flow wp-block-column-is-layout-flow\" style=\"flex-basis:50%\">\n<p><strong>&#8220;Favole di Esopo&#8221;<\/strong> &#8211; Gribaudo, EAN: 9788858012963<br>Una raccolta di favole classiche, riproposte in una veste illustrata moderna. Un regalo perfetto per introdurre bambine e bambini al mondo delle storie, soprattutto durante il periodo natalizio, quando le <strong>letture per bambini<\/strong> diventano un momento magico.<\/p>\n<\/div>\n<\/div>\n<\/div>\n<\/div>\n\n\n\n<div class=\"wp-block-columns alignwide is-layout-flex wp-container-core-columns-is-layout-28f84493 wp-block-columns-is-layout-flex\">\n<div class=\"wp-block-column is-layout-flow wp-block-column-is-layout-flow\" style=\"flex-basis:50%\">\n<div class=\"wp-block-columns is-layout-flex wp-container-core-columns-is-layout-28f84493 wp-block-columns-is-layout-flex\">\n<div class=\"wp-block-column is-layout-flow wp-block-column-is-layout-flow\" style=\"flex-basis:50%\">\n<p><strong>&#8220;Il trenino della pip\u00ec. Ciuf Ciuf!&#8221; (Bing) &#8211; Giunti, EAN: <\/strong>9788809909410<br>Una storia semplice e divertente che segue le avventure di Bing, coniglietto amatissimo dai pi\u00f9 piccoli che ritrovano nella sua inesperienza la loro stessa voglia di imparare e di scoprire il mondo. Questa \u00e8 solo una delle storie con protagonista Bing: tutti i libri della serie offrono racconti divertenti sull\u2019avventura di crescere, perfetti per le letture natalizie.<\/p>\n<\/div>\n\n\n\n<div class=\"wp-block-column is-layout-flow wp-block-column-is-layout-flow\" style=\"flex-basis:50%\">\n<figure class=\"wp-block-image size-full\"><img loading=\"lazy\" decoding=\"async\" width=\"709\" height=\"710\" src=\"https:\/\/www.fastbookspa.it\/wp-content\/uploads\/2024\/10\/bing.jpg\" alt=\"\" class=\"wp-image-1509\" srcset=\"https:\/\/www.fastbookspa.it\/wp-content\/uploads\/2024\/10\/bing.jpg 709w, https:\/\/www.fastbookspa.it\/wp-content\/uploads\/2024\/10\/bing-300x300.jpg 300w, https:\/\/www.fastbookspa.it\/wp-content\/uploads\/2024\/10\/bing-150x150.jpg 150w\" sizes=\"auto, (max-width: 709px) 100vw, 709px\" \/><\/figure>\n<\/div>\n<\/div>\n<\/div>\n<\/div>\n\n\n\n<div class=\"wp-block-columns alignwide is-layout-flex wp-container-core-columns-is-layout-28f84493 wp-block-columns-is-layout-flex\">\n<div class=\"wp-block-column is-layout-flow wp-block-column-is-layout-flow\" style=\"flex-basis:50%\">\n<div class=\"wp-block-columns is-layout-flex wp-container-core-columns-is-layout-28f84493 wp-block-columns-is-layout-flex\">\n<div class=\"wp-block-column is-layout-flow wp-block-column-is-layout-flow\" style=\"flex-basis:50%\">\n<figure class=\"wp-block-image size-full\"><img loading=\"lazy\" decoding=\"async\" width=\"709\" height=\"557\" src=\"https:\/\/www.fastbookspa.it\/wp-content\/uploads\/2024\/10\/a-piu-tardi-babalibri.jpg\" alt=\"\" class=\"wp-image-1510\" srcset=\"https:\/\/www.fastbookspa.it\/wp-content\/uploads\/2024\/10\/a-piu-tardi-babalibri.jpg 709w, https:\/\/www.fastbookspa.it\/wp-content\/uploads\/2024\/10\/a-piu-tardi-babalibri-300x236.jpg 300w\" sizes=\"auto, (max-width: 709px) 100vw, 709px\" \/><\/figure>\n<\/div>\n\n\n\n<div class=\"wp-block-column is-layout-flow wp-block-column-is-layout-flow\" style=\"flex-basis:50%\">\n<p><strong>&#8220;A pi\u00f9 tardi!&#8221; di Jeanne Ashb\u00e9<\/strong> &#8211; Babalibri, EAN: 9788883624551<br>Un libro dolce e colorato che racconta l&#8217;esperienza dell&#8217;attesa e del ritorno, perfetto per i pi\u00f9 piccoli che iniziano a scoprire il concetto del tempo e delle separazioni momentanee. Le illustrazioni tenere e semplici sono ideali per lettori dai 3 anni in su.<\/p>\n<\/div>\n<\/div>\n<\/div>\n<\/div>\n\n\n\n<div class=\"wp-block-columns alignwide is-layout-flex wp-container-core-columns-is-layout-28f84493 wp-block-columns-is-layout-flex\">\n<div class=\"wp-block-column is-layout-flow wp-block-column-is-layout-flow\" style=\"flex-basis:50%\">\n<div class=\"wp-block-columns is-layout-flex wp-container-core-columns-is-layout-28f84493 wp-block-columns-is-layout-flex\">\n<div class=\"wp-block-column is-layout-flow wp-block-column-is-layout-flow\" style=\"flex-basis:50%\">\n<p><strong>&#8220;La Strega Rossella&#8221; di Julia Donaldson<\/strong> &#8211; Emme Edizioni, EAN: 9788867144341<br>Una <a href=\"https:\/\/it.wikipedia.org\/wiki\/La_strega_Rossella\" target=\"_blank\" rel=\"noopener\">strega <\/a>dal cuore tenero, il suo gatto e una magica scopa sono al centro di questa storia. Ideale per i lettori pi\u00f9 giovani che si avvicinano alla lettura, soprattutto in vista delle <strong>letture natalizie per bambini<\/strong>.<\/p>\n<\/div>\n\n\n\n<div class=\"wp-block-column is-layout-flow wp-block-column-is-layout-flow\" style=\"flex-basis:50%\">\n<figure class=\"wp-block-image size-full\"><img loading=\"lazy\" decoding=\"async\" width=\"709\" height=\"978\" src=\"https:\/\/www.fastbookspa.it\/wp-content\/uploads\/2024\/10\/Strega-rossella.jpg\" alt=\"\" class=\"wp-image-1511\" srcset=\"https:\/\/www.fastbookspa.it\/wp-content\/uploads\/2024\/10\/Strega-rossella.jpg 709w, https:\/\/www.fastbookspa.it\/wp-content\/uploads\/2024\/10\/Strega-rossella-217x300.jpg 217w\" sizes=\"auto, (max-width: 709px) 100vw, 709px\" \/><\/figure>\n<\/div>\n<\/div>\n<\/div>\n<\/div>\n\n\n\n<div class=\"wp-block-columns alignwide is-layout-flex wp-container-core-columns-is-layout-28f84493 wp-block-columns-is-layout-flex\">\n<div class=\"wp-block-column is-layout-flow wp-block-column-is-layout-flow\" style=\"flex-basis:50%\">\n<div class=\"wp-block-columns is-layout-flex wp-container-core-columns-is-layout-28f84493 wp-block-columns-is-layout-flex\">\n<div class=\"wp-block-column is-layout-flow wp-block-column-is-layout-flow\" style=\"flex-basis:50%\">\n<figure class=\"wp-block-image size-full\"><img loading=\"lazy\" decoding=\"async\" width=\"709\" height=\"640\" src=\"https:\/\/www.fastbookspa.it\/wp-content\/uploads\/2024\/10\/Jonty-pinguino.jpg\" alt=\"\" class=\"wp-image-1512\" srcset=\"https:\/\/www.fastbookspa.it\/wp-content\/uploads\/2024\/10\/Jonty-pinguino.jpg 709w, https:\/\/www.fastbookspa.it\/wp-content\/uploads\/2024\/10\/Jonty-pinguino-300x271.jpg 300w\" sizes=\"auto, (max-width: 709px) 100vw, 709px\" \/><\/figure>\n<\/div>\n\n\n\n<div class=\"wp-block-column is-layout-flow wp-block-column-is-layout-flow\" style=\"flex-basis:50%\">\n<p><strong>&#8220;Jonty. Le avventure di un pinguino&#8221; di Julia Donaldson<\/strong> &#8211; Emme Edizioni, EAN: 9788829605750<br>Un libro per chi ama le storie vivaci e avventurose. Jonty \u00e8 un intrepido pinguino che coinvolger\u00e0 i lettori in una serie di esilaranti avventure.<\/p>\n<\/div>\n<\/div>\n<\/div>\n<\/div>\n\n\n\n<div class=\"wp-block-columns alignwide is-layout-flex wp-container-core-columns-is-layout-28f84493 wp-block-columns-is-layout-flex\">\n<div class=\"wp-block-column is-layout-flow wp-block-column-is-layout-flow\" style=\"flex-basis:50%\">\n<div class=\"wp-block-columns is-layout-flex wp-container-core-columns-is-layout-28f84493 wp-block-columns-is-layout-flex\">\n<div class=\"wp-block-column is-layout-flow wp-block-column-is-layout-flow\" style=\"flex-basis:50%\">\n<p><strong>&#8220;Libro pianoforte della fattoria&#8221; di Anna Casalis<\/strong> &#8211; Dami Editore, EAN: 9791259744098<br>La scelta creativa che mette insieme la lettura a un primo approccio con la musica. Un must-have in libreria con 8 famose canzoncine da leggere, cantare e suonare.<\/p>\n\n\n\n<p><\/p>\n<\/div>\n\n\n\n<div class=\"wp-block-column is-layout-flow wp-block-column-is-layout-flow\" style=\"flex-basis:50%\">\n<figure class=\"wp-block-image size-full\"><img loading=\"lazy\" decoding=\"async\" width=\"709\" height=\"738\" src=\"https:\/\/www.fastbookspa.it\/wp-content\/uploads\/2024\/10\/Libro-piano-Dami.jpg\" alt=\"\" class=\"wp-image-1513\" srcset=\"https:\/\/www.fastbookspa.it\/wp-content\/uploads\/2024\/10\/Libro-piano-Dami.jpg 709w, https:\/\/www.fastbookspa.it\/wp-content\/uploads\/2024\/10\/Libro-piano-Dami-288x300.jpg 288w\" sizes=\"auto, (max-width: 709px) 100vw, 709px\" \/><\/figure>\n<\/div>\n<\/div>\n<\/div>\n<\/div>\n\n\n\n<div class=\"wp-block-columns alignwide is-layout-flex wp-container-core-columns-is-layout-28f84493 wp-block-columns-is-layout-flex\">\n<div class=\"wp-block-column is-layout-flow wp-block-column-is-layout-flow\" style=\"flex-basis:50%\">\n<div class=\"wp-block-columns is-layout-flex wp-container-core-columns-is-layout-28f84493 wp-block-columns-is-layout-flex\">\n<div class=\"wp-block-column is-layout-flow wp-block-column-is-layout-flow\" style=\"flex-basis:50%\">\n<figure class=\"wp-block-image size-full\"><img loading=\"lazy\" decoding=\"async\" width=\"709\" height=\"771\" src=\"https:\/\/www.fastbookspa.it\/wp-content\/uploads\/2024\/10\/io-gomitolo-tu-filo.jpg\" alt=\"\" class=\"wp-image-1514\" srcset=\"https:\/\/www.fastbookspa.it\/wp-content\/uploads\/2024\/10\/io-gomitolo-tu-filo.jpg 709w, https:\/\/www.fastbookspa.it\/wp-content\/uploads\/2024\/10\/io-gomitolo-tu-filo-276x300.jpg 276w\" sizes=\"auto, (max-width: 709px) 100vw, 709px\" \/><\/figure>\n<\/div>\n\n\n\n<div class=\"wp-block-column is-layout-flow wp-block-column-is-layout-flow\" style=\"flex-basis:50%\">\n<p><strong>&#8220;Io gomitolo, tu filo&#8221; di <a href=\"https:\/\/it.wikipedia.org\/wiki\/Alberto_Pellai\" target=\"_blank\" rel=\"noopener\">Alberto Pella<\/a>i<\/strong> &#8211; De Agostini, EAN: 9788851186302<br>Dalla penna del noto psicoterapeuta dell\u2019et\u00e0 evolutiva, un libro illustrato che affronta temi delicati come l&#8217;empatia e l&#8217;amicizia. Un ottimo strumento per parlare di sentimenti e relazioni con i bambini mentre si legge insieme.<\/p>\n<\/div>\n<\/div>\n<\/div>\n<\/div>\n\n\n\n<div class=\"wp-block-columns alignwide is-layout-flex wp-container-core-columns-is-layout-28f84493 wp-block-columns-is-layout-flex\">\n<div class=\"wp-block-column is-layout-flow wp-block-column-is-layout-flow\" style=\"flex-basis:50%\">\n<div class=\"wp-block-columns is-layout-flex wp-container-core-columns-is-layout-28f84493 wp-block-columns-is-layout-flex\">\n<div class=\"wp-block-column is-layout-flow wp-block-column-is-layout-flow\" style=\"flex-basis:50%\">\n<p><strong>&#8220;Camion e trattori&#8221; di Hannah Watson<\/strong> &#8211; Usborne, EAN: 9781474975612<br>Non ci sono dubbi: i piccoli impazziscono per i veicoli di ogni tipo. E pi\u00f9 grandi sono meglio \u00e8. Questo libro illustrato porta i bambini in un viaggio tra i pi\u00f9 potenti mezzi agricoli e industriali.<\/p>\n<\/div>\n\n\n\n<div class=\"wp-block-column is-layout-flow wp-block-column-is-layout-flow\" style=\"flex-basis:50%\">\n<figure class=\"wp-block-image size-full\"><img loading=\"lazy\" decoding=\"async\" width=\"709\" height=\"1013\" src=\"https:\/\/www.fastbookspa.it\/wp-content\/uploads\/2024\/10\/camion-e-trattori.jpg\" alt=\"\" class=\"wp-image-1515\" srcset=\"https:\/\/www.fastbookspa.it\/wp-content\/uploads\/2024\/10\/camion-e-trattori.jpg 709w, https:\/\/www.fastbookspa.it\/wp-content\/uploads\/2024\/10\/camion-e-trattori-210x300.jpg 210w\" sizes=\"auto, (max-width: 709px) 100vw, 709px\" \/><\/figure>\n<\/div>\n<\/div>\n<\/div>\n<\/div>\n\n\n\n<div class=\"wp-block-columns alignwide is-layout-flex wp-container-core-columns-is-layout-28f84493 wp-block-columns-is-layout-flex\">\n<div class=\"wp-block-column is-layout-flow wp-block-column-is-layout-flow\" style=\"flex-basis:50%\">\n<div class=\"wp-block-columns is-layout-flex wp-container-core-columns-is-layout-28f84493 wp-block-columns-is-layout-flex\">\n<div class=\"wp-block-column is-layout-flow wp-block-column-is-layout-flow\" style=\"flex-basis:50%\">\n<figure class=\"wp-block-image size-full\"><img loading=\"lazy\" decoding=\"async\" width=\"709\" height=\"711\" src=\"https:\/\/www.fastbookspa.it\/wp-content\/uploads\/2024\/10\/grande-libro-animali.jpg\" alt=\"\" class=\"wp-image-1516\" srcset=\"https:\/\/www.fastbookspa.it\/wp-content\/uploads\/2024\/10\/grande-libro-animali.jpg 709w, https:\/\/www.fastbookspa.it\/wp-content\/uploads\/2024\/10\/grande-libro-animali-300x300.jpg 300w, https:\/\/www.fastbookspa.it\/wp-content\/uploads\/2024\/10\/grande-libro-animali-150x150.jpg 150w\" sizes=\"auto, (max-width: 709px) 100vw, 709px\" \/><\/figure>\n<\/div>\n\n\n\n<div class=\"wp-block-column is-layout-flow wp-block-column-is-layout-flow\" style=\"flex-basis:50%\">\n<p><strong>&#8220;Il primo grande libro degli animali&#8221; di Catherine Hughes<\/strong> &#8211; White Star, EAN: 9788854033474<br>Un&#8217;enciclopedia illustrata che porta i giovani lettori a scoprire il mondo degli animali, con informazioni dettagliate e immagini accattivanti, un ottimo <strong>regalo di Natale per ragazzi<\/strong>.<\/p>\n<\/div>\n<\/div>\n<\/div>\n<\/div>\n\n\n\n<p class=\"has-primary-color has-text-color has-link-color has-large-font-size wp-elements-3ced95b9b5fc35f753762d86583b971c\"><strong>Libri per bambine e bambini dai 6 ai 10 anni<\/strong><\/p>\n\n\n\n<div class=\"wp-block-columns alignwide is-layout-flex wp-container-core-columns-is-layout-28f84493 wp-block-columns-is-layout-flex\">\n<div class=\"wp-block-column is-layout-flow wp-block-column-is-layout-flow\" style=\"flex-basis:50%\">\n<div class=\"wp-block-columns is-layout-flex wp-container-core-columns-is-layout-28f84493 wp-block-columns-is-layout-flex\">\n<div class=\"wp-block-column is-layout-flow wp-block-column-is-layout-flow\" style=\"flex-basis:50%\">\n<p><strong>&#8220;Ridi che \u00e8 meglio&#8221; di Pera Toons<\/strong> &#8211; Tunu\u00e9, EAN: 9788867903948<br>Il fumetto che continua a spopolare tra il pubblico dei piccoli grazie ad un format che combina barzellette, avventure ed enigmi. Una proposta accattivante per i lettori giovanissimi che delle freddure di<a href=\"https:\/\/www.alessandroperugini.com\/\" target=\"_blank\" rel=\"noopener\"> Pera Toons<\/a> non si stancano mai.<\/p>\n<\/div>\n\n\n\n<div class=\"wp-block-column is-layout-flow wp-block-column-is-layout-flow\" style=\"flex-basis:50%\">\n<figure class=\"wp-block-image size-full\"><img loading=\"lazy\" decoding=\"async\" width=\"709\" height=\"1054\" src=\"https:\/\/www.fastbookspa.it\/wp-content\/uploads\/2024\/10\/Ridi-che-e-meglio.jpg\" alt=\"\" class=\"wp-image-1519\" srcset=\"https:\/\/www.fastbookspa.it\/wp-content\/uploads\/2024\/10\/Ridi-che-e-meglio.jpg 709w, https:\/\/www.fastbookspa.it\/wp-content\/uploads\/2024\/10\/Ridi-che-e-meglio-202x300.jpg 202w, https:\/\/www.fastbookspa.it\/wp-content\/uploads\/2024\/10\/Ridi-che-e-meglio-689x1024.jpg 689w\" sizes=\"auto, (max-width: 709px) 100vw, 709px\" \/><\/figure>\n<\/div>\n<\/div>\n<\/div>\n<\/div>\n\n\n\n<div class=\"wp-block-columns alignwide is-layout-flex wp-container-core-columns-is-layout-28f84493 wp-block-columns-is-layout-flex\">\n<div class=\"wp-block-column is-layout-flow wp-block-column-is-layout-flow\" style=\"flex-basis:50%\">\n<div class=\"wp-block-columns is-layout-flex wp-container-core-columns-is-layout-28f84493 wp-block-columns-is-layout-flex\">\n<div class=\"wp-block-column is-layout-flow wp-block-column-is-layout-flow\" style=\"flex-basis:50%\">\n<figure class=\"wp-block-image size-full\"><img loading=\"lazy\" decoding=\"async\" width=\"709\" height=\"1033\" src=\"https:\/\/www.fastbookspa.it\/wp-content\/uploads\/2024\/10\/diario-di-una-schiappa-1.jpg\" alt=\"\" class=\"wp-image-1518\" srcset=\"https:\/\/www.fastbookspa.it\/wp-content\/uploads\/2024\/10\/diario-di-una-schiappa-1.jpg 709w, https:\/\/www.fastbookspa.it\/wp-content\/uploads\/2024\/10\/diario-di-una-schiappa-1-206x300.jpg 206w, https:\/\/www.fastbookspa.it\/wp-content\/uploads\/2024\/10\/diario-di-una-schiappa-1-703x1024.jpg 703w\" sizes=\"auto, (max-width: 709px) 100vw, 709px\" \/><\/figure>\n<\/div>\n\n\n\n<div class=\"wp-block-column is-layout-flow wp-block-column-is-layout-flow\" style=\"flex-basis:50%\">\n<p><strong>&#8220;Diario di una Schiappa&#8221; di Jeff Kinney<\/strong> (Primo volume) &#8211; Il Castoro, EAN 9788880334392<br>I volumi della serie <em>&#8220;<a href=\"https:\/\/www.diariodiunaschiappa.com\/\" target=\"_blank\" rel=\"noopener\">Diario di una schiappa<\/a>&#8220;<\/em>, con le avventure del giovane Greg Heffley in cui si alternano testo e fumetto, hanno un vasto pubblico di lettori entusiasti. Bello trovare in libreria il titolo novit\u00e0 che si attendeva con ansia (<em>Diario di una Schiappa. Vuoto cosmico<\/em>), ancor meglio incontrare al suo fianco altri volumi della serie che magari erano sfuggiti ai collezionisti pi\u00f9 appassionati.<\/p>\n<\/div>\n<\/div>\n<\/div>\n<\/div>\n\n\n\n<div class=\"wp-block-columns alignwide is-layout-flex wp-container-core-columns-is-layout-28f84493 wp-block-columns-is-layout-flex\">\n<div class=\"wp-block-column is-layout-flow wp-block-column-is-layout-flow\" style=\"flex-basis:50%\">\n<div class=\"wp-block-columns is-layout-flex wp-container-core-columns-is-layout-28f84493 wp-block-columns-is-layout-flex\">\n<div class=\"wp-block-column is-layout-flow wp-block-column-is-layout-flow\" style=\"flex-basis:50%\">\n<p><strong>&#8220;Per questo mi chiamo Giovanni&#8221; di Luigi Garlando<\/strong> &#8211; Rizzoli, EAN: 9788817161367<br>Un libro che affronta in modo delicato e comprensibile la storia di<a href=\"https:\/\/it.wikipedia.org\/wiki\/Giovanni_Falcone\" target=\"_blank\" rel=\"noopener\"> Giovanni Falcone <\/a>e il valore della legalit\u00e0. Uno strumento educativo importantissimo, per trasmettere i valori fondamentali del vivere civile, del coraggio e dell\u2019onest\u00e0.<\/p>\n<\/div>\n\n\n\n<div class=\"wp-block-column is-layout-flow wp-block-column-is-layout-flow\" style=\"flex-basis:50%\">\n<figure class=\"wp-block-image size-full\"><img loading=\"lazy\" decoding=\"async\" width=\"709\" height=\"1098\" src=\"https:\/\/www.fastbookspa.it\/wp-content\/uploads\/2024\/10\/per-questo-mi-chiamo-giovanni.jpg\" alt=\"\" class=\"wp-image-1520\" srcset=\"https:\/\/www.fastbookspa.it\/wp-content\/uploads\/2024\/10\/per-questo-mi-chiamo-giovanni.jpg 709w, https:\/\/www.fastbookspa.it\/wp-content\/uploads\/2024\/10\/per-questo-mi-chiamo-giovanni-194x300.jpg 194w, https:\/\/www.fastbookspa.it\/wp-content\/uploads\/2024\/10\/per-questo-mi-chiamo-giovanni-661x1024.jpg 661w\" sizes=\"auto, (max-width: 709px) 100vw, 709px\" \/><\/figure>\n<\/div>\n<\/div>\n<\/div>\n<\/div>\n\n\n\n<div class=\"wp-block-columns alignwide is-layout-flex wp-container-core-columns-is-layout-28f84493 wp-block-columns-is-layout-flex\">\n<div class=\"wp-block-column is-layout-flow wp-block-column-is-layout-flow\" style=\"flex-basis:50%\">\n<div class=\"wp-block-columns is-layout-flex wp-container-core-columns-is-layout-28f84493 wp-block-columns-is-layout-flex\">\n<div class=\"wp-block-column is-layout-flow wp-block-column-is-layout-flow\" style=\"flex-basis:50%\">\n<figure class=\"wp-block-image size-full\"><img loading=\"lazy\" decoding=\"async\" width=\"709\" height=\"993\" src=\"https:\/\/www.fastbookspa.it\/wp-content\/uploads\/2024\/10\/canti-dellinizio.jpg\" alt=\"\" class=\"wp-image-1521\" srcset=\"https:\/\/www.fastbookspa.it\/wp-content\/uploads\/2024\/10\/canti-dellinizio.jpg 709w, https:\/\/www.fastbookspa.it\/wp-content\/uploads\/2024\/10\/canti-dellinizio-214x300.jpg 214w\" sizes=\"auto, (max-width: 709px) 100vw, 709px\" \/><\/figure>\n<\/div>\n\n\n\n<div class=\"wp-block-column is-layout-flow wp-block-column-is-layout-flow\" style=\"flex-basis:50%\">\n<p><strong>&#8220;Canti dell&#8217;inizio e canti della fine&#8221; di Silvia Vecchini<\/strong> &#8211; Topipittori, EAN: 9788833701639<br>Una raccolta di poesie che accompagna i lettori in un viaggio emotivo e riflessivo. Perfetta per chi ama la lettura profonda e toccante.<\/p>\n<\/div>\n<\/div>\n<\/div>\n<\/div>\n\n\n\n<p><\/p>\n\n\n\n<p class=\"has-primary-color has-text-color has-link-color has-large-font-size wp-elements-39c5250b563d44c672cc95c7ae9c01ff\">Libri per preadolescenti (11-13 anni)<\/p>\n\n\n\n<div class=\"wp-block-columns alignwide is-layout-flex wp-container-core-columns-is-layout-28f84493 wp-block-columns-is-layout-flex\">\n<div class=\"wp-block-column is-layout-flow wp-block-column-is-layout-flow\" style=\"flex-basis:50%\">\n<div class=\"wp-block-columns is-layout-flex wp-container-core-columns-is-layout-28f84493 wp-block-columns-is-layout-flex\">\n<div class=\"wp-block-column is-layout-flow wp-block-column-is-layout-flow\" style=\"flex-basis:50%\">\n<p><strong>&#8220;Harry Potter e la pietra filosofale&#8221; di J.K. Rowling<\/strong> &#8211; Salani, EAN: 9788831003384<br>Non c&#8217;\u00e8 bisogno di presentazioni per il primo capitolo della serie di <a href=\"https:\/\/it.wikipedia.org\/wiki\/Harry_Potter\" target=\"_blank\" rel=\"noopener\">Harry Potter<\/a>. In libreria accanto a <em>Harry Potter e la pietra filosofale<\/em> non mancheranno gli altri volumi di questa saga che non smette di trovare nuovi lettori e continua a rappresentare un fenomeno globale.<\/p>\n<\/div>\n\n\n\n<div class=\"wp-block-column is-layout-flow wp-block-column-is-layout-flow\" style=\"flex-basis:50%\">\n<figure class=\"wp-block-image size-full\"><img loading=\"lazy\" decoding=\"async\" width=\"709\" height=\"1063\" src=\"https:\/\/www.fastbookspa.it\/wp-content\/uploads\/2024\/10\/pietra-filosofale.jpg\" alt=\"\" class=\"wp-image-1522\" srcset=\"https:\/\/www.fastbookspa.it\/wp-content\/uploads\/2024\/10\/pietra-filosofale.jpg 709w, https:\/\/www.fastbookspa.it\/wp-content\/uploads\/2024\/10\/pietra-filosofale-200x300.jpg 200w, https:\/\/www.fastbookspa.it\/wp-content\/uploads\/2024\/10\/pietra-filosofale-683x1024.jpg 683w\" sizes=\"auto, (max-width: 709px) 100vw, 709px\" \/><\/figure>\n<\/div>\n<\/div>\n<\/div>\n<\/div>\n\n\n\n<div class=\"wp-block-columns alignwide is-layout-flex wp-container-core-columns-is-layout-28f84493 wp-block-columns-is-layout-flex\">\n<div class=\"wp-block-column is-layout-flow wp-block-column-is-layout-flow\" style=\"flex-basis:50%\">\n<div class=\"wp-block-columns is-layout-flex wp-container-core-columns-is-layout-28f84493 wp-block-columns-is-layout-flex\">\n<div class=\"wp-block-column is-layout-flow wp-block-column-is-layout-flow\" style=\"flex-basis:50%\">\n<figure class=\"wp-block-image size-full\"><img loading=\"lazy\" decoding=\"async\" width=\"709\" height=\"709\" src=\"https:\/\/www.fastbookspa.it\/wp-content\/uploads\/2024\/10\/percy-jackson.jpg\" alt=\"\" class=\"wp-image-1523\" srcset=\"https:\/\/www.fastbookspa.it\/wp-content\/uploads\/2024\/10\/percy-jackson.jpg 709w, https:\/\/www.fastbookspa.it\/wp-content\/uploads\/2024\/10\/percy-jackson-300x300.jpg 300w, https:\/\/www.fastbookspa.it\/wp-content\/uploads\/2024\/10\/percy-jackson-150x150.jpg 150w\" sizes=\"auto, (max-width: 709px) 100vw, 709px\" \/><\/figure>\n<\/div>\n\n\n\n<div class=\"wp-block-column is-layout-flow wp-block-column-is-layout-flow\" style=\"flex-basis:50%\">\n<p><strong>&#8220;Percy Jackson e gli dei dell&#8217;Olimpo: Il ladro di fulmini&#8221; di Rick Riordan<\/strong> &#8211; Mondadori, EAN: 9788804785408<br>Il primo libro della saga di<a href=\"https:\/\/www.percyjackson.it\/\" target=\"_blank\" rel=\"noopener\"> Percy Jackson<\/a>, un altro grande successo per il pubblico preadolescente. Avventura, mitologia e un eroe con cui \u00e8 facile identificarsi rendono questo titolo un longseller imperdibile.<\/p>\n<\/div>\n<\/div>\n<\/div>\n<\/div>\n\n\n\n<div class=\"wp-block-columns alignwide is-layout-flex wp-container-core-columns-is-layout-28f84493 wp-block-columns-is-layout-flex\">\n<div class=\"wp-block-column is-layout-flow wp-block-column-is-layout-flow\" style=\"flex-basis:50%\">\n<div class=\"wp-block-columns is-layout-flex wp-container-core-columns-is-layout-28f84493 wp-block-columns-is-layout-flex\">\n<div class=\"wp-block-column is-layout-flow wp-block-column-is-layout-flow\" style=\"flex-basis:50%\">\n<p><strong>&#8220;Ero un bullo. La vera storia di Daniel Zaccaro&#8221; di Andrea Franzoso<\/strong> &#8211; De Agostini, EAN: 9788851198275<br>Una storia vera di redenzione che tocca tematiche importanti come il bullismo e la giustizia. Un libro che ispira e offre spunti di riflessione ai ragazzi delle Medie.<\/p>\n<\/div>\n\n\n\n<div class=\"wp-block-column is-layout-flow wp-block-column-is-layout-flow\" style=\"flex-basis:50%\">\n<figure class=\"wp-block-image size-full\"><img loading=\"lazy\" decoding=\"async\" width=\"709\" height=\"1065\" src=\"https:\/\/www.fastbookspa.it\/wp-content\/uploads\/2024\/10\/ero-un-bullo.jpg\" alt=\"\" class=\"wp-image-1524\" srcset=\"https:\/\/www.fastbookspa.it\/wp-content\/uploads\/2024\/10\/ero-un-bullo.jpg 709w, https:\/\/www.fastbookspa.it\/wp-content\/uploads\/2024\/10\/ero-un-bullo-200x300.jpg 200w, https:\/\/www.fastbookspa.it\/wp-content\/uploads\/2024\/10\/ero-un-bullo-682x1024.jpg 682w\" sizes=\"auto, (max-width: 709px) 100vw, 709px\" \/><\/figure>\n<\/div>\n<\/div>\n<\/div>\n<\/div>\n\n\n\n<p><\/p>\n\n\n\n<p class=\"has-primary-color has-text-color has-link-color has-large-font-size wp-elements-eb9a93a321825dc73e4a5365aacc4c6a\">Libri per tutte le et\u00e0<\/p>\n\n\n\n<div class=\"wp-block-columns alignwide is-layout-flex wp-container-core-columns-is-layout-28f84493 wp-block-columns-is-layout-flex\">\n<div class=\"wp-block-column is-layout-flow wp-block-column-is-layout-flow\" style=\"flex-basis:50%\">\n<div class=\"wp-block-columns is-layout-flex wp-container-core-columns-is-layout-28f84493 wp-block-columns-is-layout-flex\">\n<div class=\"wp-block-column is-layout-flow wp-block-column-is-layout-flow\" style=\"flex-basis:50%\">\n<figure class=\"wp-block-image size-full\"><img loading=\"lazy\" decoding=\"async\" width=\"709\" height=\"1010\" src=\"https:\/\/www.fastbookspa.it\/wp-content\/uploads\/2024\/10\/piccolo-principe.jpg\" alt=\"\" class=\"wp-image-1525\" srcset=\"https:\/\/www.fastbookspa.it\/wp-content\/uploads\/2024\/10\/piccolo-principe.jpg 709w, https:\/\/www.fastbookspa.it\/wp-content\/uploads\/2024\/10\/piccolo-principe-211x300.jpg 211w\" sizes=\"auto, (max-width: 709px) 100vw, 709px\" \/><\/figure>\n<\/div>\n\n\n\n<div class=\"wp-block-column is-layout-flow wp-block-column-is-layout-flow\" style=\"flex-basis:50%\">\n<p><strong>&#8220;Il piccolo principe&#8221; di Antoine de Saint-Exup\u00e9ry<\/strong> &#8211; Bompiani, EAN: 9788845278617<br>Un classico della letteratura per ragazzi, volutamente inserito in questa sezione, perch\u00e9 \u00e8 un libro capace di offrire diversi piani di lettura. Adatto ai piccoli come ai grandi, continua a incantare generazioni di lettori con la sua semplice profondit\u00e0.<\/p>\n<\/div>\n<\/div>\n<\/div>\n<\/div>\n<\/div>\n\n\n\n<div class=\"wp-block-columns is-layout-flex wp-container-core-columns-is-layout-28f84493 wp-block-columns-is-layout-flex\">\n<div class=\"wp-block-column is-layout-flow wp-block-column-is-layout-flow\" style=\"flex-basis:100%\">\n<figure class=\"wp-block-gallery has-nested-images columns-default is-cropped wp-block-gallery-1 is-layout-flex wp-block-gallery-is-layout-flex\"><\/figure>\n<\/div>\n<\/div>\n\n\n\n<p><\/p>\n","protected":false},"excerpt":{"rendered":"<p>Scopri i migliori libri per giovani lettori: un elenco imperdibile di titoli per tutte le fasce d\u2019et\u00e0, perfetti come regali di Natale. Dalle letture per bambini fino ai romanzi per adolescenti, idee speciali per rendere unica la stagione delle feste in libreria<\/p>\n","protected":false},"author":3,"featured_media":1532,"comment_status":"open","ping_status":"open","sticky":false,"template":"","format":"standard","meta":{"footnotes":""},"categories":[7,14,1],"tags":[452,450,451,448,449],"class_list":["post-1491","post","type-post","status-publish","format-standard","has-post-thumbnail","hentry","category-blog","category-leggere","category-uncategorized","tag-idee-regalo-libri-ragazzi","tag-letture-consigliate-ragazzi","tag-libri-per-fasce-deta","tag-libri-per-ragazzi-natale","tag-regali-di-natale-per-bambini"],"_links":{"self":[{"href":"https:\/\/www.fastbookspa.it\/index.php\/wp-json\/wp\/v2\/posts\/1491","targetHints":{"allow":["GET"]}}],"collection":[{"href":"https:\/\/www.fastbookspa.it\/index.php\/wp-json\/wp\/v2\/posts"}],"about":[{"href":"https:\/\/www.fastbookspa.it\/index.php\/wp-json\/wp\/v2\/types\/post"}],"author":[{"embeddable":true,"href":"https:\/\/www.fastbookspa.it\/index.php\/wp-json\/wp\/v2\/users\/3"}],"replies":[{"embeddable":true,"href":"https:\/\/www.fastbookspa.it\/index.php\/wp-json\/wp\/v2\/comments?post=1491"}],"version-history":[{"count":14,"href":"https:\/\/www.fastbookspa.it\/index.php\/wp-json\/wp\/v2\/posts\/1491\/revisions"}],"predecessor-version":[{"id":1547,"href":"https:\/\/www.fastbookspa.it\/index.php\/wp-json\/wp\/v2\/posts\/1491\/revisions\/1547"}],"wp:featuredmedia":[{"embeddable":true,"href":"https:\/\/www.fastbookspa.it\/index.php\/wp-json\/wp\/v2\/media\/1532"}],"wp:attachment":[{"href":"https:\/\/www.fastbookspa.it\/index.php\/wp-json\/wp\/v2\/media?parent=1491"}],"wp:term":[{"taxonomy":"category","embeddable":true,"href":"https:\/\/www.fastbookspa.it\/index.php\/wp-json\/wp\/v2\/categories?post=1491"},{"taxonomy":"post_tag","embeddable":true,"href":"https:\/\/www.fastbookspa.it\/index.php\/wp-json\/wp\/v2\/tags?post=1491"}],"curies":[{"name":"wp","href":"https:\/\/api.w.org\/{rel}","templated":true}]}}