{"id":1550,"date":"2024-10-28T14:43:25","date_gmt":"2024-10-28T13:43:25","guid":{"rendered":"https:\/\/www.fastbookspa.it\/?p=1550"},"modified":"2025-12-03T11:13:33","modified_gmt":"2025-12-03T10:13:33","slug":"letture-dautunno-2024-scopri-i-titoli-del-momento","status":"publish","type":"post","link":"https:\/\/www.fastbookspa.it\/index.php\/2024\/10\/28\/letture-dautunno-2024-scopri-i-titoli-del-momento\/","title":{"rendered":"Letture d&#8217;autunno 2024: scopri i titoli del momento"},"content":{"rendered":"\n<p class=\"has-medium-font-size\">Per te, una vasta selezione di nuove uscite editoriali e anteprime divisi per tema, dai thriller alla narrativa storica, per accompagnarti lungo tutto l\u2019autunno e oltre.<\/p>\n\n\n\n<p class=\"has-tertiary-color has-text-color has-link-color has-large-font-size wp-elements-1cf54e77f7e019fe5428e9dc0764adac\"><strong>CRESCERE<\/strong><\/p>\n\n\n\n<p class=\"has-tertiary-color has-text-color has-link-color has-small-font-size wp-elements-e263ef61d60669aacfef3fc4ed1e6689\">Non si smette mai di crescere, a nessuna et\u00e0. Libri che affrontano il percorso di cambiamento e la ricerca di s\u00e9, esplorando temi come l\u2019identit\u00e0 e l\u2019appartenenza.<\/p>\n\n\n\n<div class=\"wp-block-columns is-layout-flex wp-container-core-columns-is-layout-28f84493 wp-block-columns-is-layout-flex\">\n<div class=\"wp-block-column is-layout-flow wp-block-column-is-layout-flow\" style=\"flex-basis:33.33%\">\n<div class=\"wp-block-columns is-layout-flex wp-container-core-columns-is-layout-28f84493 wp-block-columns-is-layout-flex\">\n<div class=\"wp-block-column is-layout-flow wp-block-column-is-layout-flow\">\n<div class=\"wp-block-columns is-layout-flex wp-container-core-columns-is-layout-28f84493 wp-block-columns-is-layout-flex\">\n<div class=\"wp-block-column is-layout-flow wp-block-column-is-layout-flow\" style=\"flex-basis:66.66%\">\n<figure class=\"wp-block-image aligncenter size-full is-resized\"><img loading=\"lazy\" decoding=\"async\" width=\"524\" height=\"805\" src=\"https:\/\/www.fastbookspa.it\/wp-content\/uploads\/2024\/10\/mencarelli-brucia-lorigine-2.png\" alt=\"\" class=\"wp-image-1552\" style=\"width:139px;height:auto\" srcset=\"https:\/\/www.fastbookspa.it\/wp-content\/uploads\/2024\/10\/mencarelli-brucia-lorigine-2.png 524w, https:\/\/www.fastbookspa.it\/wp-content\/uploads\/2024\/10\/mencarelli-brucia-lorigine-2-195x300.png 195w\" sizes=\"auto, (max-width: 524px) 100vw, 524px\" \/><\/figure>\n<\/div>\n<\/div>\n<\/div>\n<\/div>\n<\/div>\n\n\n\n<div class=\"wp-block-column is-layout-flow wp-block-column-is-layout-flow\" style=\"flex-basis:66.66%\">\n<p class=\"has-small-font-size\"><strong>Brucia l&#8217;origine<\/strong> di Daniele Mencarelli (Mondadori) &#8211; <strong>Data di pubblicazione:<\/strong> 17 ottobre 2024<br>Mencarelli, autore di <em>Tutto chiede salvezza<\/em>, ci propone un nuovo romanzo intenso e profondo, che esplora il tema della ricerca di s\u00e9. Con uno stile coinvolgente e carico di emozioni, guida chi legge attraverso un viaggio di redenzione, dove si intrecciano dolore, speranza e il desiderio di riscoprire il proprio percorso.<\/p>\n<\/div>\n<\/div>\n\n\n\n<div class=\"wp-block-columns is-layout-flex wp-container-core-columns-is-layout-28f84493 wp-block-columns-is-layout-flex\">\n<div class=\"wp-block-column is-layout-flow wp-block-column-is-layout-flow\" style=\"flex-basis:66.66%\">\n<p class=\"has-small-font-size\"><strong>Bambino<\/strong> di Marco Balzano (Einaudi) &#8211; <strong>Data di pubblicazione:<\/strong> 8 ottobre 2024<br>In questo romanzo, Balzano, gi\u00e0 autore del meraviglioso <em>Resto qui<\/em>, racconta la storia di un giovane emarginato che cerca di trovare il proprio posto nel mondo. Con uno stile diretto e toccante, l\u2019autore affronta temi di identit\u00e0 e appartenenza.<\/p>\n<\/div>\n\n\n\n<div class=\"wp-block-column is-layout-flow wp-block-column-is-layout-flow\" style=\"flex-basis:33.33%\">\n<figure class=\"wp-block-image aligncenter size-full is-resized\"><img loading=\"lazy\" decoding=\"async\" width=\"325\" height=\"515\" src=\"https:\/\/www.fastbookspa.it\/wp-content\/uploads\/2024\/10\/balzano-bambino.png\" alt=\"\" class=\"wp-image-1553\" style=\"width:155px;height:auto\" srcset=\"https:\/\/www.fastbookspa.it\/wp-content\/uploads\/2024\/10\/balzano-bambino.png 325w, https:\/\/www.fastbookspa.it\/wp-content\/uploads\/2024\/10\/balzano-bambino-189x300.png 189w\" sizes=\"auto, (max-width: 325px) 100vw, 325px\" \/><\/figure>\n<\/div>\n<\/div>\n\n\n\n<div class=\"wp-block-columns is-layout-flex wp-container-core-columns-is-layout-28f84493 wp-block-columns-is-layout-flex\">\n<div class=\"wp-block-column is-layout-flow wp-block-column-is-layout-flow\" style=\"flex-basis:33.33%\">\n<figure class=\"wp-block-image aligncenter size-large is-resized\"><img loading=\"lazy\" decoding=\"async\" width=\"655\" height=\"1024\" src=\"https:\/\/www.fastbookspa.it\/wp-content\/uploads\/2024\/10\/gamberale-dimmi-di-te-655x1024.jpg\" alt=\"\" class=\"wp-image-1554\" style=\"width:164px;height:auto\" srcset=\"https:\/\/www.fastbookspa.it\/wp-content\/uploads\/2024\/10\/gamberale-dimmi-di-te-655x1024.jpg 655w, https:\/\/www.fastbookspa.it\/wp-content\/uploads\/2024\/10\/gamberale-dimmi-di-te-192x300.jpg 192w, https:\/\/www.fastbookspa.it\/wp-content\/uploads\/2024\/10\/gamberale-dimmi-di-te-768x1200.jpg 768w, https:\/\/www.fastbookspa.it\/wp-content\/uploads\/2024\/10\/gamberale-dimmi-di-te.jpg 960w\" sizes=\"auto, (max-width: 655px) 100vw, 655px\" \/><\/figure>\n<\/div>\n\n\n\n<div class=\"wp-block-column is-layout-flow wp-block-column-is-layout-flow\" style=\"flex-basis:66.66%\">\n<p class=\"has-small-font-size\"><strong>Dimmi di te<\/strong> di Chiara Gamberale (Einaudi) &#8211; <strong>Data di pubblicazione:<\/strong> 24 settembre 2024<br>Gamberale, autrice di longseller come <em>Per dieci minuti<\/em>, conduce chi legge in un viaggio interiore dove la protagonista, a un bivio della sua vita, esplora le relazioni che l&#8217;hanno plasmata. La scrittura si distingue per introspezione e grande lirismo emotivo.<\/p>\n<\/div>\n<\/div>\n\n\n\n<p><\/p>\n\n\n\n<p><\/p>\n\n\n\n<p class=\"has-text-align-left has-tertiary-color has-background-background-color has-text-color has-background has-link-color has-large-font-size wp-elements-912df3518a6150624beb80d0defad67b\"><strong>ROMANZI DI VITA E LEGAMI FAMIGLIARI<\/strong><\/p>\n\n\n\n<p class=\"has-tertiary-color has-text-color has-link-color has-small-font-size wp-elements-7a1e42487c7063cf1ef07645369e5cc6\">Storie che raccontano emozioni profonde, legami familiari complessi e le scelte che definiscono le nostre esistenze.<\/p>\n\n\n\n<div class=\"wp-block-columns is-layout-flex wp-container-core-columns-is-layout-28f84493 wp-block-columns-is-layout-flex\">\n<div class=\"wp-block-column is-layout-flow wp-block-column-is-layout-flow\" style=\"flex-basis:66.66%\">\n<p class=\"has-small-font-size\"><strong>Cos\u00ec eravamo<\/strong>&nbsp;di Francesco Guccini (Giunti) \u2013&nbsp;<strong>Data di pubblicazione:<\/strong>&nbsp;18 settembre 2024<br>Guccini, in un\u2019opera che si presenta come un viaggio nel tempo, esplora ricordi di vita intrecciati a storie di amicizia e nostalgia. La sua prosa densa di evocazione e il ritmo poetico rendono questo libro una riflessione intensa su un passato che continua a vivere nel presente.<\/p>\n<\/div>\n\n\n\n<div class=\"wp-block-column is-layout-flow wp-block-column-is-layout-flow\" style=\"flex-basis:33.33%\">\n<figure class=\"wp-block-image aligncenter size-large is-resized\"><img loading=\"lazy\" decoding=\"async\" width=\"667\" height=\"1024\" src=\"https:\/\/www.fastbookspa.it\/wp-content\/uploads\/2024\/10\/guccini-cosi-eravamo-667x1024.jpg\" alt=\"\" class=\"wp-image-1555\" style=\"width:160px;height:auto\" srcset=\"https:\/\/www.fastbookspa.it\/wp-content\/uploads\/2024\/10\/guccini-cosi-eravamo-667x1024.jpg 667w, https:\/\/www.fastbookspa.it\/wp-content\/uploads\/2024\/10\/guccini-cosi-eravamo-195x300.jpg 195w, https:\/\/www.fastbookspa.it\/wp-content\/uploads\/2024\/10\/guccini-cosi-eravamo-768x1179.jpg 768w, https:\/\/www.fastbookspa.it\/wp-content\/uploads\/2024\/10\/guccini-cosi-eravamo.jpg 977w\" sizes=\"auto, (max-width: 667px) 100vw, 667px\" \/><\/figure>\n<\/div>\n<\/div>\n\n\n\n<div class=\"wp-block-columns is-layout-flex wp-container-core-columns-is-layout-28f84493 wp-block-columns-is-layout-flex\">\n<div class=\"wp-block-column is-layout-flow wp-block-column-is-layout-flow\" style=\"flex-basis:33.33%\">\n<figure class=\"wp-block-image aligncenter size-large is-resized\"><img loading=\"lazy\" decoding=\"async\" width=\"656\" height=\"1024\" src=\"https:\/\/www.fastbookspa.it\/wp-content\/uploads\/2024\/10\/Perrin-tata-656x1024.jpg\" alt=\"\" class=\"wp-image-1556\" style=\"width:151px;height:auto\" srcset=\"https:\/\/www.fastbookspa.it\/wp-content\/uploads\/2024\/10\/Perrin-tata-656x1024.jpg 656w, https:\/\/www.fastbookspa.it\/wp-content\/uploads\/2024\/10\/Perrin-tata-192x300.jpg 192w, https:\/\/www.fastbookspa.it\/wp-content\/uploads\/2024\/10\/Perrin-tata-768x1199.jpg 768w, https:\/\/www.fastbookspa.it\/wp-content\/uploads\/2024\/10\/Perrin-tata.jpg 961w\" sizes=\"auto, (max-width: 656px) 100vw, 656px\" \/><\/figure>\n<\/div>\n\n\n\n<div class=\"wp-block-column is-layout-flow wp-block-column-is-layout-flow\" style=\"flex-basis:66.66%\">\n<p class=\"has-small-font-size\"><strong>Tat\u00e0<\/strong>&nbsp;di Val\u00e9rie Perrin (Edizioni E\/O) \u2013&nbsp;<strong>Data di pubblicazione:<\/strong>&nbsp;19 novembre 2024<br>Dopo il successo di&nbsp;<em>Cambiare l\u2019acqua ai fiori<\/em>, Perrin torna in libreria con&nbsp;<em>Tat\u00e0<\/em>, un romanzo che indaga i legami familiari e i segreti che si tramandano di generazione in generazione.<\/p>\n<\/div>\n<\/div>\n\n\n\n<div class=\"wp-block-columns is-layout-flex wp-container-core-columns-is-layout-28f84493 wp-block-columns-is-layout-flex\">\n<div class=\"wp-block-column is-layout-flow wp-block-column-is-layout-flow\" style=\"flex-basis:66.66%\">\n<p class=\"has-small-font-size\"><strong>La collana di cristallo<\/strong>&nbsp;di Cristina Caboni (Garzanti) \u2013&nbsp;<strong>Data di pubblicazione:<\/strong>&nbsp;3 ottobre 2024<br>Caboni, autrice di&nbsp;<em>Il sentiero dei profumi<\/em>, ci trasporta in una storia avvolgente di legami familiari e misteri nascosti. Una collana misteriosa, ereditata dalla protagonista Sofia, diventa il filo conduttore per esplorare segreti e scelte che hanno modellato generazioni.<\/p>\n<\/div>\n\n\n\n<div class=\"wp-block-column is-layout-flow wp-block-column-is-layout-flow\" style=\"flex-basis:33.33%\">\n<figure class=\"wp-block-image aligncenter size-large is-resized\"><img loading=\"lazy\" decoding=\"async\" width=\"678\" height=\"1024\" src=\"https:\/\/www.fastbookspa.it\/wp-content\/uploads\/2024\/10\/caboni-collana-di-cristallo-678x1024.jpg\" alt=\"\" class=\"wp-image-1557\" style=\"width:189px;height:auto\" srcset=\"https:\/\/www.fastbookspa.it\/wp-content\/uploads\/2024\/10\/caboni-collana-di-cristallo-678x1024.jpg 678w, https:\/\/www.fastbookspa.it\/wp-content\/uploads\/2024\/10\/caboni-collana-di-cristallo-199x300.jpg 199w, https:\/\/www.fastbookspa.it\/wp-content\/uploads\/2024\/10\/caboni-collana-di-cristallo-768x1160.jpg 768w, https:\/\/www.fastbookspa.it\/wp-content\/uploads\/2024\/10\/caboni-collana-di-cristallo.jpg 993w\" sizes=\"auto, (max-width: 678px) 100vw, 678px\" \/><\/figure>\n<\/div>\n<\/div>\n\n\n\n<p><\/p>\n\n\n\n<p><\/p>\n\n\n\n<p class=\"has-text-align-left has-tertiary-color has-text-color has-link-color has-large-font-size wp-elements-c22f7d08acd392a14fc48eda58a50098\"><strong>INTROSPEZIONE VENATA DI GIALLO<\/strong><\/p>\n\n\n\n<p class=\"has-tertiary-color has-text-color has-link-color has-small-font-size wp-elements-aaeb22899f5cdef7e7859169e95ab8ab\">Opere che dalla tensione narrativa lasciano emergere tratti della natura umana: ogni personaggio reca con s\u00e9 le proprie ombre.<\/p>\n\n\n\n<div class=\"wp-block-columns is-layout-flex wp-container-core-columns-is-layout-28f84493 wp-block-columns-is-layout-flex\">\n<div class=\"wp-block-column is-layout-flow wp-block-column-is-layout-flow\" style=\"flex-basis:33.33%\">\n<figure class=\"wp-block-image aligncenter size-large is-resized\"><img loading=\"lazy\" decoding=\"async\" width=\"652\" height=\"1024\" src=\"https:\/\/www.fastbookspa.it\/wp-content\/uploads\/2024\/10\/simenon-malempin-652x1024.jpg\" alt=\"\" class=\"wp-image-1558\" style=\"width:144px;height:auto\" srcset=\"https:\/\/www.fastbookspa.it\/wp-content\/uploads\/2024\/10\/simenon-malempin-652x1024.jpg 652w, https:\/\/www.fastbookspa.it\/wp-content\/uploads\/2024\/10\/simenon-malempin-191x300.jpg 191w, https:\/\/www.fastbookspa.it\/wp-content\/uploads\/2024\/10\/simenon-malempin-768x1206.jpg 768w, https:\/\/www.fastbookspa.it\/wp-content\/uploads\/2024\/10\/simenon-malempin.jpg 955w\" sizes=\"auto, (max-width: 652px) 100vw, 652px\" \/><\/figure>\n<\/div>\n\n\n\n<div class=\"wp-block-column is-layout-flow wp-block-column-is-layout-flow\" style=\"flex-basis:66.66%\">\n<p class=\"has-small-font-size\">Malempin&nbsp;di Georges Simenon (Adelphi) \u2013&nbsp;Data di pubblicazione:&nbsp;8 ottobre 2024Simenon, celebre per il suo commissario Maigret, si sposta dalla scrittura strettamente di genere per raccontare la storia di un piccolo villaggio scosso da un omicidio. Non manca, come in tutte le sue opere, l\u2019analisi psicologica profonda, dove ogni personaggio porta il peso delle proprie ombre.<\/p>\n<\/div>\n<\/div>\n\n\n\n<div class=\"wp-block-columns is-layout-flex wp-container-core-columns-is-layout-28f84493 wp-block-columns-is-layout-flex\">\n<div class=\"wp-block-column is-layout-flow wp-block-column-is-layout-flow\" style=\"flex-basis:66.66%\">\n<p class=\"has-small-font-size\"><strong>Il mio assassino<\/strong>&nbsp;di Daniel Pennac (Feltrinelli) \u2013&nbsp;<strong>Data di pubblicazione:<\/strong>&nbsp;14 novembre 2024<br>Pennac, celebre per il suo eroe letterario Malauss\u00e8ne, esplora con una profondit\u00e0 sempre venata di ironia il confronto di un uomo con il suo passato oscuro, offrendo una riflessione sulle scelte e le loro conseguenze.<\/p>\n<\/div>\n\n\n\n<div class=\"wp-block-column is-layout-flow wp-block-column-is-layout-flow\" style=\"flex-basis:33.33%\">\n<figure class=\"wp-block-image aligncenter size-full is-resized\"><img loading=\"lazy\" decoding=\"async\" width=\"500\" height=\"784\" src=\"https:\/\/www.fastbookspa.it\/wp-content\/uploads\/2024\/10\/Pennac-il-mio-assassino.jpg\" alt=\"\" class=\"wp-image-1559\" style=\"width:152px;height:auto\" srcset=\"https:\/\/www.fastbookspa.it\/wp-content\/uploads\/2024\/10\/Pennac-il-mio-assassino.jpg 500w, https:\/\/www.fastbookspa.it\/wp-content\/uploads\/2024\/10\/Pennac-il-mio-assassino-191x300.jpg 191w\" sizes=\"auto, (max-width: 500px) 100vw, 500px\" \/><figcaption class=\"wp-element-caption\">Version 1.0.0<\/figcaption><\/figure>\n<\/div>\n<\/div>\n\n\n\n<p><\/p>\n\n\n\n<p class=\"has-text-align-left has-tertiary-color has-text-color has-link-color has-large-font-size wp-elements-084c4308a958e00197bb298e0183a5b7\"><strong>VISIONI ALTERNATIVE<\/strong><\/p>\n\n\n\n<p class=\"has-tertiary-color has-text-color has-link-color has-small-font-size wp-elements-8561f338c2d8df8a57e0131df765110b\">Libri che ci portano in mondi utopici o distopici per esplorare le dinamiche storiche o immaginarie che modellano il presente.<\/p>\n\n\n\n<div class=\"wp-block-columns is-layout-flex wp-container-core-columns-is-layout-28f84493 wp-block-columns-is-layout-flex\">\n<div class=\"wp-block-column is-layout-flow wp-block-column-is-layout-flow\" style=\"flex-basis:33.33%\">\n<figure class=\"wp-block-image aligncenter size-large is-resized\"><img loading=\"lazy\" decoding=\"async\" width=\"612\" height=\"1024\" src=\"https:\/\/www.fastbookspa.it\/wp-content\/uploads\/2024\/10\/carrere-ucronia-612x1024.jpg\" alt=\"\" class=\"wp-image-1560\" style=\"width:143px;height:auto\" srcset=\"https:\/\/www.fastbookspa.it\/wp-content\/uploads\/2024\/10\/carrere-ucronia-612x1024.jpg 612w, https:\/\/www.fastbookspa.it\/wp-content\/uploads\/2024\/10\/carrere-ucronia-179x300.jpg 179w, https:\/\/www.fastbookspa.it\/wp-content\/uploads\/2024\/10\/carrere-ucronia-768x1286.jpg 768w, https:\/\/www.fastbookspa.it\/wp-content\/uploads\/2024\/10\/carrere-ucronia.jpg 896w\" sizes=\"auto, (max-width: 612px) 100vw, 612px\" \/><\/figure>\n<\/div>\n\n\n\n<div class=\"wp-block-column is-layout-flow wp-block-column-is-layout-flow\" style=\"flex-basis:66.66%\">\n<p class=\"has-small-font-size\"><strong>Ucronia<\/strong>&nbsp;di Emmanuel Carr\u00e8re (Adelphi) \u2013&nbsp;<strong>Data di pubblicazione:<\/strong>&nbsp;3 settembre 2024<br>Carr\u00e8re, di cui ricordiamo i celebri&nbsp;<em>Limonov<\/em>&nbsp;e&nbsp;<em>L\u2019Avversario<\/em>, immagina un mondo alternativo in cui eventi storici cruciali si svolgono diversamente. Con la sua prosa impareggiabile, l\u2019autore invita il lettore a esplorare le scelte e le conseguenze che plasmano il nostro destino.<\/p>\n<\/div>\n<\/div>\n\n\n\n<p><\/p>\n\n\n\n<p><\/p>\n\n\n\n<p><\/p>\n\n\n\n<p class=\"has-text-align-left has-tertiary-color has-text-color has-link-color has-large-font-size wp-elements-03e7aaf3fca464ed861ba57b49110e35\"><strong>SECONDE CHANCE<\/strong><\/p>\n\n\n\n<p class=\"has-tertiary-color has-text-color has-link-color has-small-font-size wp-elements-7b70fd2685855cfc00e858fd092879f1\">Storie che riflettono sul destino e sulle seconde possibilit\u00e0 nella vita, dove il passato e il presente si intrecciano in una narrazione intima e profonda.<\/p>\n\n\n\n<div class=\"wp-block-columns is-layout-flex wp-container-core-columns-is-layout-28f84493 wp-block-columns-is-layout-flex\">\n<div class=\"wp-block-column is-layout-flow wp-block-column-is-layout-flow\" style=\"flex-basis:66.66%\">\n<p class=\"has-small-font-size\"><strong>One More Time<\/strong>&nbsp;di Luca Casadei (Vallardi) \u2013&nbsp;<strong>Data di pubblicazione:<\/strong>&nbsp;8 ottobre 2024<br>In questo libro, Casadei combina interviste e storie personali in un racconto che riflette le sue esperienze come autore di podcast. Una scrittura diretta e coinvolgente che quasi coincide con il linguaggio naturale e intimo utilizzato nell\u2019apprezzatissimo podcast&nbsp;<em>One More Time<\/em>.<\/p>\n<\/div>\n\n\n\n<div class=\"wp-block-column is-layout-flow wp-block-column-is-layout-flow\" style=\"flex-basis:33.33%\">\n<figure class=\"wp-block-image aligncenter size-large is-resized\"><img loading=\"lazy\" decoding=\"async\" width=\"732\" height=\"1024\" src=\"https:\/\/www.fastbookspa.it\/wp-content\/uploads\/2024\/10\/casadei-one-more-time-732x1024.jpg\" alt=\"\" class=\"wp-image-1561\" style=\"width:187px;height:auto\" srcset=\"https:\/\/www.fastbookspa.it\/wp-content\/uploads\/2024\/10\/casadei-one-more-time-732x1024.jpg 732w, https:\/\/www.fastbookspa.it\/wp-content\/uploads\/2024\/10\/casadei-one-more-time-214x300.jpg 214w, https:\/\/www.fastbookspa.it\/wp-content\/uploads\/2024\/10\/casadei-one-more-time-768x1075.jpg 768w, https:\/\/www.fastbookspa.it\/wp-content\/uploads\/2024\/10\/casadei-one-more-time.jpg 1072w\" sizes=\"auto, (max-width: 732px) 100vw, 732px\" \/><\/figure>\n<\/div>\n<\/div>\n\n\n\n<p><\/p>\n\n\n\n<p class=\"has-text-align-left has-tertiary-color has-text-color has-link-color has-large-font-size wp-elements-fe6c18b02966b3691829e6376ca5b01d\"><strong>FICTION CONTEMPORANEA<\/strong><\/p>\n\n\n\n<p class=\"has-tertiary-color has-text-color has-link-color has-small-font-size wp-elements-ea966b44a9b8ea0074aaf4b0748c85b9\">Opere che ragionano sul presente, indagando il mondo interiore dei personaggi e i temi della vita moderna.<\/p>\n\n\n\n<div class=\"wp-block-columns is-layout-flex wp-container-core-columns-is-layout-28f84493 wp-block-columns-is-layout-flex\">\n<div class=\"wp-block-column is-layout-flow wp-block-column-is-layout-flow\" style=\"flex-basis:33.33%\">\n<figure class=\"wp-block-image aligncenter size-large is-resized\"><img loading=\"lazy\" decoding=\"async\" width=\"714\" height=\"1024\" src=\"https:\/\/www.fastbookspa.it\/wp-content\/uploads\/2024\/10\/veronesi-settembre-nero-714x1024.jpg\" alt=\"\" class=\"wp-image-1562\" style=\"width:175px;height:auto\" srcset=\"https:\/\/www.fastbookspa.it\/wp-content\/uploads\/2024\/10\/veronesi-settembre-nero-714x1024.jpg 714w, https:\/\/www.fastbookspa.it\/wp-content\/uploads\/2024\/10\/veronesi-settembre-nero-209x300.jpg 209w, https:\/\/www.fastbookspa.it\/wp-content\/uploads\/2024\/10\/veronesi-settembre-nero-768x1102.jpg 768w, https:\/\/www.fastbookspa.it\/wp-content\/uploads\/2024\/10\/veronesi-settembre-nero.jpg 1000w\" sizes=\"auto, (max-width: 714px) 100vw, 714px\" \/><\/figure>\n<\/div>\n\n\n\n<div class=\"wp-block-column is-layout-flow wp-block-column-is-layout-flow\" style=\"flex-basis:66.66%\">\n<p class=\"has-small-font-size\"><strong>Settembre nero<\/strong>&nbsp;di Sandro Veronesi (La Nave di Teseo) \u2013&nbsp;<strong>Data di pubblicazione:<\/strong>&nbsp;8 ottobre 2024<br>Con uno stile narrativo incisivo, Veronesi, due volte premio Strega, intreccia le vite dei suoi personaggi durante un\u2019estate in Versilia nel 1972, esaminando temi di crisi e rinnovamento, come ne&nbsp;<em>Il colibr\u00ec<\/em>.<\/p>\n<\/div>\n<\/div>\n\n\n\n<p><\/p>\n\n\n\n<p><\/p>\n\n\n\n<p class=\"has-text-align-left has-tertiary-color has-text-color has-link-color has-large-font-size wp-elements-2af6d0c708b8f692b1cb77cf43d3d343\"><strong>MISTERY E SUSPENSE<\/strong><\/p>\n\n\n\n<p class=\"has-tertiary-color has-text-color has-link-color has-small-font-size wp-elements-4d763498873878fbfaf1747c991fbd87\">Per chi ama stare col fiato sospeso, ecco una selezione di libri di mistery e thriller.<\/p>\n\n\n\n<div class=\"wp-block-columns is-layout-flex wp-container-core-columns-is-layout-28f84493 wp-block-columns-is-layout-flex\">\n<div class=\"wp-block-column is-layout-flow wp-block-column-is-layout-flow\" style=\"flex-basis:33.33%\">\n<figure class=\"wp-block-image aligncenter size-large is-resized\"><img loading=\"lazy\" decoding=\"async\" width=\"732\" height=\"1024\" src=\"https:\/\/www.fastbookspa.it\/wp-content\/uploads\/2024\/10\/manzini-passato-732x1024.jpg\" alt=\"\" class=\"wp-image-1564\" style=\"width:156px;height:auto\" srcset=\"https:\/\/www.fastbookspa.it\/wp-content\/uploads\/2024\/10\/manzini-passato-732x1024.jpg 732w, https:\/\/www.fastbookspa.it\/wp-content\/uploads\/2024\/10\/manzini-passato-214x300.jpg 214w, https:\/\/www.fastbookspa.it\/wp-content\/uploads\/2024\/10\/manzini-passato-768x1075.jpg 768w, https:\/\/www.fastbookspa.it\/wp-content\/uploads\/2024\/10\/manzini-passato.jpg 1072w\" sizes=\"auto, (max-width: 732px) 100vw, 732px\" \/><\/figure>\n<\/div>\n\n\n\n<div class=\"wp-block-column is-layout-flow wp-block-column-is-layout-flow\" style=\"flex-basis:66.66%\">\n<p class=\"has-small-font-size\"><strong>Il passato \u00e8 un morto senza cadavere<\/strong>&nbsp;di Antonio Manzini (Sellerio) \u2013&nbsp;<strong>Data di pubblicazione:<\/strong>&nbsp;12 ottobre 2024<br>Antonio Manzini torna con un nuovo capitolo delle indagini del vicequestore Rocco Schiavone. In questo romanzo, Schiavone si trover\u00e0 a fare i conti con un caso che lo costringe a riaprire vecchie ferite: un passato che si credeva sepolto torna a galla senza un corpo, ma con segreti che potrebbero mettere in pericolo il presente. Con la consueta abilit\u00e0 nel mescolare tensione e introspezione, Manzini costruisce una trama avvincente che coinvolge il lettore dalla prima all\u2019ultima pagina.<\/p>\n<\/div>\n<\/div>\n\n\n\n<div class=\"wp-block-columns is-layout-flex wp-container-core-columns-is-layout-28f84493 wp-block-columns-is-layout-flex\">\n<div class=\"wp-block-column is-layout-flow wp-block-column-is-layout-flow\" style=\"flex-basis:66.66%\">\n<p class=\"has-small-font-size\"><strong>Buonvino e il circo insanguinato<\/strong>&nbsp;di Walter Veltroni (Marsilio) \u2013&nbsp;<strong>Data di pubblicazione:<\/strong>&nbsp;8 ottobre 2024<br>Torna il commissario Buonvino in un\u2019avvincente storia in cui i segreti inquietanti della gente di un circo si tessono con la ricerca di giustizia del brillante ma malinconico investigatore. Un giallo che mescola sapientemente atmosfere oniriche e tensione narrativa.<\/p>\n<\/div>\n\n\n\n<div class=\"wp-block-column is-layout-flow wp-block-column-is-layout-flow\" style=\"flex-basis:33.33%\">\n<figure class=\"wp-block-image aligncenter size-full is-resized\"><img loading=\"lazy\" decoding=\"async\" width=\"527\" height=\"800\" src=\"https:\/\/www.fastbookspa.it\/wp-content\/uploads\/2024\/10\/veltroni-buonvino-e-il-circo-insanguinato.jpg\" alt=\"\" class=\"wp-image-1565\" style=\"width:155px;height:auto\" srcset=\"https:\/\/www.fastbookspa.it\/wp-content\/uploads\/2024\/10\/veltroni-buonvino-e-il-circo-insanguinato.jpg 527w, https:\/\/www.fastbookspa.it\/wp-content\/uploads\/2024\/10\/veltroni-buonvino-e-il-circo-insanguinato-198x300.jpg 198w\" sizes=\"auto, (max-width: 527px) 100vw, 527px\" \/><\/figure>\n<\/div>\n<\/div>\n\n\n\n<div class=\"wp-block-columns is-layout-flex wp-container-core-columns-is-layout-28f84493 wp-block-columns-is-layout-flex\">\n<div class=\"wp-block-column is-layout-flow wp-block-column-is-layout-flow\" style=\"flex-basis:33.33%\">\n<figure class=\"wp-block-image aligncenter size-large is-resized\"><img loading=\"lazy\" decoding=\"async\" width=\"690\" height=\"1024\" src=\"https:\/\/www.fastbookspa.it\/wp-content\/uploads\/2024\/10\/carrisi-la-casa-dei-silenzi-690x1024.jpg\" alt=\"\" class=\"wp-image-1566\" style=\"width:160px;height:auto\" srcset=\"https:\/\/www.fastbookspa.it\/wp-content\/uploads\/2024\/10\/carrisi-la-casa-dei-silenzi-690x1024.jpg 690w, https:\/\/www.fastbookspa.it\/wp-content\/uploads\/2024\/10\/carrisi-la-casa-dei-silenzi-202x300.jpg 202w, https:\/\/www.fastbookspa.it\/wp-content\/uploads\/2024\/10\/carrisi-la-casa-dei-silenzi-768x1140.jpg 768w, https:\/\/www.fastbookspa.it\/wp-content\/uploads\/2024\/10\/carrisi-la-casa-dei-silenzi.jpg 1000w\" sizes=\"auto, (max-width: 690px) 100vw, 690px\" \/><\/figure>\n<\/div>\n\n\n\n<div class=\"wp-block-column is-layout-flow wp-block-column-is-layout-flow\" style=\"flex-basis:66.66%\">\n<p class=\"has-small-font-size\"><strong>La casa dei silenzi<\/strong>&nbsp;di Donato Carrisi (Longanesi) \u2013&nbsp;<strong>Data di pubblicazione:<\/strong>&nbsp;29 ottobre 2024<br>Carrisi, maestro del thriller, ci regala un nuovo capitolo della serie di libri con protagonista Pietro Gerber, l\u2019addormentatore di bambini, in un romanzo ad alta tensione psicologica che indaga i lati oscuri della mente. Al centro del libro c\u2019\u00e8 Matias, novenne affetto da incubi la cui natura irreale non \u00e8 poi cos\u00ec certa. Con il suo stile di narrazione inconfondibile, Carrisi tiene lettrici e lettori letteralmente incollati alla pagina.<\/p>\n<\/div>\n<\/div>\n\n\n\n<div class=\"wp-block-columns is-layout-flex wp-container-core-columns-is-layout-28f84493 wp-block-columns-is-layout-flex\">\n<div class=\"wp-block-column is-layout-flow wp-block-column-is-layout-flow\" style=\"flex-basis:66.66%\">\n<p class=\"has-small-font-size\">Miss Bee e il cadavere in biblioteca di Alessia Gazzola (Longanesi) \u2013 Data di pubblicazione: 19 novembre 2024<br>Gazzola ci porta nella Londra degli anni Venti, dove Miss Bee, giovane italiana figlia di un docente universitario, si trova coinvolta in un caso di omicidio e in un intricato triangolo amoroso. La scrittrice, madre letteraria di Alice Allevi e Costanza Macall\u00e8, conferma anche in questo romanzo la sua penna frizzante e piena di sorprese.<\/p>\n<\/div>\n\n\n\n<div class=\"wp-block-column is-layout-flow wp-block-column-is-layout-flow\" style=\"flex-basis:33.33%\">\n<figure class=\"wp-block-image aligncenter size-large is-resized\"><img loading=\"lazy\" decoding=\"async\" width=\"664\" height=\"1024\" src=\"https:\/\/www.fastbookspa.it\/wp-content\/uploads\/2024\/10\/gazzola-cadavere-in-biblioteca-664x1024.jpg\" alt=\"\" class=\"wp-image-1567\" style=\"width:158px;height:auto\" srcset=\"https:\/\/www.fastbookspa.it\/wp-content\/uploads\/2024\/10\/gazzola-cadavere-in-biblioteca-664x1024.jpg 664w, https:\/\/www.fastbookspa.it\/wp-content\/uploads\/2024\/10\/gazzola-cadavere-in-biblioteca-194x300.jpg 194w, https:\/\/www.fastbookspa.it\/wp-content\/uploads\/2024\/10\/gazzola-cadavere-in-biblioteca-768x1185.jpg 768w, https:\/\/www.fastbookspa.it\/wp-content\/uploads\/2024\/10\/gazzola-cadavere-in-biblioteca.jpg 972w\" sizes=\"auto, (max-width: 664px) 100vw, 664px\" \/><\/figure>\n<\/div>\n<\/div>\n\n\n\n<div class=\"wp-block-columns is-layout-flex wp-container-core-columns-is-layout-28f84493 wp-block-columns-is-layout-flex\">\n<div class=\"wp-block-column is-layout-flow wp-block-column-is-layout-flow\" style=\"flex-basis:33.33%\">\n<figure class=\"wp-block-image aligncenter size-large is-resized\"><img loading=\"lazy\" decoding=\"async\" width=\"638\" height=\"1024\" src=\"https:\/\/www.fastbookspa.it\/wp-content\/uploads\/2024\/10\/copertina-non-disponibile-638x1024.png\" alt=\"\" class=\"wp-image-1568\" style=\"width:125px;height:auto\" srcset=\"https:\/\/www.fastbookspa.it\/wp-content\/uploads\/2024\/10\/copertina-non-disponibile-638x1024.png 638w, https:\/\/www.fastbookspa.it\/wp-content\/uploads\/2024\/10\/copertina-non-disponibile-187x300.png 187w, https:\/\/www.fastbookspa.it\/wp-content\/uploads\/2024\/10\/copertina-non-disponibile-768x1232.png 768w, https:\/\/www.fastbookspa.it\/wp-content\/uploads\/2024\/10\/copertina-non-disponibile-957x1536.png 957w, https:\/\/www.fastbookspa.it\/wp-content\/uploads\/2024\/10\/copertina-non-disponibile.png 1112w\" sizes=\"auto, (max-width: 638px) 100vw, 638px\" \/><\/figure>\n<\/div>\n\n\n\n<div class=\"wp-block-column is-layout-flow wp-block-column-is-layout-flow\" style=\"flex-basis:66.66%\">\n<p class=\"has-small-font-size\"><strong>Volver<\/strong>&nbsp;di Maurizio de Giovanni (Einaudi) \u2013&nbsp;<strong>Data di pubblicazione:<\/strong>&nbsp;novembre 2024<br>Ambientato nella sua Napoli durante l\u2019epoca fascista, De Giovanni mescola mistero e pathos in questa nuova indagine del commissario Ricciardi, capace di percepire le ultime parole delle vittime di morte violenta.<\/p>\n<\/div>\n<\/div>\n\n\n\n<div class=\"wp-block-columns is-layout-flex wp-container-core-columns-is-layout-28f84493 wp-block-columns-is-layout-flex\">\n<div class=\"wp-block-column is-layout-flow wp-block-column-is-layout-flow\" style=\"flex-basis:66.66%\">\n<p class=\"has-small-font-size\"><strong>Le verit\u00e0 spezzate<\/strong>&nbsp;di Alessandro Robecchi (Rizzoli) \u2013&nbsp;<strong>Data di pubblicazione:<\/strong>&nbsp;8 ottobre 2024<br>Robecchi, gi\u00e0 apprezzato per la sua serie di romanzi con il detective Carlo Monterossi (Sellerio), offre alla platea di lettrici e lettori un nuovo intrigo che si muove dagli anni Trenta alla Milano contemporanea, mostrando che la verit\u00e0 \u00e8 sempre sfuggente, ieri come oggi.<\/p>\n<\/div>\n\n\n\n<div class=\"wp-block-column is-layout-flow wp-block-column-is-layout-flow\" style=\"flex-basis:33.33%\">\n<figure class=\"wp-block-image aligncenter size-large is-resized\"><img loading=\"lazy\" decoding=\"async\" width=\"670\" height=\"1024\" src=\"https:\/\/www.fastbookspa.it\/wp-content\/uploads\/2024\/10\/robecchi-le-verita-spezzate-670x1024.jpg\" alt=\"\" class=\"wp-image-1569\" style=\"width:154px;height:auto\" srcset=\"https:\/\/www.fastbookspa.it\/wp-content\/uploads\/2024\/10\/robecchi-le-verita-spezzate-670x1024.jpg 670w, https:\/\/www.fastbookspa.it\/wp-content\/uploads\/2024\/10\/robecchi-le-verita-spezzate-196x300.jpg 196w, https:\/\/www.fastbookspa.it\/wp-content\/uploads\/2024\/10\/robecchi-le-verita-spezzate-768x1173.jpg 768w, https:\/\/www.fastbookspa.it\/wp-content\/uploads\/2024\/10\/robecchi-le-verita-spezzate.jpg 982w\" sizes=\"auto, (max-width: 670px) 100vw, 670px\" \/><\/figure>\n<\/div>\n<\/div>\n\n\n\n<div class=\"wp-block-columns is-layout-flex wp-container-core-columns-is-layout-28f84493 wp-block-columns-is-layout-flex\">\n<div class=\"wp-block-column is-layout-flow wp-block-column-is-layout-flow\" style=\"flex-basis:33.33%\">\n<figure class=\"wp-block-image aligncenter size-large is-resized\"><img loading=\"lazy\" decoding=\"async\" width=\"668\" height=\"1024\" src=\"https:\/\/www.fastbookspa.it\/wp-content\/uploads\/2024\/10\/mola-la-bambina-senza-nome-668x1024.jpg\" alt=\"\" class=\"wp-image-1570\" style=\"width:149px;height:auto\" srcset=\"https:\/\/www.fastbookspa.it\/wp-content\/uploads\/2024\/10\/mola-la-bambina-senza-nome-668x1024.jpg 668w, https:\/\/www.fastbookspa.it\/wp-content\/uploads\/2024\/10\/mola-la-bambina-senza-nome-196x300.jpg 196w, https:\/\/www.fastbookspa.it\/wp-content\/uploads\/2024\/10\/mola-la-bambina-senza-nome-768x1178.jpg 768w, https:\/\/www.fastbookspa.it\/wp-content\/uploads\/2024\/10\/mola-la-bambina-senza-nome.jpg 978w\" sizes=\"auto, (max-width: 668px) 100vw, 668px\" \/><\/figure>\n<\/div>\n\n\n\n<div class=\"wp-block-column is-layout-flow wp-block-column-is-layout-flow\" style=\"flex-basis:66.66%\">\n<p class=\"has-small-font-size\"><strong>La bambina senza nome<\/strong>&nbsp;di Carmen Mola (Salani) \u2013&nbsp;<strong>Data di pubblicazione:<\/strong>&nbsp;29 ottobre 2024<br>Carmen Mola, celebre per i suoi thriller carichi di tensione, ci regala un nuovo avvincente capitolo con protagonista l\u2019ormai ex ispettrice Elena Blanco. La storia prende il via dal ritrovamento di una bambina senza identit\u00e0 in un piccolo villaggio spagnolo. Chiamata a investigare, Elena Blanco scopre che dietro la misteriosa scomparsa della bambina si celano segreti oscuri legati a crimini irrisolti e a una rete di traffici pericolosi. <\/p>\n<\/div>\n<\/div>\n\n\n\n<div class=\"wp-block-columns is-layout-flex wp-container-core-columns-is-layout-28f84493 wp-block-columns-is-layout-flex\">\n<div class=\"wp-block-column is-layout-flow wp-block-column-is-layout-flow\" style=\"flex-basis:66.66%\">\n<p class=\"has-small-font-size\"><strong>La mano dell\u2019orologiaio<\/strong>&nbsp;di Jeffery Deaver (Rizzoli) \u2013&nbsp;<strong>Data di pubblicazione:<\/strong>&nbsp;22 ottobre 2024<br>Deaver torna con un nuovo caso per Lincoln Rhyme, tra colpi di scena e intricati giochi mentali. Charles Vespasian Hale, alias l\u2019Orologiaio, il pi\u00f9 acerrimo nemico del criminologo tetraplegico, \u00e8 tornato dopo tempo e vuole un solo obiettivo: uccidere Rhyme.<\/p>\n<\/div>\n\n\n\n<div class=\"wp-block-column is-layout-flow wp-block-column-is-layout-flow\" style=\"flex-basis:33.33%\">\n<figure class=\"wp-block-image aligncenter size-large is-resized\"><img loading=\"lazy\" decoding=\"async\" width=\"670\" height=\"1024\" src=\"https:\/\/www.fastbookspa.it\/wp-content\/uploads\/2024\/10\/deaver-la-mano-dellorologiaio-670x1024.jpg\" alt=\"\" class=\"wp-image-1571\" style=\"width:142px;height:auto\" srcset=\"https:\/\/www.fastbookspa.it\/wp-content\/uploads\/2024\/10\/deaver-la-mano-dellorologiaio-670x1024.jpg 670w, https:\/\/www.fastbookspa.it\/wp-content\/uploads\/2024\/10\/deaver-la-mano-dellorologiaio-196x300.jpg 196w, https:\/\/www.fastbookspa.it\/wp-content\/uploads\/2024\/10\/deaver-la-mano-dellorologiaio-768x1173.jpg 768w, https:\/\/www.fastbookspa.it\/wp-content\/uploads\/2024\/10\/deaver-la-mano-dellorologiaio.jpg 982w\" sizes=\"auto, (max-width: 670px) 100vw, 670px\" \/><\/figure>\n<\/div>\n<\/div>\n\n\n\n<div class=\"wp-block-columns is-layout-flex wp-container-core-columns-is-layout-28f84493 wp-block-columns-is-layout-flex\">\n<div class=\"wp-block-column is-layout-flow wp-block-column-is-layout-flow\" style=\"flex-basis:33.33%\">\n<figure class=\"wp-block-image aligncenter size-large is-resized\"><img loading=\"lazy\" decoding=\"async\" width=\"668\" height=\"1024\" src=\"https:\/\/www.fastbookspa.it\/wp-content\/uploads\/2024\/10\/hawkins-lora-blu-668x1024.jpg\" alt=\"\" class=\"wp-image-1572\" style=\"width:149px;height:auto\" srcset=\"https:\/\/www.fastbookspa.it\/wp-content\/uploads\/2024\/10\/hawkins-lora-blu-668x1024.jpg 668w, https:\/\/www.fastbookspa.it\/wp-content\/uploads\/2024\/10\/hawkins-lora-blu-196x300.jpg 196w, https:\/\/www.fastbookspa.it\/wp-content\/uploads\/2024\/10\/hawkins-lora-blu-768x1178.jpg 768w, https:\/\/www.fastbookspa.it\/wp-content\/uploads\/2024\/10\/hawkins-lora-blu.jpg 978w\" sizes=\"auto, (max-width: 668px) 100vw, 668px\" \/><\/figure>\n<\/div>\n\n\n\n<div class=\"wp-block-column is-layout-flow wp-block-column-is-layout-flow\" style=\"flex-basis:66.66%\">\n<p class=\"has-small-font-size\"><strong>L\u2019ora blu<\/strong>&nbsp;di Paula Hawkins (Piemme) \u2013&nbsp;<strong>Data di pubblicazione:<\/strong>&nbsp;15 ottobre 2024<br>Con uno stile incisivo, Hawkins, autrice de&nbsp;<em>La ragazza del treno<\/em>, esplora il lato oscuro delle relazioni umane, costruendo una tensione palpabile. Una controversa artista, Vanessa Chapman, la sua caregiver, Grace, e una famiglia aristocratica erede di un patrimonio artistico sono al centro di una vicenda che si sviluppa nel mondo dell\u2019arte.<\/p>\n<\/div>\n<\/div>\n\n\n\n<p><\/p>\n\n\n\n<p><\/p>\n\n\n\n<p><\/p>\n\n\n\n<p><\/p>\n\n\n\n<p class=\"has-text-align-left has-tertiary-color has-text-color has-link-color has-large-font-size wp-elements-892c57e8ed91faa475ffbff669dcafa1\"><strong>ROMANZI STORICI<\/strong><\/p>\n\n\n\n<p class=\"has-tertiary-color has-text-color has-link-color has-small-font-size wp-elements-e3b2a514430b60f81db25b9011f952a0\">Libri che intrecciano fiction e storia, dando vita a narrazioni complesse e affascinanti.<\/p>\n\n\n\n<div class=\"wp-block-columns has-border-color has-primary-border-color is-layout-flex wp-container-core-columns-is-layout-28f84493 wp-block-columns-is-layout-flex\" style=\"border-style:solid\">\n<div class=\"wp-block-column is-layout-flow wp-block-column-is-layout-flow\" style=\"flex-basis:66.66%\">\n<p class=\"has-small-font-size\"><strong>M. L\u2019ora del destino<\/strong>&nbsp;di Antonio Scurati (Bompiani) \u2013&nbsp;<strong>Data di pubblicazione:<\/strong>&nbsp;16 ottobre 2024<br>Scurati, vincitore del Premio Strega con&nbsp;<em>M. Il figlio del secolo<\/em>, continua a esplorare le complessit\u00e0 del Ventennio fascista con un racconto denso e particolareggiato, frutto di una documentazione accurata. Un libro che unisce rigore storico e potenza narrativa.<\/p>\n<\/div>\n\n\n\n<div class=\"wp-block-column is-layout-flow wp-block-column-is-layout-flow\" style=\"flex-basis:33.33%\">\n<figure class=\"wp-block-image aligncenter size-large is-resized\"><img loading=\"lazy\" decoding=\"async\" width=\"736\" height=\"1024\" src=\"https:\/\/www.fastbookspa.it\/wp-content\/uploads\/2024\/10\/scurati-lora-del-destino-736x1024.jpg\" alt=\"\" class=\"wp-image-1573\" style=\"width:173px;height:auto\" srcset=\"https:\/\/www.fastbookspa.it\/wp-content\/uploads\/2024\/10\/scurati-lora-del-destino-736x1024.jpg 736w, https:\/\/www.fastbookspa.it\/wp-content\/uploads\/2024\/10\/scurati-lora-del-destino-216x300.jpg 216w, https:\/\/www.fastbookspa.it\/wp-content\/uploads\/2024\/10\/scurati-lora-del-destino-768x1068.jpg 768w, https:\/\/www.fastbookspa.it\/wp-content\/uploads\/2024\/10\/scurati-lora-del-destino.jpg 1000w\" sizes=\"auto, (max-width: 736px) 100vw, 736px\" \/><\/figure>\n<\/div>\n<\/div>\n\n\n\n<div class=\"wp-block-columns is-layout-flex wp-container-core-columns-is-layout-28f84493 wp-block-columns-is-layout-flex\">\n<div class=\"wp-block-column is-layout-flow wp-block-column-is-layout-flow\" style=\"flex-basis:33.33%\">\n<figure class=\"wp-block-image aligncenter size-large is-resized\"><img loading=\"lazy\" decoding=\"async\" width=\"664\" height=\"1024\" src=\"https:\/\/www.fastbookspa.it\/wp-content\/uploads\/2024\/10\/chevalier-la-maestra-del-vetro-664x1024.jpg\" alt=\"\" class=\"wp-image-1574\" style=\"width:166px;height:auto\" srcset=\"https:\/\/www.fastbookspa.it\/wp-content\/uploads\/2024\/10\/chevalier-la-maestra-del-vetro-664x1024.jpg 664w, https:\/\/www.fastbookspa.it\/wp-content\/uploads\/2024\/10\/chevalier-la-maestra-del-vetro-195x300.jpg 195w, https:\/\/www.fastbookspa.it\/wp-content\/uploads\/2024\/10\/chevalier-la-maestra-del-vetro-768x1184.jpg 768w, https:\/\/www.fastbookspa.it\/wp-content\/uploads\/2024\/10\/chevalier-la-maestra-del-vetro.jpg 973w\" sizes=\"auto, (max-width: 664px) 100vw, 664px\" \/><\/figure>\n<\/div>\n\n\n\n<div class=\"wp-block-column is-layout-flow wp-block-column-is-layout-flow\" style=\"flex-basis:66.66%\">\n<p class=\"has-small-font-size\"><strong>La maestra del vetro<\/strong>&nbsp;di Tracy Chevalier (Neri Pozza) \u2013&nbsp;<strong>Data di pubblicazione:<\/strong>&nbsp;17 settembre 2024<br>Chevalier, autrice de&nbsp;<em>La ragazza con l\u2019orecchino di perla<\/em>, racconta la vita di una giovane donna del XVII secolo che si dedica alla lavorazione del vetro. Con la sua scrittura ricca di dettagli sensoriali, l\u2019autrice offre uno sguardo affascinante sulla vita quotidiana dell\u2019epoca.<\/p>\n<\/div>\n<\/div>\n\n\n\n<div class=\"wp-block-columns is-layout-flex wp-container-core-columns-is-layout-28f84493 wp-block-columns-is-layout-flex\">\n<div class=\"wp-block-column is-layout-flow wp-block-column-is-layout-flow\" style=\"flex-basis:66.66%\">\n<p class=\"has-small-font-size\"><strong>Risplendo non brucio<\/strong>&nbsp;di Ilaria Tuti (Longanesi) \u2013&nbsp;<strong>Data di pubblicazione:<\/strong>&nbsp;1\u00b0 ottobre 2024<br>Tuti, gi\u00e0 apprezzata per&nbsp;<em>Fiori sopra l\u2019inferno<\/em>, ci regala una storia di resilienza ambientata nell\u2019ultima fase della Seconda guerra mondiale, con una scrittura intensa e ricca di dettagli.<\/p>\n<\/div>\n\n\n\n<div class=\"wp-block-column is-layout-flow wp-block-column-is-layout-flow\" style=\"flex-basis:33.33%\">\n<figure class=\"wp-block-image aligncenter size-large is-resized\"><img loading=\"lazy\" decoding=\"async\" width=\"675\" height=\"1024\" src=\"https:\/\/www.fastbookspa.it\/wp-content\/uploads\/2024\/10\/tuti-risplendo-non-brucio-675x1024.jpg\" alt=\"\" class=\"wp-image-1575\" style=\"width:140px;height:auto\" srcset=\"https:\/\/www.fastbookspa.it\/wp-content\/uploads\/2024\/10\/tuti-risplendo-non-brucio-675x1024.jpg 675w, https:\/\/www.fastbookspa.it\/wp-content\/uploads\/2024\/10\/tuti-risplendo-non-brucio-198x300.jpg 198w, https:\/\/www.fastbookspa.it\/wp-content\/uploads\/2024\/10\/tuti-risplendo-non-brucio-768x1165.jpg 768w, https:\/\/www.fastbookspa.it\/wp-content\/uploads\/2024\/10\/tuti-risplendo-non-brucio.jpg 989w\" sizes=\"auto, (max-width: 675px) 100vw, 675px\" \/><\/figure>\n<\/div>\n<\/div>\n\n\n\n<div class=\"wp-block-columns is-layout-flex wp-container-core-columns-is-layout-28f84493 wp-block-columns-is-layout-flex\">\n<div class=\"wp-block-column is-layout-flow wp-block-column-is-layout-flow\" style=\"flex-basis:33.33%\">\n<figure class=\"wp-block-image aligncenter size-large is-resized\"><img loading=\"lazy\" decoding=\"async\" width=\"732\" height=\"1024\" src=\"https:\/\/www.fastbookspa.it\/wp-content\/uploads\/2024\/10\/barbero-romanzo-russo-732x1024.jpg\" alt=\"\" class=\"wp-image-1576\" style=\"width:164px;height:auto\" srcset=\"https:\/\/www.fastbookspa.it\/wp-content\/uploads\/2024\/10\/barbero-romanzo-russo-732x1024.jpg 732w, https:\/\/www.fastbookspa.it\/wp-content\/uploads\/2024\/10\/barbero-romanzo-russo-214x300.jpg 214w, https:\/\/www.fastbookspa.it\/wp-content\/uploads\/2024\/10\/barbero-romanzo-russo-768x1075.jpg 768w, https:\/\/www.fastbookspa.it\/wp-content\/uploads\/2024\/10\/barbero-romanzo-russo.jpg 1072w\" sizes=\"auto, (max-width: 732px) 100vw, 732px\" \/><\/figure>\n<\/div>\n\n\n\n<div class=\"wp-block-column is-layout-flow wp-block-column-is-layout-flow\" style=\"flex-basis:66.66%\">\n<p class=\"has-small-font-size\"><strong>Romanzo russo<\/strong>&nbsp;di Alessandro Barbero (Sellerio) \u2013&nbsp;<strong>Data di pubblicazione:<\/strong>&nbsp;5 novembre 2024<br>Ripubblicato dopo una prima edizione nel 1998, questo \u00e8 stato il secondo tentativo narrativo dello storico Alessandro Barbero. Quest\u2019opera, sottovalutata al tempo della sua uscita originale, offre un avvincente viaggio nella storia russa, resa accessibile grazie all\u2019abilit\u00e0 narrativa di Barbero.<\/p>\n<\/div>\n<\/div>\n\n\n\n<p><\/p>\n\n\n\n<p><\/p>\n\n\n\n<p><\/p>\n\n\n\n<p class=\"has-text-align-left has-tertiary-color has-text-color has-link-color has-large-font-size wp-elements-fe8815cb9517ef0c5e866b933021c1ef\"><strong>CUORI ROMANTICI<\/strong><\/p>\n\n\n\n<p class=\"has-tertiary-color has-text-color has-link-color has-small-font-size wp-elements-83001b67ad9747a776109255c7054d30\">L\u2019emozione di leggere pagine che riscaldano l\u2019anima.<\/p>\n\n\n\n<div class=\"wp-block-columns is-layout-flex wp-container-core-columns-is-layout-28f84493 wp-block-columns-is-layout-flex\">\n<div class=\"wp-block-column is-layout-flow wp-block-column-is-layout-flow\" style=\"flex-basis:66.66%\">\n<p class=\"has-small-font-size\"><strong>Balleremo la musica che suonano<\/strong>&nbsp;di Fabio Volo (Mondadori) \u2013&nbsp;<strong>Data di pubblicazione:<\/strong>&nbsp;22 ottobre 2024<br>L\u2019attore e scrittore Fabio Volo ci racconta in questo nuovo romanzo una storia autobiografica, dove attraverso l\u2019amore per la lettura e la scrittura il protagonista riscopre se stesso e riesce a trovare il suo posto nel mondo.<\/p>\n<\/div>\n\n\n\n<div class=\"wp-block-column is-layout-flow wp-block-column-is-layout-flow\" style=\"flex-basis:33.33%\">\n<figure class=\"wp-block-image aligncenter size-large is-resized\"><img loading=\"lazy\" decoding=\"async\" width=\"668\" height=\"1024\" src=\"https:\/\/www.fastbookspa.it\/wp-content\/uploads\/2024\/10\/volo-balleremo-668x1024.jpg\" alt=\"\" class=\"wp-image-1577\" style=\"width:134px;height:auto\" srcset=\"https:\/\/www.fastbookspa.it\/wp-content\/uploads\/2024\/10\/volo-balleremo-668x1024.jpg 668w, https:\/\/www.fastbookspa.it\/wp-content\/uploads\/2024\/10\/volo-balleremo-196x300.jpg 196w, https:\/\/www.fastbookspa.it\/wp-content\/uploads\/2024\/10\/volo-balleremo-768x1177.jpg 768w, https:\/\/www.fastbookspa.it\/wp-content\/uploads\/2024\/10\/volo-balleremo.jpg 835w\" sizes=\"auto, (max-width: 668px) 100vw, 668px\" \/><\/figure>\n<\/div>\n<\/div>\n\n\n\n<div class=\"wp-block-columns is-layout-flex wp-container-core-columns-is-layout-28f84493 wp-block-columns-is-layout-flex\">\n<div class=\"wp-block-column is-layout-flow wp-block-column-is-layout-flow\" style=\"flex-basis:33.33%\">\n<figure class=\"wp-block-image aligncenter size-large is-resized\"><img loading=\"lazy\" decoding=\"async\" width=\"666\" height=\"1024\" src=\"https:\/\/www.fastbookspa.it\/wp-content\/uploads\/2024\/10\/sveva-lei-lui-e-il-paradiso-666x1024.jpg\" alt=\"\" class=\"wp-image-1578\" style=\"width:146px;height:auto\" srcset=\"https:\/\/www.fastbookspa.it\/wp-content\/uploads\/2024\/10\/sveva-lei-lui-e-il-paradiso-666x1024.jpg 666w, https:\/\/www.fastbookspa.it\/wp-content\/uploads\/2024\/10\/sveva-lei-lui-e-il-paradiso-195x300.jpg 195w, https:\/\/www.fastbookspa.it\/wp-content\/uploads\/2024\/10\/sveva-lei-lui-e-il-paradiso-768x1180.jpg 768w, https:\/\/www.fastbookspa.it\/wp-content\/uploads\/2024\/10\/sveva-lei-lui-e-il-paradiso.jpg 976w\" sizes=\"auto, (max-width: 666px) 100vw, 666px\" \/><\/figure>\n<\/div>\n\n\n\n<div class=\"wp-block-column is-layout-flow wp-block-column-is-layout-flow\" style=\"flex-basis:66.66%\">\n<p class=\"has-small-font-size\"><strong>Lui, lei e il paradiso<\/strong>&nbsp;di Sveva Casati Modignani (Sperling &amp; Kupfer) \u2013&nbsp;<strong>Data di pubblicazione:<\/strong>&nbsp;8 ottobre 2024<br>La scrittrice best-seller racconta un incontro inaspettato tra un protagonista ispirato a Silvio Berlusconi e un\u2019eterea scrittrice alle porte del Paradiso. Un dialogo che esplora le grandi domande della vita.<\/p>\n<\/div>\n<\/div>\n\n\n\n<div class=\"wp-block-columns is-layout-flex wp-container-core-columns-is-layout-28f84493 wp-block-columns-is-layout-flex\">\n<div class=\"wp-block-column is-layout-flow wp-block-column-is-layout-flow\" style=\"flex-basis:66.66%\">\n<p class=\"has-text-align-left has-small-font-size\"><strong>Quanti miracoli<\/strong>&nbsp;di Nicholas Sparks (Sperling &amp; Kupfer) \u2013&nbsp;<strong>Data di pubblicazione:<\/strong>&nbsp;24 settembre 2024<br>Sparks, famoso per le sue storie d\u2019amore emozionanti, racconta di un incontro fortuito che cambia le vite dei protagonisti. La sua prosa romantica e commovente esplora temi di speranza e redenzione.<\/p>\n<\/div>\n\n\n\n<div class=\"wp-block-column is-layout-flow wp-block-column-is-layout-flow\" style=\"flex-basis:33.33%\">\n<figure class=\"wp-block-image aligncenter size-large is-resized\"><img loading=\"lazy\" decoding=\"async\" width=\"666\" height=\"1024\" src=\"https:\/\/www.fastbookspa.it\/wp-content\/uploads\/2024\/10\/sparks-quanti-miracoli-666x1024.jpg\" alt=\"\" class=\"wp-image-1579\" style=\"width:161px;height:auto\" srcset=\"https:\/\/www.fastbookspa.it\/wp-content\/uploads\/2024\/10\/sparks-quanti-miracoli-666x1024.jpg 666w, https:\/\/www.fastbookspa.it\/wp-content\/uploads\/2024\/10\/sparks-quanti-miracoli-195x300.jpg 195w, https:\/\/www.fastbookspa.it\/wp-content\/uploads\/2024\/10\/sparks-quanti-miracoli-768x1180.jpg 768w, https:\/\/www.fastbookspa.it\/wp-content\/uploads\/2024\/10\/sparks-quanti-miracoli.jpg 976w\" sizes=\"auto, (max-width: 666px) 100vw, 666px\" \/><\/figure>\n<\/div>\n<\/div>\n\n\n\n<p><\/p>\n\n\n\n<p><\/p>\n\n\n\n<p class=\"has-text-align-left has-tertiary-color has-text-color has-link-color has-large-font-size wp-elements-4b12da5f781c0fd5c7ae5aa2ddf70e3b\"><strong>ANTOLOGIE<\/strong><\/p>\n\n\n\n<p class=\"has-text-align-left has-tertiary-color has-text-color has-link-color has-small-font-size wp-elements-0ac7c2b1d03f65cb3eea2932601e5456\">Racconti che alternano voci e stili diversi.<\/p>\n\n\n\n<div class=\"wp-block-columns is-layout-flex wp-container-core-columns-is-layout-28f84493 wp-block-columns-is-layout-flex\">\n<div class=\"wp-block-column is-layout-flow wp-block-column-is-layout-flow\" style=\"flex-basis:33.33%\">\n<figure class=\"wp-block-image aligncenter size-large is-resized\"><img loading=\"lazy\" decoding=\"async\" width=\"731\" height=\"1024\" src=\"https:\/\/www.fastbookspa.it\/wp-content\/uploads\/2024\/10\/animali-in-giallo-sellerio-731x1024.jpg\" alt=\"\" class=\"wp-image-1580\" style=\"width:203px;height:auto\" srcset=\"https:\/\/www.fastbookspa.it\/wp-content\/uploads\/2024\/10\/animali-in-giallo-sellerio-731x1024.jpg 731w, https:\/\/www.fastbookspa.it\/wp-content\/uploads\/2024\/10\/animali-in-giallo-sellerio-214x300.jpg 214w, https:\/\/www.fastbookspa.it\/wp-content\/uploads\/2024\/10\/animali-in-giallo-sellerio-768x1076.jpg 768w, https:\/\/www.fastbookspa.it\/wp-content\/uploads\/2024\/10\/animali-in-giallo-sellerio.jpg 1071w\" sizes=\"auto, (max-width: 731px) 100vw, 731px\" \/><\/figure>\n<\/div>\n\n\n\n<div class=\"wp-block-column is-layout-flow wp-block-column-is-layout-flow\" style=\"flex-basis:66.66%\">\n<p class=\"has-small-font-size\"><strong>Animali in giallo<\/strong>&nbsp;(Sellerio) \u2013&nbsp;<strong>Data di pubblicazione:<\/strong>&nbsp;novembre 2024<br>Un\u2019antologia che raccoglie una serie di racconti gialli in cui gli animali giocano un ruolo chiave, spesso risolvendo enigmi o agendo come testimoni silenziosi. Tra gli autori troviamo la penna brillante di Alicia Gim\u00e9nez Bartlett, creatrice dell\u2019ispettrice Petra Delicado; Andrea Camilleri, con il suo celeberrimo Montalbano; e Antonio Manzini, padre letterario del vicequestore Rocco Schiavone. Ogni storia combina tensione, ironia e riflessioni sulla natura umana attraverso il rapporto con questi \u201cdetective\u201d animali.<\/p>\n<\/div>\n<\/div>\n\n\n\n<p><\/p>\n","protected":false},"excerpt":{"rendered":"<p>Per te, una vasta selezione di nuove uscite editoriali e anteprime divisi per tema, dai thriller alla narrativa storica, per accompagnarti lungo tutto l\u2019autunno e oltre. CRESCERE Non si smette mai di crescere, a nessuna et\u00e0. Libri che affrontano il percorso di cambiamento e la ricerca di s\u00e9, esplorando temi come l\u2019identit\u00e0 e l\u2019appartenenza. Brucia&#8230; <a class=\"read-more\" href=\"https:\/\/www.fastbookspa.it\/index.php\/2024\/10\/28\/letture-dautunno-2024-scopri-i-titoli-del-momento\/\">Continua a leggere<\/a><\/p>\n","protected":false},"author":3,"featured_media":1583,"comment_status":"open","ping_status":"open","sticky":false,"template":"","format":"standard","meta":{"footnotes":""},"categories":[7,613,1],"tags":[454,444,453],"class_list":["post-1550","post","type-post","status-publish","format-standard","has-post-thumbnail","hentry","category-blog","category-libri-novita","category-uncategorized","tag-libri-novita","tag-novita-libri-autunno-2024","tag-novita-natale-2024"],"_links":{"self":[{"href":"https:\/\/www.fastbookspa.it\/index.php\/wp-json\/wp\/v2\/posts\/1550","targetHints":{"allow":["GET"]}}],"collection":[{"href":"https:\/\/www.fastbookspa.it\/index.php\/wp-json\/wp\/v2\/posts"}],"about":[{"href":"https:\/\/www.fastbookspa.it\/index.php\/wp-json\/wp\/v2\/types\/post"}],"author":[{"embeddable":true,"href":"https:\/\/www.fastbookspa.it\/index.php\/wp-json\/wp\/v2\/users\/3"}],"replies":[{"embeddable":true,"href":"https:\/\/www.fastbookspa.it\/index.php\/wp-json\/wp\/v2\/comments?post=1550"}],"version-history":[{"count":10,"href":"https:\/\/www.fastbookspa.it\/index.php\/wp-json\/wp\/v2\/posts\/1550\/revisions"}],"predecessor-version":[{"id":1594,"href":"https:\/\/www.fastbookspa.it\/index.php\/wp-json\/wp\/v2\/posts\/1550\/revisions\/1594"}],"wp:featuredmedia":[{"embeddable":true,"href":"https:\/\/www.fastbookspa.it\/index.php\/wp-json\/wp\/v2\/media\/1583"}],"wp:attachment":[{"href":"https:\/\/www.fastbookspa.it\/index.php\/wp-json\/wp\/v2\/media?parent=1550"}],"wp:term":[{"taxonomy":"category","embeddable":true,"href":"https:\/\/www.fastbookspa.it\/index.php\/wp-json\/wp\/v2\/categories?post=1550"},{"taxonomy":"post_tag","embeddable":true,"href":"https:\/\/www.fastbookspa.it\/index.php\/wp-json\/wp\/v2\/tags?post=1550"}],"curies":[{"name":"wp","href":"https:\/\/api.w.org\/{rel}","templated":true}]}}