{"id":1720,"date":"2025-01-10T12:13:53","date_gmt":"2025-01-10T11:13:53","guid":{"rendered":"https:\/\/www.fastbookspa.it\/?p=1720"},"modified":"2025-11-28T16:16:09","modified_gmt":"2025-11-28T15:16:09","slug":"raccontare-la-shoah","status":"publish","type":"post","link":"https:\/\/www.fastbookspa.it\/index.php\/2025\/01\/10\/raccontare-la-shoah\/","title":{"rendered":"Raccontare la Shoah"},"content":{"rendered":"\n<p><strong>Giornata della Memoria 2025: nuove proposte<\/strong> <strong>editoriali<\/strong><\/p>\n\n\n\n<p>Per accompagnare lettori e lettrici in un viaggio di memoria e riflessione, proponiamo una selezione di titoli recenti o di prossima pubblicazione sulla Shoah. Questi libri, suddivisi tra proposte per adulti e giovani, offrono storie intense e approfondimenti capaci di mantenere viva la memoria e stimolare il pensiero critico.<\/p>\n\n\n\n<figure class=\"wp-block-image size-large\"><img loading=\"lazy\" decoding=\"async\" width=\"1024\" height=\"358\" src=\"https:\/\/www.fastbookspa.it\/wp-content\/uploads\/2025\/01\/GIORNO-DELLA-MEMORIA_-1024x358.jpg\" alt=\"novit\u00e0 editoriali Giornata della Memoria\" class=\"wp-image-1723\" srcset=\"https:\/\/www.fastbookspa.it\/wp-content\/uploads\/2025\/01\/GIORNO-DELLA-MEMORIA_-1024x358.jpg 1024w, https:\/\/www.fastbookspa.it\/wp-content\/uploads\/2025\/01\/GIORNO-DELLA-MEMORIA_-300x105.jpg 300w, https:\/\/www.fastbookspa.it\/wp-content\/uploads\/2025\/01\/GIORNO-DELLA-MEMORIA_-768x269.jpg 768w, https:\/\/www.fastbookspa.it\/wp-content\/uploads\/2025\/01\/GIORNO-DELLA-MEMORIA_-1536x537.jpg 1536w, https:\/\/www.fastbookspa.it\/wp-content\/uploads\/2025\/01\/GIORNO-DELLA-MEMORIA_.jpg 1667w\" sizes=\"auto, (max-width: 1024px) 100vw, 1024px\" \/><\/figure>\n\n\n\n<p><strong>Libri per adulti<\/strong><\/p>\n\n\n\n<p>Tra le proposte per adulti troviamo <strong><em>Crematorio freddo. Cronache dalla terra di Auschwitz<\/em> <\/strong>del giornalista, poeta e scrittore ungherese D\u00e9brecz\u00e9ni J\u00f3zsef. Il reportage, pubblicato in Ungheria nel 1950 e poi caduto per ragioni politiche nell\u2019oblio, esce oggi per la prima volta in Italia. <em>Crematorio freddo<\/em> documenta l\u2019orrore di Auschwitz e rappresenta uno dei pi\u00f9 duri e potenti atti d&#8217;accusa contro il nazismo. (<em>Bompiani, 17,00 \u20ac, EAN: 9788830107243<\/em>).<\/p>\n\n\n\n<p>Non meno incisiva \u00e8 <strong><em>La ballerina di Auschwitz. La mia storia<\/em><\/strong><em>,<\/em> di Edith Eva Eger, sopravvissuta alla Shoah e specializzata nella cura di persone affette da stress da disturbo post-traumatico. La sua autobiografia mostra come ha trasformato il trauma del Male subito in una storia di resilienza e speranza. (<em>Corbaccio, 16,00 \u20ac, EAN: 9791259921840<\/em>).<\/p>\n\n\n\n<p>Per chi ama intrecci che uniscono narrativa e memoria storica, <strong><em>Il rifugio dei libri segreti<\/em><\/strong> dell\u2019autrice bestseller in America Annie Lyons, \u00e8 una scelta emozionante: una libreria speciale diventa teatro di un viaggio alla scoperta del passato, capace di riconciliare i protagonisti con se stessi e con la storia (<em>Garzanti, 18,60 \u20ac, EAN: 9788811010449<\/em>).<\/p>\n\n\n\n<p>Con uno sguardo storico pi\u00f9 ampio, poich\u00e9 ritrovare in Europa i luoghi degli ebrei implica un percorso geografico strettamente intrecciato con quello cronologico, <strong><em>Le vie degli ebrei<\/em><\/strong> di Anna Foa esplora la cultura ebraica nel corso dei secoli. Ne nasce un affresco che va dal Medioevo all\u2019et\u00e0 contemporanea, un&#8217;opera ricca e illuminante per approfondire la comprensione della diaspora. (<em>Il Mulino, 15,00 \u20ac, EAN: 9788815388056<\/em>).<\/p>\n\n\n\n<p>Infine, <strong><em>Il falsario di Auschwitz<\/em><\/strong> di Paul Schiernecker narra la straordinaria vicenda di un uomo che grazie alle sue abilit\u00e0 di falsario dopo essere stato separato dalla moglie davanti ai cancelli di Auschwitz, riuscir\u00e0 a ritrovarla. Un racconto di coraggio che ci ricorda l&#8217;importanza dell&#8217;ingegno umano anche nei momenti pi\u00f9 bui (<em>Newton Compton, 9,90 \u20ac, EAN: 9788822782885<\/em>).<\/p>\n\n\n\n<figure class=\"wp-block-image size-large\"><img loading=\"lazy\" decoding=\"async\" width=\"1024\" height=\"358\" src=\"https:\/\/www.fastbookspa.it\/wp-content\/uploads\/2025\/01\/GIORNO-DELLA-MEMORIA_3-1024x358.jpg\" alt=\"Novit\u00e0 editoriali Giornata della Memmoria Ragazzi\" class=\"wp-image-1725\" srcset=\"https:\/\/www.fastbookspa.it\/wp-content\/uploads\/2025\/01\/GIORNO-DELLA-MEMORIA_3-1024x358.jpg 1024w, https:\/\/www.fastbookspa.it\/wp-content\/uploads\/2025\/01\/GIORNO-DELLA-MEMORIA_3-300x105.jpg 300w, https:\/\/www.fastbookspa.it\/wp-content\/uploads\/2025\/01\/GIORNO-DELLA-MEMORIA_3-768x269.jpg 768w, https:\/\/www.fastbookspa.it\/wp-content\/uploads\/2025\/01\/GIORNO-DELLA-MEMORIA_3-1536x537.jpg 1536w, https:\/\/www.fastbookspa.it\/wp-content\/uploads\/2025\/01\/GIORNO-DELLA-MEMORIA_3.jpg 1667w\" sizes=\"auto, (max-width: 1024px) 100vw, 1024px\" \/><\/figure>\n\n\n\n<p><strong>Libri per ragazzi e ragazze<\/strong><\/p>\n\n\n\n<p>Per bambini dai 9 anni, <strong><em>Le pietre d&#8217;inciampo<\/em><\/strong> di Federico Gregotti \u00e8 un racconto semplice e profondo che spiega il significato di questi piccoli piccoli blocchi di cemento rivestiti di ottone collocati sui marciapiedi davanti alle ultime abitazioni delle vittime delle persecuzioni. Una scrittura accessibile e coinvolgente per portare alla luce le storie delle vittime della Shoah. (<em>Einaudi Ragazzi, 11,00 \u20ac, EAN: 9788866568568<\/em>).<\/p>\n\n\n\n<p>In <strong><em>Destinazione Auschwitz<\/em><\/strong>, Frediano Sessi si rivolge a giovani lettori e lettrici (et\u00e0 suggerita, dai 12 anni) con grande chiarezza e precisione per affrontare il dramma dell\u2019Olocausto. Il libro, grazie a una narrazione capace di toccare sia le corde emotive che quelle razionali, rende decifrabili le cause e gli sviluppi della Shoah. (<em>Einaudi Ragazzi, 12,00 \u20ac, EAN: 9788866568575<\/em>).<\/p>\n\n\n\n<p>Un altro contributo unico \u00e8 <strong><em>Quel giorno<\/em><\/strong> di Michael Rosen, adatto a bambine e bambini da 8 anni in su. Questo albo illustrato racconta, attraverso immagini evocative, il giorno in cui la vita di una famiglia fu spezzata, trasmettendo un messaggio potente sul valore della memoria (<em>Emme Edizioni, 15,90 \u20ac, EAN: 9788829605613<\/em>).<\/p>\n\n\n\n<p>In <strong><em>Il volo di Sara<\/em><\/strong>, Lorenza Farina affronta con delicatezza temi complessi come la perdita e la memoria, raccontando la storia di una bambina e del suo piccolo passero. Le illustrazioni a colori amplificano la forza narrativa di questo albo poetico&nbsp;ambientato in un campo di concentramento durante la Seconda Guerra Mondiale. (<em>Fatatrac, 14,90 \u20ac, EAN: 9788882229580<\/em>).<\/p>\n\n\n\n<p>Conclude la sezione <em><strong>Cos\u00ec siamo diventati fratelli. L\u2019amicizia che salv\u00f2 Sami e Piero<\/strong><\/em> di Sami Modiano, una testimonianza diretta dell\u2019amicizia nata nei campi di concentramento, capace di trasmettere speranza e solidariet\u00e0 anche nei momenti pi\u00f9 bui. Sami Modiano e Piero Terracina si incontrano per la prima volta nel campo nazista di Birkenau e possono contare solo sulla loro amicizia.&nbsp;Dopo la Liberazione, le loro strade si dividono per oltre cinquant&#8217;anni. Quando, cinquant\u2019anni dopo, si ritroveranno, Sami capir\u00e0 grazie a Piero che l&#8217;unica via per sopportare il passato \u00e8 testimoniare, raccontare, tenere viva la memoria perch\u00e9 certi orrori non si ripetano pi\u00f9. (<em>Mondadori, 17,00 \u20ac, EAN: 9788804790853<\/em>).<\/p>\n\n\n\n<figure class=\"wp-block-image size-large\"><img loading=\"lazy\" decoding=\"async\" width=\"1024\" height=\"358\" src=\"https:\/\/www.fastbookspa.it\/wp-content\/uploads\/2025\/01\/GIORNO-DELLA-MEMORIA_11-1-1024x358.jpg\" alt=\"\" class=\"wp-image-1736\" srcset=\"https:\/\/www.fastbookspa.it\/wp-content\/uploads\/2025\/01\/GIORNO-DELLA-MEMORIA_11-1-1024x358.jpg 1024w, https:\/\/www.fastbookspa.it\/wp-content\/uploads\/2025\/01\/GIORNO-DELLA-MEMORIA_11-1-300x105.jpg 300w, https:\/\/www.fastbookspa.it\/wp-content\/uploads\/2025\/01\/GIORNO-DELLA-MEMORIA_11-1-768x269.jpg 768w, https:\/\/www.fastbookspa.it\/wp-content\/uploads\/2025\/01\/GIORNO-DELLA-MEMORIA_11-1-1536x537.jpg 1536w, https:\/\/www.fastbookspa.it\/wp-content\/uploads\/2025\/01\/GIORNO-DELLA-MEMORIA_11-1.jpg 1667w\" sizes=\"auto, (max-width: 1024px) 100vw, 1024px\" \/><\/figure>\n","protected":false},"excerpt":{"rendered":"<p>Giornata della Memoria 2025: nuove proposte editoriali Per accompagnare lettori e lettrici in un viaggio di memoria e riflessione, proponiamo una selezione di titoli recenti o di prossima pubblicazione sulla Shoah. Questi libri, suddivisi tra proposte per adulti e giovani, offrono storie intense e approfondimenti capaci di mantenere viva la memoria e stimolare il pensiero&#8230; <a class=\"read-more\" href=\"https:\/\/www.fastbookspa.it\/index.php\/2025\/01\/10\/raccontare-la-shoah\/\">Continua a leggere<\/a><\/p>\n","protected":false},"author":3,"featured_media":1728,"comment_status":"open","ping_status":"open","sticky":false,"template":"","format":"standard","meta":{"footnotes":""},"categories":[455,619],"tags":[489,487,485,486,217,484,488,216],"class_list":["post-1720","post","type-post","status-publish","format-standard","has-post-thumbnail","hentry","category-libri","category-attualita-blog","tag-27-gennaio","tag-campi-di-concentramento","tag-ebrei","tag-genocidio","tag-giornata-della-memoria","tag-libri-sulla-shoah","tag-nazismo","tag-shoah"],"_links":{"self":[{"href":"https:\/\/www.fastbookspa.it\/index.php\/wp-json\/wp\/v2\/posts\/1720","targetHints":{"allow":["GET"]}}],"collection":[{"href":"https:\/\/www.fastbookspa.it\/index.php\/wp-json\/wp\/v2\/posts"}],"about":[{"href":"https:\/\/www.fastbookspa.it\/index.php\/wp-json\/wp\/v2\/types\/post"}],"author":[{"embeddable":true,"href":"https:\/\/www.fastbookspa.it\/index.php\/wp-json\/wp\/v2\/users\/3"}],"replies":[{"embeddable":true,"href":"https:\/\/www.fastbookspa.it\/index.php\/wp-json\/wp\/v2\/comments?post=1720"}],"version-history":[{"count":5,"href":"https:\/\/www.fastbookspa.it\/index.php\/wp-json\/wp\/v2\/posts\/1720\/revisions"}],"predecessor-version":[{"id":1740,"href":"https:\/\/www.fastbookspa.it\/index.php\/wp-json\/wp\/v2\/posts\/1720\/revisions\/1740"}],"wp:featuredmedia":[{"embeddable":true,"href":"https:\/\/www.fastbookspa.it\/index.php\/wp-json\/wp\/v2\/media\/1728"}],"wp:attachment":[{"href":"https:\/\/www.fastbookspa.it\/index.php\/wp-json\/wp\/v2\/media?parent=1720"}],"wp:term":[{"taxonomy":"category","embeddable":true,"href":"https:\/\/www.fastbookspa.it\/index.php\/wp-json\/wp\/v2\/categories?post=1720"},{"taxonomy":"post_tag","embeddable":true,"href":"https:\/\/www.fastbookspa.it\/index.php\/wp-json\/wp\/v2\/tags?post=1720"}],"curies":[{"name":"wp","href":"https:\/\/api.w.org\/{rel}","templated":true}]}}