{"id":1792,"date":"2025-02-12T18:23:01","date_gmt":"2025-02-12T17:23:01","guid":{"rendered":"https:\/\/www.fastbookspa.it\/?p=1792"},"modified":"2025-07-21T11:49:33","modified_gmt":"2025-07-21T09:49:33","slug":"la-prima-regina-il-nuovo-romanzo-di-alessandra-selmi","status":"publish","type":"post","link":"https:\/\/www.fastbookspa.it\/index.php\/2025\/02\/12\/la-prima-regina-il-nuovo-romanzo-di-alessandra-selmi\/","title":{"rendered":"Fast-interviste: Alessandra Selmi"},"content":{"rendered":"\n<p><em>La prima regina<\/em>, il nuovo romanzo di <strong>Alessandra Selmi<\/strong>, edito da <strong><a href=\"https:\/\/www.editricenord.it\/\" target=\"_blank\" rel=\"noopener\">Nord<\/a><\/strong>, ci immerge nell\u2019Italia postunitaria, un\u2019epoca di profondi cambiamenti e contraddizioni. La storia si sviluppa nell\u2019arco di circa trent\u2019anni e intreccia i destini di due donne: <strong>Margherita di Savoia<\/strong>, la prima regina d\u2019Italia, e <strong>Nina<\/strong>, una giovane cameriera a servizio nella <strong>Villa Reale di Monza<\/strong>. Due figure apparentemente distanti, ma accomunate dal peso delle aspettative imposte dalla societ\u00e0 dell\u2019epoca. <a href=\"https:\/\/fb.watch\/xKLBiWemAU\/\" target=\"_blank\" rel=\"noopener\"><strong>QUI <\/strong><\/a>la video-intervista all&#8217;autrice.<\/p>\n\n\n\n<div class=\"wp-block-columns is-layout-flex wp-container-core-columns-is-layout-28f84493 wp-block-columns-is-layout-flex\">\n<div class=\"wp-block-column is-layout-flow wp-block-column-is-layout-flow\" style=\"flex-basis:33.33%\">\n<figure class=\"wp-block-image size-large\"><img loading=\"lazy\" decoding=\"async\" width=\"683\" height=\"1024\" src=\"https:\/\/www.fastbookspa.it\/wp-content\/uploads\/2025\/02\/La-prima-regina-Alessandra-Selmi-683x1024.jpg\" alt=\"Copertina del libro La prima regina di Alessandra Selmi\" class=\"wp-image-1793\" srcset=\"https:\/\/www.fastbookspa.it\/wp-content\/uploads\/2025\/02\/La-prima-regina-Alessandra-Selmi-683x1024.jpg 683w, https:\/\/www.fastbookspa.it\/wp-content\/uploads\/2025\/02\/La-prima-regina-Alessandra-Selmi-200x300.jpg 200w, https:\/\/www.fastbookspa.it\/wp-content\/uploads\/2025\/02\/La-prima-regina-Alessandra-Selmi-768x1152.jpg 768w, https:\/\/www.fastbookspa.it\/wp-content\/uploads\/2025\/02\/La-prima-regina-Alessandra-Selmi.jpg 1000w\" sizes=\"auto, (max-width: 683px) 100vw, 683px\" \/><\/figure>\n<\/div>\n\n\n\n<div class=\"wp-block-column is-layout-flow wp-block-column-is-layout-flow\" style=\"flex-basis:66.66%\">\n<p><strong>Un romanzo tra storia e finzione<\/strong><\/p>\n\n\n\n<p>Due donne, due esistenze apparentemente lontane, accomunate per\u00f2 dalla stessa condizione: l\u2019essere imprigionate nei ruoli ai quali la societ\u00e0 del tempo le obbliga. Se da un lato Margherita deve farsi carico della corona, dall\u2019altro Nina affronta le rigidit\u00e0 di una societ\u00e0 che sembra volerla relegare ai margini. Con una scrittura immersiva e densa di sensazioni, Alessandra Selmi riesce a restituire non solo le vicende delle sue protagoniste, ma anche le emozioni, i profumi, i suoni e persino i sapori di un\u2019epoca.<\/p>\n\n\n\n<p><strong>La sfida di raccontare Margherita<\/strong><\/p>\n\n\n\n<p>Uno degli aspetti pi\u00f9 complessi del romanzo \u00e8 stato rendere <strong>umana<\/strong> la figura della regina. Margherita di Savoia, infatti, \u00e8 passata alla storia come una donna senza sbavature, sempre perfetta, quasi bidimensionale. Selmi ha dovuto leggere tra le righe delle fonti storiche, cercando di immaginare cosa potesse provare una diciassettenne costretta a sposare un cugino che non amava, con l\u2019unico compito di garantire un erede. Un lavoro di immedesimazione e speculazione che ha richiesto grande cura, ma che ha restituito un personaggio sfaccettato e profondo.<\/p>\n\n\n\n<p>&#8220;Io sono una scrittrice che deve essere con i piedi nelle storie, non riesco a stare fuori,&#8221; racconta Selmi intervistata da Fastbook. &#8220;Mentre scrivo, mi immergo completamente nella vicenda, mi chiedo sempre cosa potrebbero provare i personaggi, cosa sentirebbero sulla pelle, che odori e sapori percepirebbero. Questo \u00e8 il mio modo di vivere la scrittura: un\u2019esperienza totale.&#8221;<\/p>\n<\/div>\n<\/div>\n\n\n\n<p><\/p>\n\n\n\n<div class=\"wp-block-columns is-layout-flex wp-container-core-columns-is-layout-28f84493 wp-block-columns-is-layout-flex\">\n<div class=\"wp-block-column is-layout-flow wp-block-column-is-layout-flow\" style=\"flex-basis:66.66%\">\n<div class=\"wp-block-columns is-layout-flex wp-container-core-columns-is-layout-28f84493 wp-block-columns-is-layout-flex\">\n<div class=\"wp-block-column is-layout-flow wp-block-column-is-layout-flow\">\n<div class=\"wp-block-columns is-layout-flex wp-container-core-columns-is-layout-28f84493 wp-block-columns-is-layout-flex\">\n<div class=\"wp-block-column is-layout-flow wp-block-column-is-layout-flow\" style=\"flex-basis:66.66%\"><\/div>\n\n\n\n<div class=\"wp-block-column is-layout-flow wp-block-column-is-layout-flow\" style=\"flex-basis:33.33%\"><\/div>\n<\/div>\n<\/div>\n\n\n\n<div class=\"wp-block-column is-layout-flow wp-block-column-is-layout-flow\"><\/div>\n<\/div>\n<\/div>\n\n\n\n<div class=\"wp-block-column is-layout-flow wp-block-column-is-layout-flow\" style=\"flex-basis:33.33%\"><\/div>\n<\/div>\n\n\n\n<div class=\"wp-block-columns is-layout-flex wp-container-core-columns-is-layout-28f84493 wp-block-columns-is-layout-flex\">\n<div class=\"wp-block-column is-layout-flow wp-block-column-is-layout-flow\" style=\"flex-basis:66.66%\">\n<p><strong>La storia con la S maiuscola e le vite dei personaggi<\/strong><\/p>\n\n\n\n<p>Nel romanzo, la <strong>grande Storia<\/strong> \u00e8 presente, ma non in modo predominante. La Breccia di Porta Pia, come molti altri eventi cruciali del tempo, fanno da sfondo alla vita dei protagonisti, proprio come accade nella realt\u00e0: la storia con la S maiuscola si riflette nelle vite quotidiane senza necessariamente esserne il fulcro. Come sottolinea Selmi, &#8220;anche oggi, abbassare il riscaldamento a causa di una guerra lontana significa vivere la Storia sulla propria pelle&#8221;.<\/p>\n\n\n\n<p><\/p>\n<\/div>\n\n\n\n<div class=\"wp-block-column is-layout-flow wp-block-column-is-layout-flow\" style=\"flex-basis:33.33%\">\n<figure class=\"wp-block-image size-large\"><img loading=\"lazy\" decoding=\"async\" width=\"1024\" height=\"858\" src=\"https:\/\/www.fastbookspa.it\/wp-content\/uploads\/2025\/02\/Alessandra-Selmim-1-1024x858.jpg\" alt=\"Alessandra Selmi e il suo romanzo La prima regina, Nord\" class=\"wp-image-1795\" srcset=\"https:\/\/www.fastbookspa.it\/wp-content\/uploads\/2025\/02\/Alessandra-Selmim-1-1024x858.jpg 1024w, https:\/\/www.fastbookspa.it\/wp-content\/uploads\/2025\/02\/Alessandra-Selmim-1-300x251.jpg 300w, https:\/\/www.fastbookspa.it\/wp-content\/uploads\/2025\/02\/Alessandra-Selmim-1-768x644.jpg 768w, https:\/\/www.fastbookspa.it\/wp-content\/uploads\/2025\/02\/Alessandra-Selmim-1.jpg 1342w\" sizes=\"auto, (max-width: 1024px) 100vw, 1024px\" \/><\/figure>\n<\/div>\n<\/div>\n\n\n\n<p><strong>Un messaggio attuale<\/strong><\/p>\n\n\n\n<p>Al centro del romanzo c\u2019\u00e8 una riflessione sulle aspettative sociali e sui ruoli imposti, un tema che resta attuale. Margherita, pur rimanendo nei limiti del proprio ruolo, ha trovato un modo per affermarsi. &#8220;Anche oggi tante donne sono prigioniere di ruoli imposti. Margherita ci dimostra che \u00e8 possibile trovare un margine di emancipazione, anche senza uscire dai confini dettati dalla societ\u00e0. Il vero obiettivo \u00e8 seguire i propri desideri e non le aspettative degli altri.&#8221;<\/p>\n\n\n\n<p>Con <em>La prima regina<\/em>, <strong>Alessandra Selmi<\/strong> ci regala una storia intensa, capace di far dialogare passato e presente, attraverso la vita di due donne diverse, ma unite dalla stessa lotta per la propria identit\u00e0.<\/p>\n","protected":false},"excerpt":{"rendered":"<p>Copertina del libro La prima regina di Alessandra Selmi, un romanzo storico che intreccia le vite della regina Margherita e di Nina, giovane cameriera di corte, nell&#8217;Italia postunitaria. Scopri la nostra recensione su Fastbook.<\/p>\n","protected":false},"author":3,"featured_media":1806,"comment_status":"open","ping_status":"open","sticky":false,"template":"","format":"standard","meta":{"footnotes":""},"categories":[7,588,455],"tags":[499,501,502,500,503,504,505],"class_list":["post-1792","post","type-post","status-publish","format-standard","has-post-thumbnail","hentry","category-blog","category-interviste","category-libri","tag-alessandra-selmi","tag-casa-editrice-nord","tag-emancipazione-femminile","tag-la-prima-regina","tag-monarchia","tag-risorgimento","tag-xix-secolo"],"_links":{"self":[{"href":"https:\/\/www.fastbookspa.it\/index.php\/wp-json\/wp\/v2\/posts\/1792","targetHints":{"allow":["GET"]}}],"collection":[{"href":"https:\/\/www.fastbookspa.it\/index.php\/wp-json\/wp\/v2\/posts"}],"about":[{"href":"https:\/\/www.fastbookspa.it\/index.php\/wp-json\/wp\/v2\/types\/post"}],"author":[{"embeddable":true,"href":"https:\/\/www.fastbookspa.it\/index.php\/wp-json\/wp\/v2\/users\/3"}],"replies":[{"embeddable":true,"href":"https:\/\/www.fastbookspa.it\/index.php\/wp-json\/wp\/v2\/comments?post=1792"}],"version-history":[{"count":8,"href":"https:\/\/www.fastbookspa.it\/index.php\/wp-json\/wp\/v2\/posts\/1792\/revisions"}],"predecessor-version":[{"id":1822,"href":"https:\/\/www.fastbookspa.it\/index.php\/wp-json\/wp\/v2\/posts\/1792\/revisions\/1822"}],"wp:featuredmedia":[{"embeddable":true,"href":"https:\/\/www.fastbookspa.it\/index.php\/wp-json\/wp\/v2\/media\/1806"}],"wp:attachment":[{"href":"https:\/\/www.fastbookspa.it\/index.php\/wp-json\/wp\/v2\/media?parent=1792"}],"wp:term":[{"taxonomy":"category","embeddable":true,"href":"https:\/\/www.fastbookspa.it\/index.php\/wp-json\/wp\/v2\/categories?post=1792"},{"taxonomy":"post_tag","embeddable":true,"href":"https:\/\/www.fastbookspa.it\/index.php\/wp-json\/wp\/v2\/tags?post=1792"}],"curies":[{"name":"wp","href":"https:\/\/api.w.org\/{rel}","templated":true}]}}