{"id":1861,"date":"2025-03-03T11:00:13","date_gmt":"2025-03-03T10:00:13","guid":{"rendered":"https:\/\/www.fastbookspa.it\/?p=1861"},"modified":"2025-07-21T11:49:14","modified_gmt":"2025-07-21T09:49:14","slug":"ciriaco-offeddu-e-il-fascino-oscuro-di-istella-mea","status":"publish","type":"post","link":"https:\/\/www.fastbookspa.it\/index.php\/2025\/03\/03\/ciriaco-offeddu-e-il-fascino-oscuro-di-istella-mea\/","title":{"rendered":"Ciriaco Offeddu e il fascino oscuro di Istella mea"},"content":{"rendered":"\n<p>Parlare con <strong>Ciriaco Offeddu<\/strong> significa immergersi in un mondo fatto di memoria, radici e mistero. In questa intervista, l\u2019autore racconta la genesi del suo nuovo romanzo, <em>Istella mea<\/em> (<a href=\"https:\/\/giunti.it\/?srsltid=AfmBOoredlDpcnYHhubN_9JZiuyKZFQyKodxxYsoKN6nCrB679lsHicg\" target=\"_blank\" rel=\"noopener\">Giunti<\/a>), un\u2019opera in cui il realismo magico si innesta in una Sardegna ricca di suggestioni e mistero.<\/p>\n\n\n\n<p><strong>Radici sarde e realismo magico<\/strong><\/p>\n\n\n\n<p>Uno degli aspetti pi\u00f9 affascinanti di <em>Istella mea<\/em> \u00e8 la sua densit\u00e0 narrativa: il testo affonda le radici nella Sardegna pi\u00f9 arcaica, per poi aprirsi a una dimensione quasi onirica.<\/p>\n\n\n\n<p>Nel corso dell&#8217;intervista, Offeddu racconta di aver scritto il libro quasi per necessit\u00e0, sopraffatto dalla distanza che lo separava dalla sua terra mentre si trovava a Hong Kong. Un richiamo potente, fatto di colori, suoni e atmosfere, che lo ha spinto a ripercorrere le storie della sua infanzia e a dar vita a un romanzo sospeso tra memoria e mito.<\/p>\n\n\n\n<p>Al centro della sua ispirazione ci sono due figure fondamentali: le sue nonne. Due donne straordinarie e diversissime tra loro, una pi\u00f9 popolare e vicina ai rituali magici della tradizione, l\u2019altra legata a un mondo spirituale e quasi medianico. \u201cLe mie nonne erano l\u2019anima della casa e del paese,\u201d racconta Offeddu, \u201cportavano dentro di s\u00e9 il peso della storia e la potenza delle credenze antiche\u201d Da loro derivano molte delle suggestioni che popolano il romanzo, tra incantesimi sussurrati e visioni mistiche, che si intrecciano alla storia di una Sardegna ancestrale e immutabile.<\/p>\n\n\n\n<div class=\"wp-block-columns is-layout-flex wp-container-core-columns-is-layout-28f84493 wp-block-columns-is-layout-flex\">\n<div class=\"wp-block-column is-layout-flow wp-block-column-is-layout-flow\" style=\"flex-basis:33.33%\">\n<figure class=\"wp-block-image size-large\"><img loading=\"lazy\" decoding=\"async\" width=\"670\" height=\"1024\" src=\"https:\/\/www.fastbookspa.it\/wp-content\/uploads\/2025\/03\/Istella-mea-Ciriaco-Offeddu-670x1024.jpg\" alt=\"\" class=\"wp-image-1866\" srcset=\"https:\/\/www.fastbookspa.it\/wp-content\/uploads\/2025\/03\/Istella-mea-Ciriaco-Offeddu-670x1024.jpg 670w, https:\/\/www.fastbookspa.it\/wp-content\/uploads\/2025\/03\/Istella-mea-Ciriaco-Offeddu-196x300.jpg 196w, https:\/\/www.fastbookspa.it\/wp-content\/uploads\/2025\/03\/Istella-mea-Ciriaco-Offeddu-768x1173.jpg 768w, https:\/\/www.fastbookspa.it\/wp-content\/uploads\/2025\/03\/Istella-mea-Ciriaco-Offeddu.jpg 982w\" sizes=\"auto, (max-width: 670px) 100vw, 670px\" \/><\/figure>\n<\/div>\n\n\n\n<div class=\"wp-block-column is-layout-flow wp-block-column-is-layout-flow\" style=\"flex-basis:66.66%\">\n<p><strong>Amore, perdita e vendetta: la forza che muove Rechella<\/strong><\/p>\n\n\n\n<p><em>Istella mea<\/em> \u00e8 il romanzo di una vita, quella di <strong>Rechella<\/strong>, che cresce tra sogni e incubi, illusioni e disillusioni. Il cuore della sua storia batte in due pulsazioni complementari: l\u2019amore e la vendetta. Se da un lato il legame con <strong>Martino<\/strong> la segna profondamente, dall\u2019altro il destino tragico di lui accender\u00e0 in lei un fuoco inestinguibile, che la spinger\u00e0 a cercare risposte e giustizia oltre ogni limite.<\/p>\n\n\n\n<p>Il sentimento che lega Rechella a Martino non \u00e8 mai lineare. Nasce nell\u2019adolescenza con il fervore di una scoperta assoluta, ma non fa in tempo a stabilizzarsi: viene spezzato dalla tragedia prima ancora che possa compiersi. \u00c8 in questo squarcio che si insinua la vendetta, trasformando la vita della protagonista in una caccia ossessiva, un percorso tortuoso che la porter\u00e0 a confrontarsi con il peso del destino e con le scelte che la definiscono.<\/p>\n\n\n\n<p>Offeddu descrive magistralmente questa tensione, in cui amore e odio si intrecciano fino a diventare indistinguibili. <strong>Quanto di ci\u00f2 che ci accade \u00e8 gi\u00e0 scritto? E quanto, invece, dipende dalla nostra volont\u00e0?<\/strong> <em>Istella mea<\/em> non offre risposte facili, ma scava nelle ombre del libero arbitrio, lasciando emergere domande che restano sospese come una profezia non decifrata.<\/p>\n\n\n\n<p>Rechella \u00e8 una protagonista che si muove tra due forze magnetiche e inarrestabili: la memoria e il riscatto. Ci\u00f2 che ha perso la perseguita, ci\u00f2 che non riesce a capire appieno la consuma. Ed \u00e8 proprio in questa tensione che il romanzo trova la sua intensit\u00e0 pi\u00f9 profonda: non nella dolcezza dei sentimenti, ma nel loro lato oscuro, nell\u2019ossessione che li alimenta, nella rabbia che impedisce alla ferita di rimarginarsi.<\/p>\n<\/div>\n<\/div>\n\n\n\n<p><\/p>\n\n\n\n<p><\/p>\n\n\n\n<p><strong>Il fascino del male e il potere della manipolazione<\/strong><\/p>\n\n\n\n<p>Oltre all\u2019amore e alla vendetta, un altro tema portante del romanzo \u00e8 la presenza del male, incarnato nel personaggio di Jaja, una figura che sovrasta gli altri con la sua forza oscura. Offeddu tratteggia una personalit\u00e0 ambigua e manipolatoria, capace di piegare la realt\u00e0 al proprio volere e di agire sulle persone con una pericolosa sete di dominio.<\/p>\n\n\n\n<p>\u201cIl male, quando \u00e8 pi\u00f9 pericoloso, non ha bisogno di gridare,\u201d osserva Offeddu. \u201c\u00c8 sottile, insinuante, pu\u00f2 assumere la forma del carisma e della protezione.\u201d<\/p>\n\n\n\n<p>Ma Jaja non \u00e8 solo un personaggio negativo. \u00c8 una presenza che sfida il lettore, costringendolo a riflettere sulla sottile linea tra carisma e inganno, tra autorit\u00e0 e sopraffazione. Un simbolo di quei legami tossici che spesso si mascherano da relazioni salvifiche, ma che finiscono per trascinare chi ne \u00e8 coinvolto in un vortice senza via d\u2019uscita.<\/p>\n\n\n\n<p><strong>Sardegna e Argentina: il viaggio degli esuli<\/strong><\/p>\n\n\n\n<p><em>Istella mea<\/em> non si ferma alla Sardegna. Il romanzo attraversa l\u2019oceano e arriva fino a Buenos Aires, citt\u00e0 che, nella sua malinconia, richiama profondamente lo spirito sardo. L\u2019Argentina \u00e8 stata per secoli meta di emigrazione per i sardi, una terra che ha accolto e trasformato i suoi abitanti, lasciandoli per\u00f2 con un\u2019irriducibile nostalgia per le proprie origini.<\/p>\n\n\n\n<p>Il senso di dislocazione, che emerge forte nel romanzo, \u00e8 il riflesso di questa ferita. I personaggi si muovono tra mondi lontani, cercando un\u2019identit\u00e0 che sembra sempre sfuggire loro. \u201cHo sempre pensato che la vera casa non sia mai solo un luogo fisico,\u201d dice Offeddu. \u201c\u00c8 fatta di voci, di ricordi, di assenze.\u201d<\/p>\n\n\n\n<p>Offeddu, con la sua esperienza personale di espatriato, restituisce questa sensazione con una scrittura che mescola ricordo e perdita, desiderio di appartenenza e impossibilit\u00e0 di colmare il vuoto. Il romanzo diventa cos\u00ec un ponte tra due mondi, un viaggio interiore che attraversa il tempo e lo spazio.<\/p>\n\n\n\n<figure class=\"wp-block-image size-large\"><img loading=\"lazy\" decoding=\"async\" width=\"1024\" height=\"358\" src=\"https:\/\/www.fastbookspa.it\/wp-content\/uploads\/2025\/03\/ISTELLA-MEA2-1024x358.jpg\" alt=\"\" class=\"wp-image-1864\" srcset=\"https:\/\/www.fastbookspa.it\/wp-content\/uploads\/2025\/03\/ISTELLA-MEA2-1024x358.jpg 1024w, https:\/\/www.fastbookspa.it\/wp-content\/uploads\/2025\/03\/ISTELLA-MEA2-300x105.jpg 300w, https:\/\/www.fastbookspa.it\/wp-content\/uploads\/2025\/03\/ISTELLA-MEA2-768x269.jpg 768w, https:\/\/www.fastbookspa.it\/wp-content\/uploads\/2025\/03\/ISTELLA-MEA2-1536x537.jpg 1536w, https:\/\/www.fastbookspa.it\/wp-content\/uploads\/2025\/03\/ISTELLA-MEA2-2048x717.jpg 2048w\" sizes=\"auto, (max-width: 1024px) 100vw, 1024px\" \/><\/figure>\n\n\n\n<p><strong>Un romanzo che lascia il segno<\/strong><\/p>\n\n\n\n<p>Con <em>Istella mea<\/em>, Ciriaco Offeddu firma un romanzo di grande respiro, capace di unire l\u2019intimit\u00e0 delle storie personali alla vastit\u00e0 della Storia collettiva. Un libro in cui realt\u00e0 e mito si intrecciano, tra Sardegna, amore, vendetta e realismo magico.<\/p>\n\n\n\n<p>\ud83d\udcfa Guarda l\u2019intervista completa a Ciriaco Offeddu su Fastbook <a href=\"https:\/\/www.facebook.com\/fastbookspa.it\/videos\/1676115069652346\" target=\"_blank\" rel=\"noopener\">\ud83d\udc49 <strong>Diretta Facebook<\/strong><\/a><\/p>\n","protected":false},"excerpt":{"rendered":"<p>Parlare con Ciriaco Offeddu significa immergersi in un mondo fatto di memoria, radici e mistero. In questa intervista, l\u2019autore racconta la genesi del suo nuovo romanzo, Istella mea (Giunti), un\u2019opera in cui il realismo magico si innesta in una Sardegna ricca di suggestioni e mistero. Radici sarde e realismo magico Uno degli aspetti pi\u00f9 affascinanti&#8230; <a class=\"read-more\" href=\"https:\/\/www.fastbookspa.it\/index.php\/2025\/03\/03\/ciriaco-offeddu-e-il-fascino-oscuro-di-istella-mea\/\">Continua a leggere<\/a><\/p>\n","protected":false},"author":3,"featured_media":1867,"comment_status":"open","ping_status":"open","sticky":false,"template":"","format":"standard","meta":{"footnotes":""},"categories":[7,588,455],"tags":[514,101,513,517,516],"class_list":["post-1861","post","type-post","status-publish","format-standard","has-post-thumbnail","hentry","category-blog","category-interviste","category-libri","tag-ciriaco-offeddu","tag-giunti","tag-istella-mea","tag-realismo-magico","tag-sardegna"],"_links":{"self":[{"href":"https:\/\/www.fastbookspa.it\/index.php\/wp-json\/wp\/v2\/posts\/1861","targetHints":{"allow":["GET"]}}],"collection":[{"href":"https:\/\/www.fastbookspa.it\/index.php\/wp-json\/wp\/v2\/posts"}],"about":[{"href":"https:\/\/www.fastbookspa.it\/index.php\/wp-json\/wp\/v2\/types\/post"}],"author":[{"embeddable":true,"href":"https:\/\/www.fastbookspa.it\/index.php\/wp-json\/wp\/v2\/users\/3"}],"replies":[{"embeddable":true,"href":"https:\/\/www.fastbookspa.it\/index.php\/wp-json\/wp\/v2\/comments?post=1861"}],"version-history":[{"count":2,"href":"https:\/\/www.fastbookspa.it\/index.php\/wp-json\/wp\/v2\/posts\/1861\/revisions"}],"predecessor-version":[{"id":1868,"href":"https:\/\/www.fastbookspa.it\/index.php\/wp-json\/wp\/v2\/posts\/1861\/revisions\/1868"}],"wp:featuredmedia":[{"embeddable":true,"href":"https:\/\/www.fastbookspa.it\/index.php\/wp-json\/wp\/v2\/media\/1867"}],"wp:attachment":[{"href":"https:\/\/www.fastbookspa.it\/index.php\/wp-json\/wp\/v2\/media?parent=1861"}],"wp:term":[{"taxonomy":"category","embeddable":true,"href":"https:\/\/www.fastbookspa.it\/index.php\/wp-json\/wp\/v2\/categories?post=1861"},{"taxonomy":"post_tag","embeddable":true,"href":"https:\/\/www.fastbookspa.it\/index.php\/wp-json\/wp\/v2\/tags?post=1861"}],"curies":[{"name":"wp","href":"https:\/\/api.w.org\/{rel}","templated":true}]}}