{"id":1903,"date":"2025-03-25T15:12:23","date_gmt":"2025-03-25T14:12:23","guid":{"rendered":"https:\/\/www.fastbookspa.it\/?p=1903"},"modified":"2025-12-03T11:11:58","modified_gmt":"2025-12-03T10:11:58","slug":"i-libri-di-marzo-2025","status":"publish","type":"post","link":"https:\/\/www.fastbookspa.it\/index.php\/2025\/03\/25\/i-libri-di-marzo-2025\/","title":{"rendered":"Freschi di stampa: i libri di marzo 2025"},"content":{"rendered":"\n<p>Se sei in cerca di <strong>libri nuovi di zecca<\/strong>, appena arrivati sugli scaffali, qui trovi i titoli che stanno facendo parlare di s\u00e9. Dai grandi nomi della narrativa internazionale ai romanzi per giovani lettori, passando per le uscite pi\u00f9 discusse del mese, ecco una selezione di <strong>novit\u00e0 editoriali fresche di stampa<\/strong>, ordinate per data di uscita.<\/p>\n\n\n\n<div class=\"wp-block-columns is-layout-flex wp-container-core-columns-is-layout-28f84493 wp-block-columns-is-layout-flex\">\n<div class=\"wp-block-column is-layout-flow wp-block-column-is-layout-flow\">\n<figure class=\"wp-block-image size-large is-resized\"><img loading=\"lazy\" decoding=\"async\" width=\"682\" height=\"1024\" src=\"https:\/\/www.fastbookspa.it\/wp-content\/uploads\/2025\/03\/9788842936367-682x1024.jpg\" alt=\"Copertina libro di  Helen Simonson \u2013 Le ragazze del club della motocicletta\" class=\"wp-image-1907\" style=\"width:342px;height:auto\" srcset=\"https:\/\/www.fastbookspa.it\/wp-content\/uploads\/2025\/03\/9788842936367-682x1024.jpg 682w, https:\/\/www.fastbookspa.it\/wp-content\/uploads\/2025\/03\/9788842936367-200x300.jpg 200w, https:\/\/www.fastbookspa.it\/wp-content\/uploads\/2025\/03\/9788842936367-768x1153.jpg 768w, https:\/\/www.fastbookspa.it\/wp-content\/uploads\/2025\/03\/9788842936367.jpg 999w\" sizes=\"auto, (max-width: 682px) 100vw, 682px\" \/><\/figure>\n<\/div>\n\n\n\n<div class=\"wp-block-column is-layout-flow wp-block-column-is-layout-flow\">\n<p><strong>\ud83c\udf1f Helen Simonson \u2013 <em>Le ragazze del club della motocicletta<\/em><\/strong><\/p>\n\n\n\n<p><a href=\"https:\/\/www.editricenord.it\/\" target=\"_blank\" rel=\"noopener\"><strong>Nord<\/strong> <\/a>\u2013 <strong>EAN: 9788842936367<\/strong> \u2013 <strong>Uscita: 04 marzo 2025<\/strong><\/p>\n\n\n\n<p>L&#8217;autrice britannica di <em>Il club del dolce far niente<\/em> torna con un romanzo ambientato nell&#8217;estate del 1919. Constance Haverhill, costretta a lasciare il suo lavoro al rientro degli uomini dal fronte, accetta un impiego come dama di compagnia in un tranquillo paesino marittimo. L\u00ec incontra Poppy Wirrall, ex staffetta di guerra e appassionata motociclista, a capo di un gruppo di ragazze determinate a non farsi ricacciare nei ruoli tradizionali. Tra sidecar, sogni di volo e amicizie sincere, Constance scopre che si pu\u00f2 ancora scegliere la propria strada. Un romanzo di emancipazione e libert\u00e0, carico di grinta e tenerezza.<\/p>\n<\/div>\n<\/div>\n\n\n\n<hr class=\"wp-block-separator has-alpha-channel-opacity\"\/>\n\n\n\n<p><\/p>\n\n\n\n<div class=\"wp-block-columns is-layout-flex wp-container-core-columns-is-layout-28f84493 wp-block-columns-is-layout-flex\">\n<div class=\"wp-block-column is-layout-flow wp-block-column-is-layout-flow\">\n<p><strong>\u2602\ufe0f Imogen Clark &#8211; <em>La felicit\u00e0 nei giorni di pioggia<\/em><\/strong><\/p>\n\n\n\n<p><strong><a href=\"https:\/\/www.pienogiorno.it\/\" target=\"_blank\" rel=\"noopener\">Libreria Pienogiorno<\/a><\/strong> \u2013 <strong>EAN: 9791281368682<\/strong> &#8211; <strong>Uscita: 05 marzo 2025<\/strong><\/p>\n\n\n\n<p>Romany ha appena compiuto diciott\u2019anni quando perde l\u2019unico genitore che abbia mai conosciuto: sua madre Angie, scomparsa all\u2019improvviso. Prima di morire, Angie ha affidato a un avvocato una lettera con cui incarica i suoi amici pi\u00f9 cari di prendersi cura di Romany per l\u2019ultimo anno di scuola superiore. Ciascuno di loro incarna una visione diversa della vita e affronta questo impegno con emozioni contrastanti. Ma c\u2019\u00e8 anche una quarta tutrice misteriosa, Hope, che nessuno conosceva. Un romanzo corale sull\u2019elaborazione del lutto, sull\u2019amicizia e sul coraggio di crescere insieme.<\/p>\n<\/div>\n\n\n\n<div class=\"wp-block-column is-layout-flow wp-block-column-is-layout-flow\">\n<figure class=\"wp-block-image size-large is-resized\"><img loading=\"lazy\" decoding=\"async\" width=\"732\" height=\"1024\" src=\"https:\/\/www.fastbookspa.it\/wp-content\/uploads\/2025\/03\/9791281368682-732x1024.jpg\" alt=\"Copertina libro di  Imogen Clark - La felicit\u00e0 nei giorni di pioggia\" class=\"wp-image-1918\" style=\"width:344px;height:auto\" srcset=\"https:\/\/www.fastbookspa.it\/wp-content\/uploads\/2025\/03\/9791281368682-732x1024.jpg 732w, https:\/\/www.fastbookspa.it\/wp-content\/uploads\/2025\/03\/9791281368682-214x300.jpg 214w, https:\/\/www.fastbookspa.it\/wp-content\/uploads\/2025\/03\/9791281368682-768x1074.jpg 768w, https:\/\/www.fastbookspa.it\/wp-content\/uploads\/2025\/03\/9791281368682.jpg 1000w\" sizes=\"auto, (max-width: 732px) 100vw, 732px\" \/><\/figure>\n<\/div>\n<\/div>\n\n\n\n<hr class=\"wp-block-separator has-alpha-channel-opacity\"\/>\n\n\n\n<div class=\"wp-block-columns is-layout-flex wp-container-core-columns-is-layout-28f84493 wp-block-columns-is-layout-flex\">\n<div class=\"wp-block-column is-layout-flow wp-block-column-is-layout-flow\">\n<figure class=\"wp-block-image size-large is-resized\"><img loading=\"lazy\" decoding=\"async\" width=\"655\" height=\"1024\" src=\"https:\/\/www.fastbookspa.it\/wp-content\/uploads\/2025\/03\/9788806264369-655x1024.jpg\" alt=\"Copertina libro di Jo Nesb\u00f8 \u2013 La famiglia\" class=\"wp-image-1908\" style=\"width:337px;height:auto\" srcset=\"https:\/\/www.fastbookspa.it\/wp-content\/uploads\/2025\/03\/9788806264369-655x1024.jpg 655w, https:\/\/www.fastbookspa.it\/wp-content\/uploads\/2025\/03\/9788806264369-192x300.jpg 192w, https:\/\/www.fastbookspa.it\/wp-content\/uploads\/2025\/03\/9788806264369-768x1200.jpg 768w, https:\/\/www.fastbookspa.it\/wp-content\/uploads\/2025\/03\/9788806264369.jpg 960w\" sizes=\"auto, (max-width: 655px) 100vw, 655px\" \/><\/figure>\n<\/div>\n\n\n\n<div class=\"wp-block-column is-layout-flow wp-block-column-is-layout-flow\">\n<p><strong>\ud83d\udc6a Jo Nesb\u00f8 \u2013 <em>La famiglia<\/em><\/strong><\/p>\n\n\n\n<p><a href=\"https:\/\/www.einaudi.it\/\" target=\"_blank\" rel=\"noopener\"><strong>Einaudi<\/strong> <\/a>\u2013 <strong>EAN: 9788806264369<\/strong> \u2013 <strong>Uscita: 11 marzo 2025<\/strong><\/p>\n\n\n\n<p>Il celebre autore norvegese torna con i personaggi gi\u00e0 protagonisti de <em>I fratelli<\/em>, per raccontare un nuovo capitolo di tensioni familiari e dilemmi morali. Due fratelli, una promessa, e un destino segnato dal crimine: <strong><em>La famiglia<\/em><\/strong> \u00e8 una tragedia shakespeariana in salsa scandinava. Scritto con ritmo serrato e senza un grammo di piet\u00e0, \u00e8 uno dei titoli pi\u00f9 forti di marzo 2025.<\/p>\n<\/div>\n<\/div>\n\n\n\n<hr class=\"wp-block-separator has-alpha-channel-opacity\"\/>\n\n\n\n<p><\/p>\n\n\n\n<div class=\"wp-block-columns is-layout-flex wp-container-core-columns-is-layout-28f84493 wp-block-columns-is-layout-flex\">\n<div class=\"wp-block-column is-layout-flow wp-block-column-is-layout-flow\">\n<p><strong>\ud83c\udfe6 Mario Giordano \u2013 <em>Dynasty. Ascesa e declino della famiglia Berlusconi<\/em><\/strong><\/p>\n\n\n\n<p><a href=\"https:\/\/www.rizzolilibri.it\/\" target=\"_blank\" rel=\"noopener\"><strong>Rizzoli<\/strong> <\/a>\u2013 <strong>EAN: 9788817193412<\/strong> \u2013 <strong>Uscita: 11 marzo 2025<\/strong><\/p>\n\n\n\n<p>Il giornalista noto per il suo stile polemico e diretto firma un\u2019inchiesta sulle grandi famiglie dell\u2019imprenditoria italiana: dagli Agnelli ai Del Vecchio, dai Benetton ai De Benedetti. Con tono graffiante e ritmo incalzante, Giordano racconta come i grandi imperi economici si siano sgretolati sotto il peso di scandali, faide ereditarie, errori strategici e cambi generazionali. Un ritratto impietoso del potere privato in declino.<\/p>\n<\/div>\n\n\n\n<div class=\"wp-block-column is-layout-flow wp-block-column-is-layout-flow\">\n<figure class=\"wp-block-image size-full is-resized\"><img loading=\"lazy\" decoding=\"async\" width=\"500\" height=\"780\" src=\"https:\/\/www.fastbookspa.it\/wp-content\/uploads\/2025\/03\/9788817193412.jpg\" alt=\"Copertina libro di Mario Giordano Dynasty\" class=\"wp-image-1909\" style=\"width:289px;height:auto\" srcset=\"https:\/\/www.fastbookspa.it\/wp-content\/uploads\/2025\/03\/9788817193412.jpg 500w, https:\/\/www.fastbookspa.it\/wp-content\/uploads\/2025\/03\/9788817193412-192x300.jpg 192w\" sizes=\"auto, (max-width: 500px) 100vw, 500px\" \/><\/figure>\n<\/div>\n<\/div>\n\n\n\n<hr class=\"wp-block-separator has-alpha-channel-opacity\"\/>\n\n\n\n<div class=\"wp-block-columns is-layout-flex wp-container-core-columns-is-layout-28f84493 wp-block-columns-is-layout-flex\">\n<div class=\"wp-block-column is-layout-flow wp-block-column-is-layout-flow\">\n<figure class=\"wp-block-image size-large is-resized\"><img loading=\"lazy\" decoding=\"async\" width=\"719\" height=\"1024\" src=\"https:\/\/www.fastbookspa.it\/wp-content\/uploads\/2025\/03\/9788834620250-719x1024.jpg\" alt=\"Copertina libro Jo\u00ebl Dicker La catastrofica visita allo zoo\" class=\"wp-image-1910\" style=\"width:332px;height:auto\" srcset=\"https:\/\/www.fastbookspa.it\/wp-content\/uploads\/2025\/03\/9788834620250-719x1024.jpg 719w, https:\/\/www.fastbookspa.it\/wp-content\/uploads\/2025\/03\/9788834620250-211x300.jpg 211w, https:\/\/www.fastbookspa.it\/wp-content\/uploads\/2025\/03\/9788834620250-768x1094.jpg 768w, https:\/\/www.fastbookspa.it\/wp-content\/uploads\/2025\/03\/9788834620250.jpg 1000w\" sizes=\"auto, (max-width: 719px) 100vw, 719px\" \/><\/figure>\n<\/div>\n\n\n\n<div class=\"wp-block-column is-layout-flow wp-block-column-is-layout-flow\">\n<p><strong>\ud83d\udc3e Jo\u00ebl Dicker \u2013 <em>La catastrofica visita allo zoo<\/em><\/strong><\/p>\n\n\n\n<p><strong><a href=\"https:\/\/lanavediteseo.eu\/\" target=\"_blank\" rel=\"noopener\">La Nave di Teseo<\/a><\/strong> \u2013 <strong>EAN: 9788834620250<\/strong> \u2013 <strong>Uscita: 17 marzo 2025<\/strong><\/p>\n\n\n\n<p>Alla vigilia di Natale, una gita scolastica allo zoo si trasforma in un mistero indecifrabile. Anni dopo, Jos\u00e9phine \u2013 una delle bambine presenti \u2013 decide di raccontare ci\u00f2 che accadde davvero in quei giorni. Ma non \u00e8 facile distinguere tra ricordi, apparenze e realt\u00e0. Un romanzo sorprendente, divertente e toccante, con la tensione narrativa tipica dei libri di Dicker, che riflette su temi universali come la democrazia, l\u2019inclusione e i rapporti tra genitori e insegnanti.<\/p>\n<\/div>\n<\/div>\n\n\n\n<hr class=\"wp-block-separator has-alpha-channel-opacity\"\/>\n\n\n\n<div class=\"wp-block-columns is-layout-flex wp-container-core-columns-is-layout-28f84493 wp-block-columns-is-layout-flex\">\n<div class=\"wp-block-column is-layout-flow wp-block-column-is-layout-flow\">\n<p><strong>\ud83d\udcd6 Alessia Gazzola \u2013 <em>Miss Bee e il fantasma dell&#8217;ambasciata<\/em><\/strong><\/p>\n\n\n\n<p><a href=\"https:\/\/www.longanesi.it\/\" data-type=\"link\" data-id=\"https:\/\/www.longanesi.it\/\" target=\"_blank\" rel=\"noopener\"><strong>Longanesi<\/strong> <\/a>\u2013 <strong>EAN: 9788830462700<\/strong> &#8211; <strong>Uscita: 18 marzo 2025<\/strong><\/p>\n\n\n\n<p>Una nuova avventura per la detective pi\u00f9 elegante e intuitiva della narrativa italiana. In questa indagine, Miss Bee si muove tra intrighi diplomatici, salotti inglesi e misteri che profumano d&#8217;altri tempi. Il tutto condito dallo stile brillante e leggero di Alessia Gazzola.<\/p>\n<\/div>\n\n\n\n<div class=\"wp-block-column is-layout-flow wp-block-column-is-layout-flow\">\n<figure class=\"wp-block-image size-large is-resized\"><img loading=\"lazy\" decoding=\"async\" width=\"667\" height=\"1024\" src=\"https:\/\/www.fastbookspa.it\/wp-content\/uploads\/2025\/03\/9788830462700-667x1024.jpg\" alt=\"Copertina libro Alessia Gazzola Miss Bee e il fantasma dell'ambasciata\" class=\"wp-image-1911\" style=\"width:381px;height:auto\" srcset=\"https:\/\/www.fastbookspa.it\/wp-content\/uploads\/2025\/03\/9788830462700-667x1024.jpg 667w, https:\/\/www.fastbookspa.it\/wp-content\/uploads\/2025\/03\/9788830462700-195x300.jpg 195w, https:\/\/www.fastbookspa.it\/wp-content\/uploads\/2025\/03\/9788830462700-768x1179.jpg 768w, https:\/\/www.fastbookspa.it\/wp-content\/uploads\/2025\/03\/9788830462700.jpg 977w\" sizes=\"auto, (max-width: 667px) 100vw, 667px\" \/><\/figure>\n<\/div>\n<\/div>\n\n\n\n<hr class=\"wp-block-separator has-alpha-channel-opacity\"\/>\n\n\n\n<div class=\"wp-block-columns is-layout-flex wp-container-core-columns-is-layout-28f84493 wp-block-columns-is-layout-flex\">\n<div class=\"wp-block-column is-layout-flow wp-block-column-is-layout-flow\">\n<figure class=\"wp-block-image size-large is-resized\"><img loading=\"lazy\" decoding=\"async\" width=\"666\" height=\"1024\" src=\"https:\/\/www.fastbookspa.it\/wp-content\/uploads\/2025\/03\/9788811015307-666x1024.jpg\" alt=\"Copertina libro di Noriko Onuma \u2013 La pasticceria di mezzanotte. La straniera\" class=\"wp-image-1912\" style=\"width:320px;height:auto\" srcset=\"https:\/\/www.fastbookspa.it\/wp-content\/uploads\/2025\/03\/9788811015307-666x1024.jpg 666w, https:\/\/www.fastbookspa.it\/wp-content\/uploads\/2025\/03\/9788811015307-195x300.jpg 195w, https:\/\/www.fastbookspa.it\/wp-content\/uploads\/2025\/03\/9788811015307-768x1182.jpg 768w, https:\/\/www.fastbookspa.it\/wp-content\/uploads\/2025\/03\/9788811015307.jpg 975w\" sizes=\"auto, (max-width: 666px) 100vw, 666px\" \/><\/figure>\n<\/div>\n\n\n\n<div class=\"wp-block-column is-layout-flow wp-block-column-is-layout-flow\">\n<p><strong>\ud83c\udf70 Noriko Onuma \u2013 <em>La pasticceria di mezzanotte. La straniera<\/em><\/strong><\/p>\n\n\n\n<p><a href=\"https:\/\/www.garzanti.it\/\" data-type=\"link\" data-id=\"https:\/\/www.garzanti.it\/\" target=\"_blank\" rel=\"noopener\"><strong>Garzanti<\/strong> <\/a>\u2013 <strong>EAN: 9788811015307<\/strong> &#8211; <strong>Uscita: 18 marzo 2025<\/strong><\/p>\n\n\n\n<p>Primo capitolo di una saga di successo in Giappone, questo romanzo racconta l\u2019incanto che ogni notte si compie in una piccola pasticceria nascosta tra i vicoli di Kyoto. \u00c8 l\u00ec che si intrecciano le vite di personaggi molto diversi, ciascuno con il proprio bagaglio di ricordi, solitudini e speranze. Un luogo che sembra sospeso nel tempo, dove il calore dei dolci e la gentilezza creano legami inattesi. Una storia delicata e profondamente umana, che mescola malinconia e consolazione con rara eleganza.<\/p>\n<\/div>\n<\/div>\n\n\n\n<hr class=\"wp-block-separator has-alpha-channel-opacity\"\/>\n\n\n\n<div class=\"wp-block-columns is-layout-flex wp-container-core-columns-is-layout-28f84493 wp-block-columns-is-layout-flex\">\n<div class=\"wp-block-column is-layout-flow wp-block-column-is-layout-flow\">\n<p><strong>\ud83d\udcf2 Matteo Renzi \u2013 <em>L&#8217;influencer<\/em><\/strong><\/p>\n\n\n\n<p><a href=\"https:\/\/www.edizpiemme.it\/\" data-type=\"link\" data-id=\"https:\/\/www.edizpiemme.it\/\" target=\"_blank\" rel=\"noopener\"><strong>Piemme<\/strong> <\/a>\u2013 <strong>EAN: 9791223800348<\/strong> &#8211; <strong>Uscita: 18 marzo 2025<\/strong><\/p>\n\n\n\n<p>Con uno stile provocatorio e diretto, Matteo Renzi firma un pamphlet politico contro l\u2019attuale Presidente del Consiglio, Giorgia Meloni. Secondo l\u2019autore, l\u2019Italia del 2025 \u00e8 guidata da una figura pi\u00f9 attenta ai social e al consenso istantaneo che alla visione di lungo periodo. Un libro che alterna critica serrata, rivelazioni sui dossier politici pi\u00f9 caldi e proposte concrete, con l\u2019obiettivo dichiarato di contrastare lo storytelling dominante. Un atto di accusa che vuole riaprire il dibattito sulla leadership e sul futuro del Paese<\/p>\n<\/div>\n\n\n\n<div class=\"wp-block-column is-layout-flow wp-block-column-is-layout-flow\">\n<figure class=\"wp-block-image size-large is-resized\"><img loading=\"lazy\" decoding=\"async\" width=\"666\" height=\"1024\" src=\"https:\/\/www.fastbookspa.it\/wp-content\/uploads\/2025\/03\/9791223800348-666x1024.jpg\" alt=\"Copertina libro di Matteo Renzi, L'influencer\" class=\"wp-image-1913\" style=\"width:298px;height:auto\" srcset=\"https:\/\/www.fastbookspa.it\/wp-content\/uploads\/2025\/03\/9791223800348-666x1024.jpg 666w, https:\/\/www.fastbookspa.it\/wp-content\/uploads\/2025\/03\/9791223800348-195x300.jpg 195w, https:\/\/www.fastbookspa.it\/wp-content\/uploads\/2025\/03\/9791223800348-768x1182.jpg 768w, https:\/\/www.fastbookspa.it\/wp-content\/uploads\/2025\/03\/9791223800348.jpg 975w\" sizes=\"auto, (max-width: 666px) 100vw, 666px\" \/><\/figure>\n<\/div>\n<\/div>\n\n\n\n<hr class=\"wp-block-separator has-alpha-channel-opacity\"\/>\n\n\n\n<div class=\"wp-block-columns is-layout-flex wp-container-core-columns-is-layout-28f84493 wp-block-columns-is-layout-flex\">\n<div class=\"wp-block-column is-layout-flow wp-block-column-is-layout-flow\">\n<figure class=\"wp-block-image size-large is-resized\"><img loading=\"lazy\" decoding=\"async\" width=\"664\" height=\"1024\" src=\"https:\/\/www.fastbookspa.it\/wp-content\/uploads\/2025\/03\/9788804796909-664x1024.jpg\" alt=\"Copertina libro di Hunger Games. L'alba sulla mietitura\" class=\"wp-image-1914\" style=\"width:331px;height:auto\" srcset=\"https:\/\/www.fastbookspa.it\/wp-content\/uploads\/2025\/03\/9788804796909-664x1024.jpg 664w, https:\/\/www.fastbookspa.it\/wp-content\/uploads\/2025\/03\/9788804796909-194x300.jpg 194w, https:\/\/www.fastbookspa.it\/wp-content\/uploads\/2025\/03\/9788804796909-768x1185.jpg 768w, https:\/\/www.fastbookspa.it\/wp-content\/uploads\/2025\/03\/9788804796909.jpg 972w\" sizes=\"auto, (max-width: 664px) 100vw, 664px\" \/><\/figure>\n<\/div>\n\n\n\n<div class=\"wp-block-column is-layout-flow wp-block-column-is-layout-flow\">\n<p><strong>\ud83d\udd25 Suzanne Collins \u2013 <em>L&#8217;alba sulla mietitura. Hunger Games<\/em><\/strong><\/p>\n\n\n\n<p><a href=\"https:\/\/www.mondadori.it\/\" target=\"_blank\" rel=\"noopener\"><strong>Mondadori<\/strong> <\/a>\u2013 <strong>EAN: 9788804796909<\/strong> \u2013 <strong>Uscita: 18 marzo 2025<\/strong><\/p>\n\n\n\n<p>La scrittrice statunitense, madre della celebre saga distopica, firma un nuovo attesissimo prequel. Torniamo a Panem per scoprire cosa ha preceduto le edizioni classiche degli Hunger Games. Collins non delude: ritmo, visione politica e colpi di scena sono assicurati.<\/p>\n<\/div>\n<\/div>\n\n\n\n<hr class=\"wp-block-separator has-alpha-channel-opacity\"\/>\n\n\n\n<div class=\"wp-block-columns is-layout-flex wp-container-core-columns-is-layout-28f84493 wp-block-columns-is-layout-flex\">\n<div class=\"wp-block-column is-layout-flow wp-block-column-is-layout-flow\">\n<p><strong>\ud83d\udc08 Piergiorgio Pulixi \u2013 <em>Se i gatti potessero parlare<\/em><\/strong><\/p>\n\n\n\n<p><a href=\"https:\/\/www.marsilioeditori.it\/\" data-type=\"link\" data-id=\"https:\/\/www.marsilioeditori.it\/\" target=\"_blank\" rel=\"noopener\"><strong>Marsilio<\/strong> <\/a>\u2013 <strong>EAN: 9788829790128 &#8211; Uscita: 25 marzo 2025<\/strong><\/p>\n\n\n\n<p>La libreria Les Chats Noirs di Marzio Montecristo \u00e8 stata scelta come \u201clibreria galleggiante\u201d per un evento esclusivo: il celebre giallista Aristide Galeazzo scriver\u00e0 i capitoli finali del suo nuovo romanzo a bordo di una crociera attorno alla Sardegna. Il tour, organizzato dalla casa editrice Polpicella, prevede tappe nei principali porti, con lettori invitati a salire a bordo per assistere a presentazioni e ricevere copie autografate. Marzio accetta controvoglia, accompagnato dall\u2019ispettore Caruso e dalle sue due gatte, Miss Marple e Poirot. Ma la vacanza si trasforma in un\u2019indagine quando un omicidio sconvolge l\u2019atmosfera: nessuno pu\u00f2 lasciare la nave e il libraio dovr\u00e0 mettere alla prova anni di letture poliziesche. Una commedia gialla brillante, tra omaggi ad Agatha Christie e ironia tutta italiana.<\/p>\n<\/div>\n\n\n\n<div class=\"wp-block-column is-layout-flow wp-block-column-is-layout-flow\">\n<figure class=\"wp-block-image size-large is-resized\"><img loading=\"lazy\" decoding=\"async\" width=\"675\" height=\"1024\" src=\"https:\/\/www.fastbookspa.it\/wp-content\/uploads\/2025\/03\/9788829790128-675x1024.jpg\" alt=\"Copertina libro Piergiorgio Pulixi, Se i gatti potessero parlare\" class=\"wp-image-1915\" style=\"width:319px;height:auto\" srcset=\"https:\/\/www.fastbookspa.it\/wp-content\/uploads\/2025\/03\/9788829790128-675x1024.jpg 675w, https:\/\/www.fastbookspa.it\/wp-content\/uploads\/2025\/03\/9788829790128-198x300.jpg 198w, https:\/\/www.fastbookspa.it\/wp-content\/uploads\/2025\/03\/9788829790128-768x1165.jpg 768w, https:\/\/www.fastbookspa.it\/wp-content\/uploads\/2025\/03\/9788829790128.jpg 989w\" sizes=\"auto, (max-width: 675px) 100vw, 675px\" \/><\/figure>\n<\/div>\n<\/div>\n\n\n\n<hr class=\"wp-block-separator has-alpha-channel-opacity\"\/>\n\n\n\n<div class=\"wp-block-columns is-layout-flex wp-container-core-columns-is-layout-28f84493 wp-block-columns-is-layout-flex\">\n<div class=\"wp-block-column is-layout-flow wp-block-column-is-layout-flow\">\n<figure class=\"wp-block-image size-large is-resized\"><img loading=\"lazy\" decoding=\"async\" width=\"668\" height=\"1024\" src=\"https:\/\/www.fastbookspa.it\/wp-content\/uploads\/2025\/03\/9788856699104-668x1024.jpg\" alt=\"Copertina libro Roberto Vecchioni, L'orso bianco era nero\" class=\"wp-image-1916\" style=\"width:306px;height:auto\" srcset=\"https:\/\/www.fastbookspa.it\/wp-content\/uploads\/2025\/03\/9788856699104-668x1024.jpg 668w, https:\/\/www.fastbookspa.it\/wp-content\/uploads\/2025\/03\/9788856699104-196x300.jpg 196w, https:\/\/www.fastbookspa.it\/wp-content\/uploads\/2025\/03\/9788856699104-768x1178.jpg 768w, https:\/\/www.fastbookspa.it\/wp-content\/uploads\/2025\/03\/9788856699104.jpg 978w\" sizes=\"auto, (max-width: 668px) 100vw, 668px\" \/><\/figure>\n<\/div>\n\n\n\n<div class=\"wp-block-column is-layout-flow wp-block-column-is-layout-flow\">\n<p><strong>\ud83d\udc3b Roberto Vecchioni \u2013 <em>L\u2019orso bianco era nero<\/em><\/strong><\/p>\n\n\n\n<p><a href=\"https:\/\/www.edizpiemme.it\/\" data-type=\"link\" data-id=\"https:\/\/www.edizpiemme.it\/\" target=\"_blank\" rel=\"noopener\"><strong>Piemme<\/strong> <\/a>\u2013 <strong>EAN: 9788856699104<\/strong> \u2013 <strong>Uscita: 25 marzo 2025<\/strong><\/p>\n\n\n\n<p>\u00abQuesto libro ha a che fare con la linguistica come io assomiglio a un orso bianco o, se preferite, nero\u00bb: inizia cos\u00ec il nuovo lavoro di Roberto Vecchioni, che fonde riflessione e passione in un\u2019opera che sfugge a ogni definizione accademica. Non un saggio, non un manuale, ma un inno d\u2019amore per la parola, per la sua fisicit\u00e0, per la sua capacit\u00e0 di generare emozione e comprensione. Riflessioni, appunti, spunti da lezioni e letture si intrecciano in un testo libero e affascinante, che celebra la potenza del linguaggio e la felicit\u00e0 che nasce nel perdersi tra i suoni, i sensi e i significati.<\/p>\n<\/div>\n<\/div>\n\n\n\n<hr class=\"wp-block-separator has-alpha-channel-opacity\"\/>\n\n\n\n<div class=\"wp-block-columns is-layout-flex wp-container-core-columns-is-layout-28f84493 wp-block-columns-is-layout-flex\">\n<div class=\"wp-block-column is-layout-flow wp-block-column-is-layout-flow\"><\/div>\n\n\n\n<div class=\"wp-block-column is-layout-flow wp-block-column-is-layout-flow\"><\/div>\n<\/div>\n\n\n\n<div class=\"wp-block-columns is-layout-flex wp-container-core-columns-is-layout-28f84493 wp-block-columns-is-layout-flex\">\n<div class=\"wp-block-column is-layout-flow wp-block-column-is-layout-flow\">\n<p><strong>\ud83c\udfa8 Daniel Pennac, Stefano Bartezzaghi \u2013 <em>Le parole fanno il solletico<\/em><\/strong><\/p>\n\n\n\n<p><a href=\"https:\/\/www.salani.it\/\" data-type=\"link\" data-id=\"https:\/\/www.salani.it\/\" target=\"_blank\" rel=\"noopener\"><strong>Salani<\/strong> <\/a>\u2013 <strong>EAN: 9788831018913<\/strong> \u2013 <strong>Uscita: 25 marzo 2025<\/strong><\/p>\n\n\n\n<p>Un incontro brillante tra lo scrittore francese e il linguista italiano, unendo fantasia e analisi in un\u2019opera unica. Pennac e Bartezzaghi giocano con la lingua, le immagini e i pensieri. Il risultato \u00e8 un libro ibrido, pieno di creativit\u00e0 e meraviglia. Per chi ama le parole e il potere delle idee.<\/p>\n<\/div>\n\n\n\n<div class=\"wp-block-column is-layout-flow wp-block-column-is-layout-flow\">\n<figure class=\"wp-block-image size-large is-resized\"><img loading=\"lazy\" decoding=\"async\" width=\"695\" height=\"1024\" src=\"https:\/\/www.fastbookspa.it\/wp-content\/uploads\/2025\/03\/9788831018913-695x1024.jpg\" alt=\"Copertina libro Pennac-Bartezzaghi Le parole fanno il solletico\" class=\"wp-image-1917\" style=\"width:295px;height:auto\" srcset=\"https:\/\/www.fastbookspa.it\/wp-content\/uploads\/2025\/03\/9788831018913-695x1024.jpg 695w, https:\/\/www.fastbookspa.it\/wp-content\/uploads\/2025\/03\/9788831018913-204x300.jpg 204w, https:\/\/www.fastbookspa.it\/wp-content\/uploads\/2025\/03\/9788831018913-768x1132.jpg 768w, https:\/\/www.fastbookspa.it\/wp-content\/uploads\/2025\/03\/9788831018913.jpg 1000w\" sizes=\"auto, (max-width: 695px) 100vw, 695px\" \/><\/figure>\n<\/div>\n<\/div>\n\n\n\n<hr class=\"wp-block-separator has-alpha-channel-opacity\"\/>\n\n\n\n<p><\/p>\n\n\n\n<hr class=\"wp-block-separator has-alpha-channel-opacity\"\/>\n","protected":false},"excerpt":{"rendered":"<p>Se sei in cerca di libri nuovi di zecca, appena arrivati sugli scaffali, qui trovi i titoli che stanno facendo parlare di s\u00e9. Dai grandi nomi della narrativa internazionale ai romanzi per giovani lettori, passando per le uscite pi\u00f9 discusse del mese, ecco una selezione di novit\u00e0 editoriali fresche di stampa, ordinate per data di&#8230; <a class=\"read-more\" href=\"https:\/\/www.fastbookspa.it\/index.php\/2025\/03\/25\/i-libri-di-marzo-2025\/\">Continua a leggere<\/a><\/p>\n","protected":false},"author":3,"featured_media":1923,"comment_status":"open","ping_status":"open","sticky":false,"template":"","format":"standard","meta":{"footnotes":""},"categories":[7,613],"tags":[78,528,526,527],"class_list":["post-1903","post","type-post","status-publish","format-standard","has-post-thumbnail","hentry","category-blog","category-libri-novita","tag-freschi-di-stampa","tag-libri-del-mese","tag-marzo-2025","tag-novita-editoriali"],"_links":{"self":[{"href":"https:\/\/www.fastbookspa.it\/index.php\/wp-json\/wp\/v2\/posts\/1903","targetHints":{"allow":["GET"]}}],"collection":[{"href":"https:\/\/www.fastbookspa.it\/index.php\/wp-json\/wp\/v2\/posts"}],"about":[{"href":"https:\/\/www.fastbookspa.it\/index.php\/wp-json\/wp\/v2\/types\/post"}],"author":[{"embeddable":true,"href":"https:\/\/www.fastbookspa.it\/index.php\/wp-json\/wp\/v2\/users\/3"}],"replies":[{"embeddable":true,"href":"https:\/\/www.fastbookspa.it\/index.php\/wp-json\/wp\/v2\/comments?post=1903"}],"version-history":[{"count":5,"href":"https:\/\/www.fastbookspa.it\/index.php\/wp-json\/wp\/v2\/posts\/1903\/revisions"}],"predecessor-version":[{"id":1922,"href":"https:\/\/www.fastbookspa.it\/index.php\/wp-json\/wp\/v2\/posts\/1903\/revisions\/1922"}],"wp:featuredmedia":[{"embeddable":true,"href":"https:\/\/www.fastbookspa.it\/index.php\/wp-json\/wp\/v2\/media\/1923"}],"wp:attachment":[{"href":"https:\/\/www.fastbookspa.it\/index.php\/wp-json\/wp\/v2\/media?parent=1903"}],"wp:term":[{"taxonomy":"category","embeddable":true,"href":"https:\/\/www.fastbookspa.it\/index.php\/wp-json\/wp\/v2\/categories?post=1903"},{"taxonomy":"post_tag","embeddable":true,"href":"https:\/\/www.fastbookspa.it\/index.php\/wp-json\/wp\/v2\/tags?post=1903"}],"curies":[{"name":"wp","href":"https:\/\/api.w.org\/{rel}","templated":true}]}}