{"id":2025,"date":"2025-05-26T16:52:12","date_gmt":"2025-05-26T14:52:12","guid":{"rendered":"https:\/\/www.fastbookspa.it\/?p=2025"},"modified":"2025-11-28T16:15:15","modified_gmt":"2025-11-28T15:15:15","slug":"mercato-libro-2025-dati-aie","status":"publish","type":"post","link":"https:\/\/www.fastbookspa.it\/index.php\/2025\/05\/26\/mercato-libro-2025-dati-aie\/","title":{"rendered":"Mercato del libro 2025: i dati AIE tra flessione e nuove sfide"},"content":{"rendered":"\n<h2 class=\"wp-block-heading\" id=\"i-dati-presentati-da-aie-al-salone-del-libro-di-torino-ci-dicono-una-cosa-chiara-e-tempo-di-fare-squadra-e-di-non-perdere-di-vista-il-lettore\"><em>I dati presentati da <a href=\"https:\/\/www.aie.it\/Home.aspx\" target=\"_blank\" rel=\"noopener\">AIE <\/a>al <a href=\"https:\/\/www.salonelibro.it\/\" data-type=\"link\" data-id=\"https:\/\/www.salonelibro.it\/\" target=\"_blank\" rel=\"noopener\">Salone del Libro di Torino<\/a> ci dicono una cosa chiara: \u00e8 tempo di fare squadra. E di non perdere di vista il lettore<\/em><\/h2>\n\n\n\n<figure class=\"wp-block-image size-large is-resized\"><img loading=\"lazy\" decoding=\"async\" width=\"1024\" height=\"683\" src=\"https:\/\/www.fastbookspa.it\/wp-content\/uploads\/2025\/05\/immagine_team_libri_leggera-1024x683.jpg\" alt=\"Illustrazione sul mercato editoriale italiano nel 2025, con libri e team di lavoro\" class=\"wp-image-2032\" style=\"width:839px;height:auto\" srcset=\"https:\/\/www.fastbookspa.it\/wp-content\/uploads\/2025\/05\/immagine_team_libri_leggera-1024x683.jpg 1024w, https:\/\/www.fastbookspa.it\/wp-content\/uploads\/2025\/05\/immagine_team_libri_leggera-300x200.jpg 300w, https:\/\/www.fastbookspa.it\/wp-content\/uploads\/2025\/05\/immagine_team_libri_leggera-768x512.jpg 768w, https:\/\/www.fastbookspa.it\/wp-content\/uploads\/2025\/05\/immagine_team_libri_leggera.jpg 1536w\" sizes=\"auto, (max-width: 1024px) 100vw, 1024px\" \/><\/figure>\n\n\n\n<h3 class=\"wp-block-heading\" id=\"il-calo-ce-ma-va-guardato-da-vicino\"><strong><strong>Il calo c\u2019\u00e8, ma va guardato da vicino<\/strong><\/strong><\/h3>\n\n\n\n<p>Come riportato dal <a class=\"\" href=\"URL\">Giornale della Libreria<\/a>, nei primi quattro mesi del 2025 il mercato del libro italiano segna un -3,6% a valore e -3,2% a copie. Tradotto: 15,9 milioni di euro in meno e quasi un milione di libri non acquistati. A pesare, in particolare, \u00e8 il crollo degli acquisti con la <strong>Carta cultura dei 18enni<\/strong>: da 45,9 milioni di euro del 2024 a soli 18,3 nel 2025. Tuttavia, attenzione al dato \u201cnascosto\u201d: al netto di questi acquisti, il mercato sarebbe in <strong>crescita del 2,9%<\/strong>. Non \u00e8 la voglia di leggere a mancare. \u00c8 il potere d\u2019acquisto.<\/p>\n\n\n\n<h2 class=\"wp-block-heading\" id=\"chi-regge-e-chi-fatica-il-sistema-editoriale-sotto-stress\"><strong><strong>Chi regge e chi fatica: il sistema editoriale sotto stress<\/strong><\/strong><\/h2>\n\n\n\n<p>I <strong>grandi gruppi<\/strong> perdono poco (-1,3%). Ma gli <strong>editori medi<\/strong> crollano del 13,1% e i <strong>piccoli<\/strong> del 7,3%. Quando il sistema traballa, i pi\u00f9 fragili sono i primi a cadere. \u00c8 qui che torna forte la richiesta \u2013 pi\u00f9 volte espressa \u2013 di una <strong>legge sul libro<\/strong> capace di garantire stabilit\u00e0, equit\u00e0 e bibliodiversit\u00e0.<\/p>\n\n\n\n<h2 class=\"wp-block-heading\" id=\"canali-di-vendita-la-libreria-fisica-ancora-al-centro\"><strong><strong>Canali di vendita: la libreria fisica (ancora) al centro<\/strong><\/strong><\/h2>\n\n\n\n<p>Mercato editoriale 2025: la crisi si sente ovunque:<\/p>\n\n\n\n<ul class=\"wp-block-list\">\n<li>GDO: -6,6%<\/li>\n\n\n\n<li>Online: -5,2%<\/li>\n\n\n\n<li>Librerie fisiche: -2,1% (con le indipendenti a -7,5%)<\/li>\n<\/ul>\n\n\n\n<p>Eppure, la quota di mercato delle librerie cresce e raggiunge il <strong>55,6%<\/strong>. Un segnale: i lettori cercano ancora spazi reali, relazioni, consiglio. Lo racconta bene l\u2019esperienza Feltrinelli, che nel 2024 ha investito in <strong>mappatura dei lettori<\/strong>, <strong>connessione con il territorio<\/strong>, <strong>valorizzazione dei piccoli editori<\/strong>.<\/p>\n\n\n\n<h2 class=\"wp-block-heading\" id=\"il-punto-di-vista-del-gruppo-messaggerie\"><strong><strong>Il punto di vista del Gruppo Messaggerie<\/strong><\/strong><\/h2>\n\n\n\n<p>Alberto Ottieri ha condiviso la visione del <strong>Gruppo Messaggerie<\/strong>, sottolineando gli investimenti fatti negli ultimi anni su automazione, stampa on demand e micro tirature, oltre al rafforzamento della catena <strong>Ubik<\/strong>, pensata anche come presidio a supporto delle librerie indipendenti. Centrale anche la formazione, attraverso la <strong><a href=\"https:\/\/www.scuolalibraiuem.it\/\" target=\"_blank\" rel=\"noopener\">Scuola Umberto e Elisabetta Mauri<\/a><\/strong>. L\u2019andamento del 2025? \u00abSe le novit\u00e0 del secondo semestre faranno il loro lavoro \u2013 ha detto \u2013 potremmo non pareggiare il 2024, ma avvicinarci molto\u00bb.<\/p>\n\n\n\n<h2 class=\"wp-block-heading\" id=\"generi-in-movimento-luci-e-ombre\"><strong><strong>Generi in movimento: luci e ombre<\/strong><\/strong><\/h2>\n\n\n\n<p>Nel panorama generale in calo, cresce il comparto <strong>bambini e ragazzi<\/strong>: +5,4% a valore, trainato dalla fascia 0-5 anni (+13,5%) e dai fumetti per bambini (+14,5%). Male invece i manga (-5,8%) e la narrativa letteraria italiana (-11,2%), mentre sale quella di genere (+8,9%). Il <strong>romance<\/strong> mostra un calo complessivo (-1,8%) ma registra una <strong>forte crescita per le autrici italiane<\/strong> (+16,7%).<\/p>\n\n\n\n<h2 class=\"wp-block-heading\" id=\"prezzi-e-promozioni-una-crisi-di-valore\"><strong><strong>Prezzi e promozioni: una crisi di valore?<\/strong><\/strong><\/h2>\n\n\n\n<p>Il prezzo medio dei libri venduti \u00e8 sceso dello <strong>0,3%<\/strong>, in controtendenza rispetto all\u2019inflazione (+2%). Male anche le promozioni: le formule \u201c1+1\u201d perdono il <strong>15,7%<\/strong>, segno che la leva promozionale da sola non basta pi\u00f9 a stimolare la domanda.<\/p>\n\n\n\n<h2 class=\"wp-block-heading\" id=\"prezzi-e-promozioni-una-crisi-di-valore-1\"><strong>Prezzi e promozioni: una crisi di valore?<\/strong><\/h2>\n\n\n\n<p>Il prezzo medio dei libri venduti \u00e8 sceso dello <strong>0,3%<\/strong>, in controtendenza rispetto all\u2019inflazione (+2%). Male anche le promozioni: le formule \u201c1+1\u201d perdono il <strong>15,7%<\/strong>, segno che la leva promozionale non basta a stimolare la domanda.<\/p>\n\n\n\n<figure class=\"wp-block-image size-full\"><img loading=\"lazy\" decoding=\"async\" width=\"1000\" height=\"351\" src=\"https:\/\/www.fastbookspa.it\/wp-content\/uploads\/2025\/05\/Libro-aperto-pagine-colorate-trasparenza.png\" alt=\"Logo stilizzato di un libro aperto con pagine colorate rosse, arancioni e gialle su sfondo trasparente\" class=\"wp-image-2030\" srcset=\"https:\/\/www.fastbookspa.it\/wp-content\/uploads\/2025\/05\/Libro-aperto-pagine-colorate-trasparenza.png 1000w, https:\/\/www.fastbookspa.it\/wp-content\/uploads\/2025\/05\/Libro-aperto-pagine-colorate-trasparenza-300x105.png 300w, https:\/\/www.fastbookspa.it\/wp-content\/uploads\/2025\/05\/Libro-aperto-pagine-colorate-trasparenza-768x270.png 768w\" sizes=\"auto, (max-width: 1000px) 100vw, 1000px\" \/><\/figure>\n\n\n\n<h2 class=\"wp-block-heading\" id=\"quale-futuro-per-il-libro\"><strong>Quale futuro per il libro?<\/strong><\/h2>\n\n\n\n<p>Tra le riflessioni conclusive, si evidenzia la necessit\u00e0 di:<\/p>\n\n\n\n<ul class=\"wp-block-list\">\n<li>politiche pubbliche strutturate,<\/li>\n\n\n\n<li>investimenti in <strong>talenti e contenuti di qualit\u00e0<\/strong>,<\/li>\n\n\n\n<li>nuove modalit\u00e0 di <strong>distribuzione e comunicazione<\/strong>,<\/li>\n\n\n\n<li>un rinnovato patto tra <strong>lettori, editori, librai e istituzioni<\/strong>.<\/li>\n<\/ul>\n\n\n\n<p>Come ha detto Innocenzo Cipolletta, \u201cse il libro soffre, l\u2019Italia non ride\u201d. Il libro non \u00e8 solo merce: \u00e8 <strong>cultura, crescita, cittadinanza<\/strong>. E come tale va difeso e sostenuto.soffre, l\u2019Italia non ride\u201d. Il libro non \u00e8 solo merce: \u00e8 <strong>cultura, crescita, cittadinanza<\/strong>. E come tale va difeso e sostenuto.<\/p>\n\n\n\n<p>I dati completi sono riservati agli associati AIE. Questo articolo si basa su quanto comunicato pubblicamente durante il Salone del Libro di Torino e riportato da fonti di settore.<\/p>\n","protected":false},"excerpt":{"rendered":"<p>I dati presentati da AIE al Salone del Libro di Torino ci dicono una cosa chiara: \u00e8 tempo di fare squadra. E di non perdere di vista il lettore Il calo c\u2019\u00e8, ma va guardato da vicino Come riportato dal Giornale della Libreria, nei primi quattro mesi del 2025 il mercato del libro italiano segna&#8230; <a class=\"read-more\" href=\"https:\/\/www.fastbookspa.it\/index.php\/2025\/05\/26\/mercato-libro-2025-dati-aie\/\">Continua a leggere<\/a><\/p>\n","protected":false},"author":3,"featured_media":2038,"comment_status":"open","ping_status":"open","sticky":false,"template":"","format":"standard","meta":{"footnotes":""},"categories":[7,619],"tags":[555,553,556,552,108,557,554],"class_list":["post-2025","post","type-post","status-publish","format-standard","has-post-thumbnail","hentry","category-blog","category-attualita-blog","tag-dati-aie","tag-dati-editoria-2025","tag-libri-2025","tag-mercato-editoria","tag-salone-del-libro-di-torino","tag-tendenze-lettura","tag-vendite-libri"],"_links":{"self":[{"href":"https:\/\/www.fastbookspa.it\/index.php\/wp-json\/wp\/v2\/posts\/2025","targetHints":{"allow":["GET"]}}],"collection":[{"href":"https:\/\/www.fastbookspa.it\/index.php\/wp-json\/wp\/v2\/posts"}],"about":[{"href":"https:\/\/www.fastbookspa.it\/index.php\/wp-json\/wp\/v2\/types\/post"}],"author":[{"embeddable":true,"href":"https:\/\/www.fastbookspa.it\/index.php\/wp-json\/wp\/v2\/users\/3"}],"replies":[{"embeddable":true,"href":"https:\/\/www.fastbookspa.it\/index.php\/wp-json\/wp\/v2\/comments?post=2025"}],"version-history":[{"count":6,"href":"https:\/\/www.fastbookspa.it\/index.php\/wp-json\/wp\/v2\/posts\/2025\/revisions"}],"predecessor-version":[{"id":2037,"href":"https:\/\/www.fastbookspa.it\/index.php\/wp-json\/wp\/v2\/posts\/2025\/revisions\/2037"}],"wp:featuredmedia":[{"embeddable":true,"href":"https:\/\/www.fastbookspa.it\/index.php\/wp-json\/wp\/v2\/media\/2038"}],"wp:attachment":[{"href":"https:\/\/www.fastbookspa.it\/index.php\/wp-json\/wp\/v2\/media?parent=2025"}],"wp:term":[{"taxonomy":"category","embeddable":true,"href":"https:\/\/www.fastbookspa.it\/index.php\/wp-json\/wp\/v2\/categories?post=2025"},{"taxonomy":"post_tag","embeddable":true,"href":"https:\/\/www.fastbookspa.it\/index.php\/wp-json\/wp\/v2\/tags?post=2025"}],"curies":[{"name":"wp","href":"https:\/\/api.w.org\/{rel}","templated":true}]}}