{"id":2096,"date":"2025-07-18T12:15:09","date_gmt":"2025-07-18T10:15:09","guid":{"rendered":"https:\/\/www.fastbookspa.it\/?p=2096"},"modified":"2025-07-18T12:50:50","modified_gmt":"2025-07-18T10:50:50","slug":"il-buco-gessica-franco-carlevero","status":"publish","type":"post","link":"https:\/\/www.fastbookspa.it\/index.php\/2025\/07\/18\/il-buco-gessica-franco-carlevero\/","title":{"rendered":"Quel &#8220;Buco&#8221; che ci portiamo dentro"},"content":{"rendered":"\n<h2 class=\"wp-block-heading\">Il romanzo di Gessica Franco Carlevero \u00e8 qui per restare<\/h2>\n\n\n\n<p><strong>C\u2019\u00e8 una generazione che \u00e8 cresciuta facendo i conti con genitori fragili, promesse mancate e un futuro instabile. <\/strong>Una generazione che scrive come se avesse visto troppo, troppo presto: la precariet\u00e0 degli affetti, l\u2019inadeguatezza degli adulti, l\u2019infanzia che non protegge. <em>Il buco<\/em> di Gessica Franco Carlevero, <a href=\"https:\/\/www.sellerio.it\/it\/catalogo\/Buco\/Franco-Carlevero\/16281\" target=\"_blank\" rel=\"noopener\">uscito per Sellerio<\/a> a maggio 2025, \u00e8 un romanzo che ne incarna pienamente lo sguardo: lucido, disilluso, ma ancora attraversato da desiderio e speranza. Un libro che lascia il segno e chiede di restare ben oltre la corsa frenetica delle novit\u00e0 editoriali mordi e fuggi.<\/p>\n\n\n\n<p>Gessica Franco Carlevero, classe 1980, piemontese, non \u00e8 nuova alla scrittura. Ha gi\u00e0 pubblicato con Fandango, scritto saggi per Einaudi Scuola e racconti per riviste letterarie, ma \u00e8 con <em>Il buco<\/em> che sembra trovare una forma definitiva, una voce perfettamente sintonizzata sulla complessit\u00e0 del nostro tempo. Il romanzo si presenta, in apparenza, come un <em>bildungsroman<\/em>, ma rompe da subito le regole: non promette approdi, non sancisce conquiste. A trent\u2019anni la protagonista, Irma, si strappa ancora i capelli dalla testa, come faceva da bambina. La tricotillomania \u00e8 solo il sintomo pi\u00f9 visibile di un vuoto interno \u2014 il buco.<\/p>\n\n\n\n<div class=\"wp-block-columns is-layout-flex wp-container-core-columns-is-layout-28f84493 wp-block-columns-is-layout-flex\">\n<div class=\"wp-block-column is-layout-flow wp-block-column-is-layout-flow\">\n<figure class=\"wp-block-image size-full\"><img loading=\"lazy\" decoding=\"async\" width=\"560\" height=\"393\" src=\"https:\/\/www.fastbookspa.it\/wp-content\/uploads\/2025\/07\/Uneducazione-sentimentale-tra-i-cocci-3.png\" alt=\"Bambina che ispira un senso di solitudine e richiama la bambina che \u00e8 stata la protagonista del romanzo Il buco di Gessica Franco Carlevero\" class=\"wp-image-2101\" srcset=\"https:\/\/www.fastbookspa.it\/wp-content\/uploads\/2025\/07\/Uneducazione-sentimentale-tra-i-cocci-3.png 560w, https:\/\/www.fastbookspa.it\/wp-content\/uploads\/2025\/07\/Uneducazione-sentimentale-tra-i-cocci-3-300x211.png 300w\" sizes=\"auto, (max-width: 560px) 100vw, 560px\" \/><\/figure>\n<\/div>\n\n\n\n<div class=\"wp-block-column is-layout-flow wp-block-column-is-layout-flow\">\n<h3 class=\"wp-block-heading\"><strong>Un\u2019educazione sentimentale tra i cocci<\/strong><\/h3>\n\n\n\n<p>Irma \u00e8 cresciuta nella zona d\u2019ombra dell\u2019affetto: un padre svanito tra i debiti di gioco, una madre assorta in una relazione con un minorenne, pi\u00f9 interessata all\u2019oggetto della propria passione che alla figlia. La bambina di allora ha costruito un solo proposito, testardo e assoluto: non essere come loro. Ma cosa succede quando la vita adulta si rivela, se possibile, ancora pi\u00f9 accidentata?<\/p>\n\n\n\n<p>Irma si laurea in filosofia, sogna di scrivere per il teatro, ma intanto scrive tesi per altri. Sta con Giacomo, un interprete di lettere d\u2019amore italo-ucraino, anche lui precario per destino e per indole. Insieme fanno la cosa pi\u00f9 audace e pi\u00f9 normale: decidono di cambiare aria, partire per Marsiglia e avere un figlio. Come se bastasse varcare una frontiera e moltiplicarsi per diventare finalmente adulti. Ma il figlio arriva, e con lui il carico quotidiano della maternit\u00e0, con i suoi silenzi, le sue privazioni, e quella sensazione che molti riconosceranno: l\u2019identit\u00e0 che si scinde, che non ti appartiene pi\u00f9 del tutto.<\/p>\n<\/div>\n<\/div>\n\n\n\n<div class=\"wp-block-columns is-layout-flex wp-container-core-columns-is-layout-28f84493 wp-block-columns-is-layout-flex\">\n<div class=\"wp-block-column is-layout-flow wp-block-column-is-layout-flow\" style=\"flex-basis:66.66%\">\n<div class=\"wp-block-columns is-layout-flex wp-container-core-columns-is-layout-28f84493 wp-block-columns-is-layout-flex\">\n<div class=\"wp-block-column is-layout-flow wp-block-column-is-layout-flow\" style=\"flex-basis:66.66%\">\n<p><\/p>\n<\/div>\n<\/div>\n<\/div>\n\n\n\n<div class=\"wp-block-column is-layout-flow wp-block-column-is-layout-flow\" style=\"flex-basis:33.33%\"><\/div>\n<\/div>\n\n\n\n<div class=\"wp-block-columns is-layout-flex wp-container-core-columns-is-layout-28f84493 wp-block-columns-is-layout-flex\">\n<div class=\"wp-block-column is-layout-flow wp-block-column-is-layout-flow\" style=\"flex-basis:66.66%\">\n<h3 class=\"wp-block-heading\"><strong>La voce di una generazione che (non) cresce<\/strong><\/h3>\n\n\n\n<p>C&#8217;\u00e8 qualcosa di profondamente millennial ne <em>Il buco<\/em>. Non solo nella temporalit\u00e0 \u2014 i protagonisti sono figli degli anni \u201980 \u2014 ma nell\u2019ossatura esistenziale. La letteratura di questa generazione, lo stiamo vedendo anche nei romanzi pi\u00f9 recenti, \u00e8 un continuo oscillare tra disincanto e ostinazione, tra la nostalgia di ci\u00f2 che non \u00e8 mai stato e la fatica di stare al mondo. Irma e Giacomo appartengono a quel gruppo umano che ha interiorizzato la crisi come condizione permanente: <em>tirare a campare<\/em> \u00e8 un obiettivo realistico, non una sconfitta.<\/p>\n\n\n\n<p>Ma quello che rende il romanzo di Gessica Franco Carlevero cos\u00ec vibrante, e a suo modo luminoso, \u00e8 la lingua. Una lingua che si piega e si adatta ai pensieri disordinati, affilati, teneri e taglienti della sua protagonista. La voce di Irma \u00e8 vera, viva, incandescente. Ti accompagna nelle sue riflessioni mentre allatta, mentre scrive, mentre litiga, mentre guarda il mondo dal suo piccolo grande \u201cbuco\u201d. E non \u00e8 una voce costruita per piacere. \u00c8 una voce che interroga e che resta.<\/p>\n\n\n\n<h3 class=\"wp-block-heading\"><strong>Maternit\u00e0 senza etichette<\/strong><\/h3>\n\n\n\n<p>Una maternit\u00e0 cos\u00ec, senza sconti n\u00e9 parabole edificanti, \u00e8 difficile da trovare nella narrativa. Eppure, negli ultimi tempi, qualcosa si muove: si scrivono romanzi capaci di raccontare la trasformazione, il corpo che si spacca in due, l\u2019identit\u00e0 che fatica a riformarsi. In questa scia si inserisce anche Il buco, ma con una voce tutta sua \u2014 pi\u00f9 sommessa, pi\u00f9 ferita, pi\u00f9 radicata in un\u2019ostinazione che \u00e8 anche resistenza.<\/p>\n\n\n\n<p>Irma non fa proclami, non cerca alleate, non simbolizza nulla. Allatta, si dispera, tira i capelli mentre cammina. Si guarda vivere. <\/p>\n<\/div>\n\n\n\n<div class=\"wp-block-column is-layout-flow wp-block-column-is-layout-flow\" style=\"flex-basis:33.33%\">\n<figure class=\"wp-block-image size-full\"><img loading=\"lazy\" decoding=\"async\" width=\"520\" height=\"780\" src=\"https:\/\/www.fastbookspa.it\/wp-content\/uploads\/2025\/07\/Una-generazione-che-non-cresce-1.png\" alt=\"Ragazza della generazione millennial che si ispira al romanzo Il buco di Gessica Franco Carlevera\" class=\"wp-image-2103\" srcset=\"https:\/\/www.fastbookspa.it\/wp-content\/uploads\/2025\/07\/Una-generazione-che-non-cresce-1.png 520w, https:\/\/www.fastbookspa.it\/wp-content\/uploads\/2025\/07\/Una-generazione-che-non-cresce-1-200x300.png 200w\" sizes=\"auto, (max-width: 520px) 100vw, 520px\" \/><\/figure>\n<\/div>\n<\/div>\n\n\n\n<p>E chi legge sente che non c\u2019\u00e8 bisogno di aggiungere spiegazioni. La maternit\u00e0, qui, \u00e8 un fatto. \u00c8 la vita che chiama e che inghiotte. \u00c8 anche un modo, durissimo, di esistere.<\/p>\n\n\n\n<h3 class=\"wp-block-heading\"><strong>Una letteratura che fa domande<\/strong><\/h3>\n\n\n\n<p>Leggere <em>Il buco<\/em> significa farsi domande radicali: cosa definisce una vera et\u00e0 adulta? Che ne \u00e8 del romanzo di formazione in un mondo dove la formazione sembra non finire mai, e dove nessuna et\u00e0 sembra poter essere definita &#8220;matura&#8221; senza riserve? \u00c8 questa la nuova letteratura millennial: non d\u00e0 risposte, ma formula domande spiazzanti. E lo fa senza retorica, con la forza ruvida dell\u2019esperienza.<\/p>\n\n\n\n<p>Per questo motivo riteniamo che <em>Il buco<\/em> sia un titolo da non perdere. Non uno di quei libri destinati a sparire tra i resi della settimana, ma un romanzo che pu\u00f2 trovare il suo pubblico anche col tempo, anche \u201cfuori stagione\u201d. Una storia che merita spazio in libreria e continuit\u00e0 nei consigli di lettura. Perch\u00e9 \u00e8 vero: <em>il buco<\/em> non si colma, ma possiamo imparare ad abitarlo.<\/p>\n\n\n\n<figure class=\"wp-block-image size-large\"><img loading=\"lazy\" decoding=\"async\" width=\"1024\" height=\"461\" src=\"https:\/\/www.fastbookspa.it\/wp-content\/uploads\/2025\/07\/Il-buco-Gessica-Franco-Carlevero-ritagli1-1024x461.png\" alt=\"pertina de Il buco di Gessica Franco Carlevero ritagliata accant a immagine di donna con ritagli di suo ritratto fotografico soprastanti\" class=\"wp-image-2108\" srcset=\"https:\/\/www.fastbookspa.it\/wp-content\/uploads\/2025\/07\/Il-buco-Gessica-Franco-Carlevero-ritagli1-1024x461.png 1024w, https:\/\/www.fastbookspa.it\/wp-content\/uploads\/2025\/07\/Il-buco-Gessica-Franco-Carlevero-ritagli1-300x135.png 300w, https:\/\/www.fastbookspa.it\/wp-content\/uploads\/2025\/07\/Il-buco-Gessica-Franco-Carlevero-ritagli1-768x346.png 768w, https:\/\/www.fastbookspa.it\/wp-content\/uploads\/2025\/07\/Il-buco-Gessica-Franco-Carlevero-ritagli1.png 1181w\" sizes=\"auto, (max-width: 1024px) 100vw, 1024px\" \/><\/figure>\n","protected":false},"excerpt":{"rendered":"<p>Il romanzo di Gessica Franco Carlevero \u00e8 qui per restare C\u2019\u00e8 una generazione che \u00e8 cresciuta facendo i conti con genitori fragili, promesse mancate e un futuro instabile. Una generazione che scrive come se avesse visto troppo, troppo presto: la precariet\u00e0 degli affetti, l\u2019inadeguatezza degli adulti, l\u2019infanzia che non protegge. Il buco di Gessica Franco&#8230; <a class=\"read-more\" href=\"https:\/\/www.fastbookspa.it\/index.php\/2025\/07\/18\/il-buco-gessica-franco-carlevero\/\">Continua a leggere<\/a><\/p>\n","protected":false},"author":3,"featured_media":2109,"comment_status":"open","ping_status":"open","sticky":false,"template":"","format":"standard","meta":{"footnotes":""},"categories":[7,14,455],"tags":[530,582,583,586,585,584],"class_list":["post-2096","post","type-post","status-publish","format-standard","has-post-thumbnail","hentry","category-blog","category-leggere","category-libri","tag-antonio-sellerio","tag-gessica-franco-carlevero","tag-il-buco","tag-letteratura-contemporanea","tag-narrativa-italiana","tag-romanzi-generazionali"],"_links":{"self":[{"href":"https:\/\/www.fastbookspa.it\/index.php\/wp-json\/wp\/v2\/posts\/2096","targetHints":{"allow":["GET"]}}],"collection":[{"href":"https:\/\/www.fastbookspa.it\/index.php\/wp-json\/wp\/v2\/posts"}],"about":[{"href":"https:\/\/www.fastbookspa.it\/index.php\/wp-json\/wp\/v2\/types\/post"}],"author":[{"embeddable":true,"href":"https:\/\/www.fastbookspa.it\/index.php\/wp-json\/wp\/v2\/users\/3"}],"replies":[{"embeddable":true,"href":"https:\/\/www.fastbookspa.it\/index.php\/wp-json\/wp\/v2\/comments?post=2096"}],"version-history":[{"count":3,"href":"https:\/\/www.fastbookspa.it\/index.php\/wp-json\/wp\/v2\/posts\/2096\/revisions"}],"predecessor-version":[{"id":2111,"href":"https:\/\/www.fastbookspa.it\/index.php\/wp-json\/wp\/v2\/posts\/2096\/revisions\/2111"}],"wp:featuredmedia":[{"embeddable":true,"href":"https:\/\/www.fastbookspa.it\/index.php\/wp-json\/wp\/v2\/media\/2109"}],"wp:attachment":[{"href":"https:\/\/www.fastbookspa.it\/index.php\/wp-json\/wp\/v2\/media?parent=2096"}],"wp:term":[{"taxonomy":"category","embeddable":true,"href":"https:\/\/www.fastbookspa.it\/index.php\/wp-json\/wp\/v2\/categories?post=2096"},{"taxonomy":"post_tag","embeddable":true,"href":"https:\/\/www.fastbookspa.it\/index.php\/wp-json\/wp\/v2\/tags?post=2096"}],"curies":[{"name":"wp","href":"https:\/\/api.w.org\/{rel}","templated":true}]}}