{"id":2219,"date":"2025-11-07T14:53:23","date_gmt":"2025-11-07T13:53:23","guid":{"rendered":"https:\/\/www.fastbookspa.it\/?p=2219"},"modified":"2025-11-07T15:02:11","modified_gmt":"2025-11-07T14:02:11","slug":"oscar-farinetti-intervista-la-regola-del-silenzio","status":"publish","type":"post","link":"https:\/\/www.fastbookspa.it\/index.php\/2025\/11\/07\/oscar-farinetti-intervista-la-regola-del-silenzio\/","title":{"rendered":"Oscar Farinetti, la voce dei libri nel suo primo romanzo"},"content":{"rendered":"\n<h2 class=\"wp-block-heading has-tertiary-color has-text-color has-link-color wp-elements-4cbf558f455d48a0ce2483a3ae886b6e\">Ne <em>La regola del silenzio<\/em>, al centro dell\u2019intervista Fastbook a Oscar Farinetti, il tempo diventa racconto e il silenzio trova voce.<\/h2>\n\n\n\n<p><\/p>\n\n\n\n<p><strong>Nell\u2019<a href=\"https:\/\/www.facebook.com\/fastbookspa.it\/videos\/1429291479197468\" target=\"_blank\" rel=\"noopener\">intervista <\/a>Fastbook a Oscar Farinetti <\/strong>c\u2019\u00e8 una frase che spiega bene lo spirito con cui si \u00e8 avvicinato alla narrativa: \u00abLa morale ce l\u2019abbiamo tutti; il difficile \u00e8 infilarla in un romanzo\u00bb.<br>Non \u00e8 una dichiarazione teorica, ma l\u2019intento da cui nasce <em><a href=\"https:\/\/www.bompiani.it\/catalogo\/la-regola-del-silenzio-9788830152700\" target=\"_blank\" rel=\"noopener\">La regola del silenzio<\/a><\/em>, pubblicato da <a href=\"https:\/\/www.bompiani.it\/\" target=\"_blank\" rel=\"noopener\">Bompiani<\/a>: trasformare in storia l\u2019idea che ognuno di noi ha del bene e del male, del giusto e dell\u2019ingiusto. \u00c8 questo il cuore del libro, e il motivo per cui Farinetti ha scelto di misurarsi per la prima volta con la forma del romanzo &#8211; un terreno dove la sua visione morale deve trovare voce nei personaggi, non nei concetti. E lo fa attraverso Ugo Giramondi, il protagonista del romanzo, che del silenzio fa la sua lingua e il suo rifugio.<\/p>\n\n\n\n<figure class=\"wp-block-image size-large\"><img loading=\"lazy\" decoding=\"async\" width=\"1024\" height=\"358\" src=\"https:\/\/www.fastbookspa.it\/wp-content\/uploads\/2025\/11\/FARINETTI-blog-1024x358.jpg\" alt=\"Copertina del libro di Oscar Farinetti, La regola del silenzio, con sfondo che richiama la stessa immagine di copertina\" class=\"wp-image-2221\" srcset=\"https:\/\/www.fastbookspa.it\/wp-content\/uploads\/2025\/11\/FARINETTI-blog-1024x358.jpg 1024w, https:\/\/www.fastbookspa.it\/wp-content\/uploads\/2025\/11\/FARINETTI-blog-300x105.jpg 300w, https:\/\/www.fastbookspa.it\/wp-content\/uploads\/2025\/11\/FARINETTI-blog-768x269.jpg 768w, https:\/\/www.fastbookspa.it\/wp-content\/uploads\/2025\/11\/FARINETTI-blog-1536x537.jpg 1536w, https:\/\/www.fastbookspa.it\/wp-content\/uploads\/2025\/11\/FARINETTI-blog-2048x717.jpg 2048w\" sizes=\"auto, (max-width: 1024px) 100vw, 1024px\" \/><\/figure>\n\n\n\n<p><strong>Ugo Giramondi, il lettore che non parla<\/strong><\/p>\n\n\n\n<p>Ugo Giramondi, bambino segnato da un trauma, adulto che parla pochissimo ma legge come se respirasse, \u00e8 il cuore del libro. Dentro i libri Ugo entra e fatica a uscire: Kafka, Yourcenar, <em>Il piccolo principe<\/em> e altri maestri che Farinetti cita senza soggezione.<br>Ugo \u00e8 \u201cbeota\u201d agli occhi del mondo, ma il suo silenzio diventa spazio di pensiero: osserva, collega, elabora. E quando serve, sa leggere ad alta voce le parole degli altri, perch\u00e9 ci\u00f2 che non riesce a dire di suo lo affida ai libri.<\/p>\n\n\n\n<p><strong>Thrill(ing)<\/strong><\/p>\n\n\n\n<p>Per tenere alta la tensione Farinetti sceglie la struttura del legal thriller: un duplice omicidio e un processo che, oltre a muovere la trama, diventano strumento per parlare di vergogna universale e linguaggio della propaganda. Ugo Giramondi \u00e8 accusato dell\u2019uccisione di Augusta, la sua compagna, e di Giorgio, il suo migliore amico, colti in flagrante intimit\u00e0: una tragedia che segna il romanzo fin dalle prime pagine e che lo porta in aula a confrontarsi con la verit\u00e0 e con se stesso.<br>\u00abLa propaganda non si smonta usando la sua stessa tecnica: bisogna tornare alle parole giuste, all\u2019origine dei problemi\u00bb, dice l\u2019autore. Nel romanzo questo si traduce in un controcanto tra l\u2019accusa, che spinge su certezze facili, e una difesa che ricostruisce, apre, scardina.<\/p>\n\n\n\n<div class=\"wp-block-columns is-layout-flex wp-container-core-columns-is-layout-28f84493 wp-block-columns-is-layout-flex\">\n<div class=\"wp-block-column is-layout-flow wp-block-column-is-layout-flow\">\n<figure class=\"wp-block-image size-full is-resized\"><img loading=\"lazy\" decoding=\"async\" width=\"245\" height=\"164\" src=\"https:\/\/www.fastbookspa.it\/wp-content\/uploads\/2025\/11\/clessidra.png\" alt=\"Clessidra che simboleggia il tempo che scorre\" class=\"wp-image-2223\" style=\"width:482px;height:auto\"\/><\/figure>\n<\/div>\n\n\n\n<div class=\"wp-block-column is-layout-flow wp-block-column-is-layout-flow\">\n<p><strong>Tempo, memoria e libert\u00e0<\/strong><\/p>\n\n\n\n<p>Tema dominante: il tempo. Non quello astratto, ma quello che organizza la vita di Ugo: clessidre, orologi fermi che segnano l\u2019ora giusta due volte al giorno, esercizi per \u201cstare nel presente\u201d. \u00c8 un\u2019ossessione filosofica ma anche pratica: cosa facciamo del nostro tempo? Con quale rapporto tra memoria (passato), intuizione (presente) e prova (futuro)?<br>E in scia al tempo, la libert\u00e0. Farinetti la definisce cos\u00ec: \u00abLa libert\u00e0 te la costruisci dentro la coscienza; poi c\u2019\u00e8 la libert\u00e0 sociale, ma la prima nasce dentro\u00bb. Nel libro, le pagine ambientate in carcere spostano l\u2019asse proprio l\u00ec: se la libert\u00e0 \u00e8 un fatto interiore, come incide sul comportamento, sull\u2019etica, sull\u2019idea di responsabilit\u00e0?<\/p>\n<\/div>\n<\/div>\n\n\n\n<p><\/p>\n\n\n\n<p><strong>Famiglia, amicizia, amore, affari<\/strong><\/p>\n\n\n\n<p>Farinetti lo ribadisce: non c\u2019\u00e8 nessun \u201c-ismo\u201d in queste pagine. Morale non \u00e8 moralismo. I personaggi &#8211; Ugo, Augusta, Giorgio, Luca &#8211; vivono nel dubbio: \u00ab\u00c8 terribile attraversare una vita intera senza mai cambiare idea\u00bb, dice. E nel romanzo il cambio di idea non \u00e8 giravolta, ma crescita, anche quando fa male.<br>La famiglia \u00e8 un\u2019eredit\u00e0 ingombrante e necessaria; l\u2019amicizia \u00e8 fedelt\u00e0 e tradimento; l\u2019amore \u00e8 desiderio e ambivalenza; gli affari sono un terreno dove bellezza ed efficienza provano a coesistere. Ugo, figlio e nipote di una dinastia commerciale, incarna proprio questo conflitto: aggiustare o vendere? Spiegare o semplificare? Conservare o innovare?<\/p>\n\n\n\n<div class=\"wp-block-columns is-layout-flex wp-container-core-columns-is-layout-28f84493 wp-block-columns-is-layout-flex\">\n<div class=\"wp-block-column is-layout-flow wp-block-column-is-layout-flow\">\n<p><strong>Una dichiarazione di fiducia verso i librai<\/strong><\/p>\n\n\n\n<p>Forse l\u2019affermazione pi\u00f9 programmatica dell\u2019intervista \u00e8 questa: \u00abLe persone migliori sono quelle che hanno dei dubbi, e l\u2019unico modo per farsi venire dei dubbi \u00e8 leggere\u00bb.<br><em>La regola del silenzio<\/em> \u00e8 anche una dichiarazione di affetto e fiducia verso il mestiere del libraio. Il romanzo fa ci\u00f2 che Farinetti attribuisce alle librerie ideali: ti mette in mano anche il libro che non cercavi. E, pagina dopo pagina, ti chiede di fermarti quel tanto che basta per pensare.<\/p>\n<\/div>\n\n\n\n<div class=\"wp-block-column is-layout-flow wp-block-column-is-layout-flow\">\n<figure class=\"wp-block-image size-full is-resized\"><img loading=\"lazy\" decoding=\"async\" width=\"800\" height=\"552\" src=\"https:\/\/www.fastbookspa.it\/wp-content\/uploads\/2025\/11\/libri-aperti.png\" alt=\"Numerosi libri aperti l'uni incastrato nell'altro\" class=\"wp-image-2224\" style=\"width:424px;height:auto\" srcset=\"https:\/\/www.fastbookspa.it\/wp-content\/uploads\/2025\/11\/libri-aperti.png 800w, https:\/\/www.fastbookspa.it\/wp-content\/uploads\/2025\/11\/libri-aperti-300x207.png 300w, https:\/\/www.fastbookspa.it\/wp-content\/uploads\/2025\/11\/libri-aperti-768x530.png 768w\" sizes=\"auto, (max-width: 800px) 100vw, 800px\" \/><\/figure>\n<\/div>\n<\/div>\n\n\n\n<p><\/p>\n\n\n\n<p><strong>Struttura in tre movimenti<\/strong><\/p>\n\n\n\n<p>Il libro scorre in tre grandi atti &#8211; crescita, processo, carcere \u2014 dichiarati fin da subito. \u00c8 una scelta di onest\u00e0 narrativa: il lettore sa dove sta andando, ma non sa come ci arriver\u00e0. In mezzo, un lavor\u00eco sulle parole (dette e taciute) e scorci di filosofia pratica: che cos\u2019\u00e8 l\u2019errore? che cos\u2019\u00e8 la vergogna? cosa distingue il giudizio dalla giustizia?<\/p>\n\n\n\n<p><strong>Prima prova, diciannovesimo passo<\/strong><\/p>\n\n\n\n<p><em>La regola del silenzio<\/em> \u00e8 la prima prova narrativa di Oscar Farinetti, ma il suo diciannovesimo libro. L\u2019autore arriva al romanzo dopo saggi e racconti \u2014 una palestra che qui diventa corsa lunga: cinque anni di lavoro, incontri con penalisti, medici, astronomi, per non \u201cscrivere cose a caso\u201d, come ammette con ironia.<\/p>\n\n\n\n<figure class=\"wp-block-image size-large\"><img loading=\"lazy\" decoding=\"async\" width=\"1024\" height=\"358\" src=\"https:\/\/www.fastbookspa.it\/wp-content\/uploads\/2025\/11\/FARINETTI-blog2-1024x358.jpg\" alt=\"Oscar Farinetti con la copertina del suo romanzo La regola del silenzio\" class=\"wp-image-2222\" srcset=\"https:\/\/www.fastbookspa.it\/wp-content\/uploads\/2025\/11\/FARINETTI-blog2-1024x358.jpg 1024w, https:\/\/www.fastbookspa.it\/wp-content\/uploads\/2025\/11\/FARINETTI-blog2-300x105.jpg 300w, https:\/\/www.fastbookspa.it\/wp-content\/uploads\/2025\/11\/FARINETTI-blog2-768x269.jpg 768w, https:\/\/www.fastbookspa.it\/wp-content\/uploads\/2025\/11\/FARINETTI-blog2-1536x537.jpg 1536w, https:\/\/www.fastbookspa.it\/wp-content\/uploads\/2025\/11\/FARINETTI-blog2-2048x717.jpg 2048w\" sizes=\"auto, (max-width: 1024px) 100vw, 1024px\" \/><\/figure>\n\n\n\n<p><strong>Perch\u00e9 leggerlo?<\/strong><br>Perch\u00e9 mette insieme intrigo e pensiero, perch\u00e9 difende il diritto al dubbio, perch\u00e9 allena a stare nel presente senza perdere memoria e futuro. E perch\u00e9 ribadisce un\u2019idea che ci sta a cuore: i libri non servono a chiudere questioni, ma ad aprirle.<\/p>\n\n\n\n<p>Le ultime interviste Fastbook: <\/p>\n\n\n\n<p><a href=\"https:\/\/www.fastbookspa.it\/index.php\/2025\/06\/06\/intervista-roy-chen-il-grande-frastuono\/\">Roi Chen: tre voci femminili contro il grande frastuono del nostro tempo<\/a><\/p>\n\n\n\n<p><a href=\"https:\/\/www.fastbookspa.it\/index.php\/2025\/06\/06\/intervista-a-mara-carollo-promettimi-che-non-moriremo\/\">Intervista a Mara Carollo, un esordio potente e maturo<\/a><\/p>\n\n\n\n<p><a href=\"https:\/\/www.fastbookspa.it\/index.php\/2025\/04\/22\/sogni-ricordi-e-maestre-genovesi-si-racconta\/\">Sogni, ricordi e maestre: Genovesi si racconta<\/a><\/p>\n\n\n\n<p><a href=\"https:\/\/www.fastbookspa.it\/index.php\/2025\/04\/18\/di-padri-silenzi-e-montagna-il-soffio-del-gallo-forcello-di-mauro-corona\/\">Di padri, silenzi e montagna: Il soffio del gallo forcello di Mauro Corona<\/a><\/p>\n\n\n\n<p><\/p>\n","protected":false},"excerpt":{"rendered":"<p>Ne La regola del silenzio, al centro dell\u2019intervista Fastbook a Oscar Farinetti, il tempo diventa racconto e il silenzio trova voce. Nell\u2019intervista Fastbook a Oscar Farinetti c\u2019\u00e8 una frase che spiega bene lo spirito con cui si \u00e8 avvicinato alla narrativa: \u00abLa morale ce l\u2019abbiamo tutti; il difficile \u00e8 infilarla in un romanzo\u00bb.Non \u00e8 una&#8230; <a class=\"read-more\" href=\"https:\/\/www.fastbookspa.it\/index.php\/2025\/11\/07\/oscar-farinetti-intervista-la-regola-del-silenzio\/\">Continua a leggere<\/a><\/p>\n","protected":false},"author":3,"featured_media":2220,"comment_status":"open","ping_status":"open","sticky":false,"template":"","format":"standard","meta":{"footnotes":""},"categories":[588,7],"tags":[612,611],"class_list":["post-2219","post","type-post","status-publish","format-standard","has-post-thumbnail","hentry","category-interviste","category-blog","tag-la-regola-del-silenzio","tag-oscar-farinetti-intervista"],"_links":{"self":[{"href":"https:\/\/www.fastbookspa.it\/index.php\/wp-json\/wp\/v2\/posts\/2219","targetHints":{"allow":["GET"]}}],"collection":[{"href":"https:\/\/www.fastbookspa.it\/index.php\/wp-json\/wp\/v2\/posts"}],"about":[{"href":"https:\/\/www.fastbookspa.it\/index.php\/wp-json\/wp\/v2\/types\/post"}],"author":[{"embeddable":true,"href":"https:\/\/www.fastbookspa.it\/index.php\/wp-json\/wp\/v2\/users\/3"}],"replies":[{"embeddable":true,"href":"https:\/\/www.fastbookspa.it\/index.php\/wp-json\/wp\/v2\/comments?post=2219"}],"version-history":[{"count":4,"href":"https:\/\/www.fastbookspa.it\/index.php\/wp-json\/wp\/v2\/posts\/2219\/revisions"}],"predecessor-version":[{"id":2228,"href":"https:\/\/www.fastbookspa.it\/index.php\/wp-json\/wp\/v2\/posts\/2219\/revisions\/2228"}],"wp:featuredmedia":[{"embeddable":true,"href":"https:\/\/www.fastbookspa.it\/index.php\/wp-json\/wp\/v2\/media\/2220"}],"wp:attachment":[{"href":"https:\/\/www.fastbookspa.it\/index.php\/wp-json\/wp\/v2\/media?parent=2219"}],"wp:term":[{"taxonomy":"category","embeddable":true,"href":"https:\/\/www.fastbookspa.it\/index.php\/wp-json\/wp\/v2\/categories?post=2219"},{"taxonomy":"post_tag","embeddable":true,"href":"https:\/\/www.fastbookspa.it\/index.php\/wp-json\/wp\/v2\/tags?post=2219"}],"curies":[{"name":"wp","href":"https:\/\/api.w.org\/{rel}","templated":true}]}}