{"id":2229,"date":"2025-11-12T17:06:52","date_gmt":"2025-11-12T16:06:52","guid":{"rendered":"https:\/\/www.fastbookspa.it\/?p=2229"},"modified":"2025-12-23T15:06:53","modified_gmt":"2025-12-23T14:06:53","slug":"novita-libri-novembre-2025","status":"publish","type":"post","link":"https:\/\/www.fastbookspa.it\/index.php\/2025\/11\/12\/novita-libri-novembre-2025\/","title":{"rendered":"Novit\u00e0 in libreria: i libri pi\u00f9 attesi di novembre 2025"},"content":{"rendered":"\n<h2 class=\"wp-block-heading has-tertiary-color has-text-color has-link-color wp-elements-8484f0494deaf68594ddbffb813105bb\"><em>I libri di novembre 2025: un mese di letture da scoprire: grandi firme e nuovi sguardi sul nostro tempo.<\/em><\/h2>\n\n\n\n<p>Novembre \u00e8 un mese di passaggio che porta, a piccoli passi, verso il Natale. Le giornate sono corte, l\u2019aria si fa pi\u00f9 umida e il desiderio di rifugio cresce: \u00e8 tempo di tornare ai libri, di cercare tra le pagine voci nuove o ritrovate.<br>Tra le <strong>novit\u00e0 editoriali di novembre 2025<\/strong>, ecco dodici libri diversissimi tra loro che gi\u00e0 appartengono alla stagione dei regali: romanzi, saggi e storie capaci di toccare corde intime o di spalancare grandi scenari, capaci di emozionare, sorprendere e far pensare.<\/p>\n\n\n\n<div class=\"wp-block-columns is-layout-flex wp-container-core-columns-is-layout-28f84493 wp-block-columns-is-layout-flex\">\n<div class=\"wp-block-column is-layout-flow wp-block-column-is-layout-flow\" style=\"flex-basis:33.33%\">\n<figure class=\"wp-block-image size-full is-resized\"><img loading=\"lazy\" decoding=\"async\" width=\"192\" height=\"303\" src=\"https:\/\/www.fastbookspa.it\/wp-content\/uploads\/2025\/11\/ti-telefono-stasera.jpg\" alt=\"Novit\u00e0 libri novembre 2025. Copertina del libro di Lorenzo Marone Ti telefono stasera, Feltrinelli\" class=\"wp-image-2238\" style=\"width:249px;height:auto\" srcset=\"https:\/\/www.fastbookspa.it\/wp-content\/uploads\/2025\/11\/ti-telefono-stasera.jpg 192w, https:\/\/www.fastbookspa.it\/wp-content\/uploads\/2025\/11\/ti-telefono-stasera-190x300.jpg 190w\" sizes=\"auto, (max-width: 192px) 100vw, 192px\" \/><\/figure>\n<\/div>\n\n\n\n<div class=\"wp-block-column is-layout-flow wp-block-column-is-layout-flow\" style=\"flex-basis:66.66%\">\n<p>E cominciamo dal primo, un romanzo che con tenerezza e ironia racconta la paternit\u00e0 come la pi\u00f9 grande delle avventure: <a href=\"https:\/\/www.lafeltrinelli.it\/ti-telefono-stasera-libro-lorenzo-marone\/e\/9788807036996?gad_source=1&amp;gad_campaignid=20985359175&amp;gbraid=0AAAAAC8kHMQEB1bGYa-4YFzXx7pvkWpCH&amp;gclid=CjwKCAiA2svIBhB-EiwARWDPjl0WjxswIcgFF7Z2aVa5U1ZPLvYI5KHnp1ZrTE0xEJS4h5Bs2h4EOhoCzzQQAvD_BwE\" target=\"_blank\" rel=\"noopener\"><strong><em>Ti telefono stasera<\/em><\/strong><\/a> di <strong>Lorenzo Marone<\/strong>, uscito il 4 di novembre.<br>Gi\u00f2 Coppola ha cinquant\u2019anni, legge in tv previsioni del tempo che raramente azzecca e vive in equilibrio precario tra solitudini e amori a scadenza. Quando l\u2019ex moglie parte per lavoro e gli affida il figlio Duccio, nove anni e un talento precoce per le domande spiazzanti, Gi\u00f2 si ritrova a scoprire cosa significhi davvero essere presente.<\/p>\n\n\n\n<p>Tra colazioni improvvisate, compiti di matematica e giornate sgangherate, padre e figlio imparano a conoscersi, a ridere e a perdonarsi. Intorno a loro si muove una famiglia buffa e imperfetta: una madre che dispensa consigli non richiesti, un padre silenzioso ma incisivo, una sorella travolta dalle sue disavventure sentimentali e l\u2019immancabile amico Paco Meraviglia, ottimista per vocazione.<\/p>\n\n\n\n<p>Con il suo tono lieve, Marone firma un <strong>romanzo sui padri<\/strong> che sa toccare corde intime senza perdere leggerezza: un ritratto affettuoso di padri che sbagliano, amano e imparano a esserci <em>a modo loro<\/em>.<\/p>\n<\/div>\n<\/div>\n\n\n\n<p><\/p>\n\n\n\n<div class=\"wp-block-columns is-layout-flex wp-container-core-columns-is-layout-28f84493 wp-block-columns-is-layout-flex\">\n<div class=\"wp-block-column is-layout-flow wp-block-column-is-layout-flow\" style=\"flex-basis:66.66%\">\n<p>Cambia radicalmente il tono ne <a href=\"https:\/\/www.longanesi.it\/libri\/donato-carrisi-la-bugia-dellorchidea-9788830460577\/\" target=\"_blank\" rel=\"noopener\"><strong><em>La bugia dell\u2019orchidea<\/em><\/strong><\/a> di <strong>Donato Carrisi<\/strong>, in uscita per Longanesi l\u201911 novembre. Tutto comincia nel 2005 in una campagna immobile, un\u2019alba d\u2019estate, un casale rosso e un urlo che rompe il silenzio: la famiglia C. non esiste pi\u00f9. Ogni indizio punta verso un solo responsabile, l\u2019unico sopravvissuto. Sembra tutto chiaro, ma \u00e8 solo l\u2019inizio di una storia che ribalta ogni certezza.<\/p>\n\n\n\n<p>Nel 2015 incontriamo Victoria Anthon, una scrittrice che vive di fughe e identit\u00e0 mutevoli: nessuno l\u2019ha mai vista, nessuno conosce il suo vero nome. La sua voce, come quella del libro che tiene in mano il lettore, nasconde un segreto.<\/p>\n\n\n\n<p>Carrisi costruisce un <strong>thriller psicologico teso e raffinato<\/strong>, dove la verit\u00e0 \u00e8 una trappola di riflessi e la paura nasce dal dubbio. Un romanzo che ipnotizza fin dal primo respiro e lascia una promessa inquieta: chi lo legge, avr\u00e0 un segreto da custodire.<\/p>\n<\/div>\n\n\n\n<div class=\"wp-block-column is-layout-flow wp-block-column-is-layout-flow\" style=\"flex-basis:33.33%\">\n<figure class=\"wp-block-image size-full is-resized\"><img loading=\"lazy\" decoding=\"async\" width=\"193\" height=\"286\" src=\"https:\/\/www.fastbookspa.it\/wp-content\/uploads\/2025\/11\/La-bugia-dellorchidea.jpg\" alt=\"Novit\u00e0 libri novembre 2025. Copertina del libro di Donato Carrisi La bugia dell'orchidea, Longanesi\" class=\"wp-image-2239\" style=\"width:252px;height:auto\"\/><\/figure>\n<\/div>\n<\/div>\n\n\n\n<p><\/p>\n\n\n\n<div class=\"wp-block-columns is-layout-flex wp-container-core-columns-is-layout-28f84493 wp-block-columns-is-layout-flex\">\n<div class=\"wp-block-column is-layout-flow wp-block-column-is-layout-flow\" style=\"flex-basis:33.33%\">\n<figure class=\"wp-block-image size-full is-resized\"><img loading=\"lazy\" decoding=\"async\" width=\"197\" height=\"302\" src=\"https:\/\/www.fastbookspa.it\/wp-content\/uploads\/2025\/11\/sogni-di-bronzo.jpg\" alt=\"Novit\u00e0 libri novembre 2025. Copertina del libro di Camilla L\u00e4ckberg Sogni di bronzo, Marsilio\" class=\"wp-image-2240\" style=\"width:232px;height:auto\" srcset=\"https:\/\/www.fastbookspa.it\/wp-content\/uploads\/2025\/11\/sogni-di-bronzo.jpg 197w, https:\/\/www.fastbookspa.it\/wp-content\/uploads\/2025\/11\/sogni-di-bronzo-196x300.jpg 196w\" sizes=\"auto, (max-width: 197px) 100vw, 197px\" \/><\/figure>\n<\/div>\n\n\n\n<div class=\"wp-block-column is-layout-flow wp-block-column-is-layout-flow\" style=\"flex-basis:66.66%\">\n<p>Dopo i segreti e i labirinti di Carrisi, c\u2019\u00e8 il ritorno di una protagonista indimenticabile: Faye. In <a href=\"https:\/\/www.marsilioeditori.it\/libri\/scheda-libro\/2972103\/sogni-di-bronzo\" target=\"_blank\" rel=\"noopener\"><strong><em>Sogni di bronzo<\/em><\/strong><\/a> (Marsilio, 11 novembre), <strong>Camilla L\u00e4ckberg chiude la trilogia de <em>La storia di Faye<\/em><\/strong>, portando la sua eroina al confronto pi\u00f9 duro: quello con il padre, fuggito dal carcere e deciso a distruggerla.<\/p>\n\n\n\n<p>Per difendere s\u00e9 stessa, le persone che ama e l\u2019impero di <em>Revenge<\/em>, Faye deve riunire le sue alleate e affrontare una nuova nemesi, una donna che le somiglia pi\u00f9 di quanto vorrebbe.<br>Tra intrighi, passioni, L\u00e4ckberg intreccia glamour e tensione psicologica fino a una resa dei conti che celebra la forza e le ferite della femminilit\u00e0.<\/p>\n<\/div>\n<\/div>\n\n\n\n<div class=\"wp-block-columns is-layout-flex wp-container-core-columns-is-layout-28f84493 wp-block-columns-is-layout-flex\">\n<div class=\"wp-block-column is-layout-flow wp-block-column-is-layout-flow\" style=\"flex-basis:66.66%\">\n<p>Con <a href=\"https:\/\/www.salani.it\/libri\/luomo-marchiato-9788831024990\" target=\"_blank\" rel=\"noopener\"><strong><em>L\u2019uomo marchiato<\/em><\/strong><\/a> (Salani, 11 novembre), <strong>Robert Galbraith \u2013 alias J.K. Rowling \u2013<\/strong> riporta in scena <strong>Cormoran Strike<\/strong> e la sua socia <strong>Robin Ellacott<\/strong> in un nuovo caso torbido e labirintico. Tutto comincia in una casa isolata del Kent, dove una donna agitata afferma che il corpo ritrovato nudo e mutilato in un caveau di Covent Garden non appartiene all\u2019uomo identificato dalla polizia, ma al suo fidanzato scomparso.<\/p>\n\n\n\n<p>Da quell\u2019incontro si apre un\u2019indagine che affonda nei bassifondi londinesi, tra simboli massonici, depistaggi e poteri corrotti, mentre sullo sfondo cresce la tensione personale tra Strike e Robin.<\/p>\n\n\n\n<p>Galbraith d\u00e0 vita a un thriller poliziesco monumentale (1204 pagine!), denso di false piste e colpi di scena, dove la logica si intreccia ai sentimenti e la verit\u00e0 \u00e8 sempre un passo pi\u00f9 in l\u00e0 \u2014 proprio come l\u2019amore tra i due investigatori.<\/p>\n<\/div>\n\n\n\n<div class=\"wp-block-column is-layout-flow wp-block-column-is-layout-flow\" style=\"flex-basis:33.33%\">\n<figure class=\"wp-block-image size-full is-resized\"><img loading=\"lazy\" decoding=\"async\" width=\"208\" height=\"307\" src=\"https:\/\/www.fastbookspa.it\/wp-content\/uploads\/2025\/11\/Luomo-marchiato.jpg\" alt=\"Novit\u00e0 libri novembre 2025. Copertina del libro di Robert Galbraith L'uomo marchiato, Salani\" class=\"wp-image-2241\" style=\"width:238px;height:auto\" srcset=\"https:\/\/www.fastbookspa.it\/wp-content\/uploads\/2025\/11\/Luomo-marchiato.jpg 208w, https:\/\/www.fastbookspa.it\/wp-content\/uploads\/2025\/11\/Luomo-marchiato-203x300.jpg 203w\" sizes=\"auto, (max-width: 208px) 100vw, 208px\" \/><\/figure>\n<\/div>\n<\/div>\n\n\n\n<p><\/p>\n\n\n\n<div class=\"wp-block-columns is-layout-flex wp-container-core-columns-is-layout-28f84493 wp-block-columns-is-layout-flex\">\n<div class=\"wp-block-column is-layout-flow wp-block-column-is-layout-flow\" style=\"flex-basis:33.33%\">\n<figure class=\"wp-block-image size-full is-resized\"><img loading=\"lazy\" decoding=\"async\" width=\"199\" height=\"307\" src=\"https:\/\/www.fastbookspa.it\/wp-content\/uploads\/2025\/11\/le-ombre-del-mondo-1.jpg\" alt=\"Novit\u00e0 libri novembre 2025. Copertina del libro di Michel Bussi Le ombre del mondo, e\/o\" class=\"wp-image-2243\" style=\"width:247px;height:auto\" srcset=\"https:\/\/www.fastbookspa.it\/wp-content\/uploads\/2025\/11\/le-ombre-del-mondo-1.jpg 199w, https:\/\/www.fastbookspa.it\/wp-content\/uploads\/2025\/11\/le-ombre-del-mondo-1-194x300.jpg 194w\" sizes=\"auto, (max-width: 199px) 100vw, 199px\" \/><\/figure>\n<\/div>\n\n\n\n<div class=\"wp-block-column is-layout-flow wp-block-column-is-layout-flow\" style=\"flex-basis:66.66%\">\n<p>Proseguendo tra le novit\u00e0 libri novembre, finiamo tra le montagne del Ruanda con <a href=\"https:\/\/www.edizionieo.it\/book\/9788833579313\/le-ombre-del-mondo\" target=\"_blank\" rel=\"noopener\"><strong><em>Le ombre del mondo<\/em><\/strong><\/a> (12 novembre) di <strong>Michel Bussi<\/strong> (E\/O), un romanzo che fonde la tensione del thriller con la memoria della Storia. \u00c8 Natale del 2024 quando Jorik, ex militare francese, parte con la figlia Aline e la nipotina Ma\u00e9 per una vacanza alla scoperta dei gorilla. Ma quel viaggio diventa presto un ritorno al passato: trent\u2019anni prima, in Ruanda, Jorik aveva amato una giovane insegnante tutsi, Esp\u00e9rance, la cui voce riaffiora attraverso un diario scritto durante il genocidio del 1994.<\/p>\n\n\n\n<p>In bilico tra i ricordi di quell\u2019amore impossibile e il peso della colpa collettiva, Bussi intreccia tre generazioni, un segreto e un crimine storico, costruendo un racconto di dolore e redenzione. La suspense accompagna la riflessione morale: solo chi ha attraversato la notte pu\u00f2 raccontarla.<\/p>\n<\/div>\n<\/div>\n\n\n\n<p><\/p>\n\n\n\n<div class=\"wp-block-columns is-layout-flex wp-container-core-columns-is-layout-28f84493 wp-block-columns-is-layout-flex\">\n<div class=\"wp-block-column is-layout-flow wp-block-column-is-layout-flow\" style=\"flex-basis:66.66%\">\n<p>Con <a href=\"https:\/\/www.garzanti.it\/libri\/vito-mancuso-gesu-e-cristo-9788811016441\/\" target=\"_blank\" rel=\"noopener\"><strong><em>Ges\u00f9 e Cristo<\/em><\/strong><\/a> (Garzanti, 11 novembre), <strong>Vito Mancuso<\/strong> ci regala la sua opera pi\u00f9 ambiziosa: un saggio che affronta la distinzione \u2013 e la necessaria unione \u2013 tra l\u2019uomo storico e l\u2019idea teologica che da lui \u00e8 nata. Ges\u00f9, figura concreta della storia, e Cristo, simbolo universale di fede, vengono qui \u201cseparati per essere ricuciti\u201d, in un dialogo che intreccia filosofia, teologia e ricerca spirituale.<\/p>\n\n\n\n<p>Mancuso analizza duemila anni di interpretazioni e ne propone una chiave nuova, capace di parlare a un mondo ormai post-cristiano: non per demolire la tradizione, ma per restituirle senso nel presente.<br>Tra storia e mito, tra ragione e speranza, <em>Ges\u00f9 e Cristo<\/em> invita il lettore a un viaggio dentro la propria fede, mostrando che comprendere e credere non sono gesti opposti, ma due parti della stessa verit\u00e0.<\/p>\n<\/div>\n\n\n\n<div class=\"wp-block-column is-layout-flow wp-block-column-is-layout-flow\" style=\"flex-basis:33.33%\">\n<figure class=\"wp-block-image size-full is-resized\"><img loading=\"lazy\" decoding=\"async\" width=\"207\" height=\"302\" src=\"https:\/\/www.fastbookspa.it\/wp-content\/uploads\/2025\/11\/Gesu-e-Cristo.jpg\" alt=\"Novit\u00e0 libri novembre 2025. Copertina del libro di Vito Mancuso Ges\u00f9 e Cristo, Garzanti\" class=\"wp-image-2244\" style=\"width:231px;height:auto\" srcset=\"https:\/\/www.fastbookspa.it\/wp-content\/uploads\/2025\/11\/Gesu-e-Cristo.jpg 207w, https:\/\/www.fastbookspa.it\/wp-content\/uploads\/2025\/11\/Gesu-e-Cristo-206x300.jpg 206w\" sizes=\"auto, (max-width: 207px) 100vw, 207px\" \/><\/figure>\n<\/div>\n<\/div>\n\n\n\n<p><\/p>\n\n\n\n<div class=\"wp-block-columns is-layout-flex wp-container-core-columns-is-layout-28f84493 wp-block-columns-is-layout-flex\">\n<div class=\"wp-block-column is-layout-flow wp-block-column-is-layout-flow\" style=\"flex-basis:33.33%\">\n<figure class=\"wp-block-image size-full is-resized\"><img loading=\"lazy\" decoding=\"async\" width=\"193\" height=\"289\" src=\"https:\/\/www.fastbookspa.it\/wp-content\/uploads\/2025\/11\/Cesare-copertina-provvisoria.jpg\" alt=\"Novit\u00e0 libri novembre 2025. Copertina provvisria del libro di Alberto Angela, Cesare, Mondadori\" class=\"wp-image-2245\" style=\"width:232px;height:auto\"\/><\/figure>\n<\/div>\n\n\n\n<div class=\"wp-block-column is-layout-flow wp-block-column-is-layout-flow\" style=\"flex-basis:66.66%\">\n<p>Dopo la riflessione teologica di Mancuso, arriva la grande Storia con <a href=\"https:\/\/www.mondadori.it\/libri\/cesare-alberto-angela\/\" target=\"_blank\" rel=\"noopener\"><strong><em>Cesare<\/em><\/strong><\/a> di <strong>Alberto Angela<\/strong> (Mondadori, 18 novembre).<br>Con il suo inconfondibile talento nel rendere vivi i secoli passati, Angela accompagna i lettori tra le legioni di Giulio Cesare, nel 58 a.C., alla conquista della Gallia: una terra ostile e affascinante, dove battaglie, intrighi e alleanze disegnano il destino di Roma.<\/p>\n\n\n\n<p>Tra foreste stregate, santuari nascosti e ponti costruiti nella neve, il condottiero appare in tutta la sua complessit\u00e0: geniale e crudele, instancabile e vulnerabile, politico e amante.<br>Basandosi sul <em>De bello Gallico<\/em>, Angela intreccia <strong>rigore storico e ritmo narrativo<\/strong>, restituendo un Cesare sorprendentemente vicino a noi, in un viaggio che \u00e8 al tempo stesso epico e umano.<\/p>\n<\/div>\n<\/div>\n\n\n\n<p><\/p>\n\n\n\n<div class=\"wp-block-columns is-layout-flex wp-container-core-columns-is-layout-28f84493 wp-block-columns-is-layout-flex\">\n<div class=\"wp-block-column is-layout-flow wp-block-column-is-layout-flow\" style=\"flex-basis:66.66%\">\n<p>Ma lasciamo la Storia in grande formato per tornare al <strong>crime mediterraneo<\/strong> con <a href=\"https:\/\/www.einaudi.it\/catalogo-libri\/narrativa-italiana\/narrativa-italiana-contemporanea\/mandorla-amara-cristina-cassar-scalia-9788858449967\/\" target=\"_blank\" rel=\"noopener\"><strong><em>Mandorla amara<\/em><\/strong><\/a> di <strong>Cristina Cassar Scalia<\/strong> (Einaudi, 18 novembre), nuovo capitolo della serie dedicata al vicequestore <strong>Vanina Guarrasi<\/strong>, ormai protagonista di culto anche sul piccolo schermo.<\/p>\n\n\n\n<p>Una mattina d\u2019estate, al largo di Capo Mulini, uno yacht alla deriva nasconde sette cadaveri. Il sospetto \u00e8 un avvelenamento con cianuro mescolato a latte di mandorla: un delitto tanto insolito quanto inquietante. Vanina, rientrata a Catania in un momento personale delicato, si tuffa nell\u2019indagine con la tenacia di sempre, sostenuta a distanza dallo storico commissario in pensione <strong>Biagio Patan\u00e8<\/strong>.<\/p>\n\n\n\n<p>Un noir solare venato di malinconia, dove la luce di Sicilia illumina anche le zone d\u2019ombra dell\u2019animo umano.<\/p>\n<\/div>\n\n\n\n<div class=\"wp-block-column is-layout-flow wp-block-column-is-layout-flow\" style=\"flex-basis:33.33%\">\n<figure class=\"wp-block-image size-full is-resized\"><img loading=\"lazy\" decoding=\"async\" width=\"189\" height=\"295\" src=\"https:\/\/www.fastbookspa.it\/wp-content\/uploads\/2025\/11\/Mandorla-amara.jpg\" alt=\"Novit\u00e0 libri novembre 2025. Copertina del libro di Cristina Cassar Scalia, Mandorla amara, Einaudi Stile Libero\" class=\"wp-image-2246\" style=\"width:239px;height:auto\"\/><\/figure>\n<\/div>\n<\/div>\n\n\n\n<p><\/p>\n\n\n\n<div class=\"wp-block-columns is-layout-flex wp-container-core-columns-is-layout-28f84493 wp-block-columns-is-layout-flex\">\n<div class=\"wp-block-column is-layout-flow wp-block-column-is-layout-flow\" style=\"flex-basis:33.33%\">\n<figure class=\"wp-block-image size-full is-resized\"><img loading=\"lazy\" decoding=\"async\" width=\"207\" height=\"290\" src=\"https:\/\/www.fastbookspa.it\/wp-content\/uploads\/2025\/11\/Dodici-mesi-in-giallo.jpg\" alt=\"Novit\u00e0 libri novembre 2025. Copertina del libro Dodici mesi in giallo, Sellerio\" class=\"wp-image-2247\" style=\"width:246px;height:auto\"\/><\/figure>\n<\/div>\n\n\n\n<div class=\"wp-block-column is-layout-flow wp-block-column-is-layout-flow\" style=\"flex-basis:66.66%\">\n<p>C\u2019\u00e8 un momento dell\u2019anno in cui i lettori Sellerio sanno gi\u00e0 cosa aspettarsi: una nuova antologia \u201cin giallo\u201d, un piccolo rito per chi ama la collana La memoria e i suoi investigatori di carta. <a href=\"https:\/\/www.sellerio.it\/it\/catalogo\/Dodici-Mesi-Giallo\/Cappellozza-Gimenez-bartlett-Longo-Malvaldi-Bruzzone-Mason-Manzini-Mercadante-Piazzese-Robecchi\/16717\" target=\"_blank\" rel=\"noopener\"><strong><em>Dodici mesi in giallo<\/em><\/strong><\/a> riunisce, come in una grande tavolata letteraria, le firme pi\u00f9 amate della casa editrice: da <strong>Alicia Gim\u00e9nez-Bartlett<\/strong> a <strong>Antonio Manzini<\/strong>, da Marco Malvaldi e Samantha Bruzzone a Gaetano Savatteri, Simona Tanzini, Santo Piazzese e altri.<\/p>\n\n\n\n<p>Dodici racconti, uno per ogni mese, che attraversano un intero anno di delitti, umori e stagioni: dai saldi di gennaio con le sorelle Miralles alle indagini estive di Lamanna e Piccionello, fino al <strong>dicembre amaro di Rocco Schiavone<\/strong>. Ogni storia intreccia il mistero con la quotidianit\u00e0, tra ironia, malinconia e quel senso di nostalgia che sono il marchio Sellerio.<\/p>\n\n\n\n<p>Un appuntamento ormai atteso, che celebra il piacere del giallo d\u2019autore e la fedelt\u00e0 dei suoi lettori: dodici mesi, dodici voci, dodici modi diversi di guardare l\u2019ombra dietro la luce.<\/p>\n<\/div>\n<\/div>\n\n\n\n<p><\/p>\n\n\n\n<div class=\"wp-block-columns is-layout-flex wp-container-core-columns-is-layout-28f84493 wp-block-columns-is-layout-flex\">\n<div class=\"wp-block-column is-layout-flow wp-block-column-is-layout-flow\" style=\"flex-basis:66.66%\">\n<p>Con <a href=\"https:\/\/www.longanesi.it\/libri\/alessia-gazzola-miss-bee-e-il-giardino-avvelenato-9788830464063\/\" target=\"_blank\" rel=\"noopener\"><strong><em>Miss Bee e il giardino avvelenato<\/em><\/strong><\/a> (Longanesi, 25 novembre), <strong>Alessia Gazzola<\/strong> riporta in scena la sua irresistibile eroina in cloche e guanti di pizzo: <strong>Beatrice Bernab\u00f2<\/strong>, alias Miss Bee, giovane detective nell\u2019Inghilterra degli anni Venti.<\/p>\n\n\n\n<p>Siamo nel <strong>Norfolk del 1925<\/strong>, tra t\u00e8 del pomeriggio, segreti di famiglia e un giardino che nasconde pi\u00f9 di un veleno. Quello che doveva essere un tranquillo soggiorno in una dimora nobiliare si trasforma in un intrigo che coinvolge vecchie conoscenze, passioni sopite e ombre del passato. E mentre il mistero si infittisce, Beatrice deve fare i conti anche con il ritorno dell\u2019affascinante visconte Julian Lennox, capace di complicare ogni indagine \u2013 e il suo cuore.<\/p>\n\n\n\n<p>Tra delitti, ironia e scintille sentimentali, Gazzola firma un nuovo capitolo elegante e brillante, dove il giallo incontra il romanticismo d\u2019epoca. Un finale perfetto per la serie di Miss Bee: acuto, frizzante e con quel tocco di malinconia che sa di addio.<\/p>\n<\/div>\n\n\n\n<div class=\"wp-block-column is-layout-flow wp-block-column-is-layout-flow\" style=\"flex-basis:33.33%\">\n<figure class=\"wp-block-image size-full is-resized\"><img loading=\"lazy\" decoding=\"async\" width=\"195\" height=\"300\" src=\"https:\/\/www.fastbookspa.it\/wp-content\/uploads\/2025\/11\/Miss-Bee-e-il-giardino-avvelenato.jpg\" alt=\"Novit\u00e0 libri novembre 2025. Copertina del libro di Alessia Gazzola, Miss Bee e il giardino avvelenato, Longanesi\" class=\"wp-image-2248\" style=\"width:242px;height:auto\"\/><\/figure>\n<\/div>\n<\/div>\n\n\n\n<p><\/p>\n\n\n\n<div class=\"wp-block-columns is-layout-flex wp-container-core-columns-is-layout-28f84493 wp-block-columns-is-layout-flex\">\n<div class=\"wp-block-column is-layout-flow wp-block-column-is-layout-flow\" style=\"flex-basis:33.33%\">\n<figure class=\"wp-block-image size-full is-resized\"><img loading=\"lazy\" decoding=\"async\" width=\"205\" height=\"290\" src=\"https:\/\/www.fastbookspa.it\/wp-content\/uploads\/2025\/11\/Cera-una-volta-in-Italia-Gli-anni-Ottanta.jpg\" alt=\"Novit\u00e0 libri novembre 2025. Copertina del libro di Enrico Deaglio, C'era una volta in Italia. Gli anni Ottanta, Feltrinelli\" class=\"wp-image-2249\" style=\"width:274px;height:auto\"\/><\/figure>\n<\/div>\n\n\n\n<div class=\"wp-block-column is-layout-flow wp-block-column-is-layout-flow\" style=\"flex-basis:66.66%\">\n<p>A chiudere il mese, un viaggio nella memoria collettiva: <a href=\"https:\/\/www.feltrinellieditore.it\/opera\/cera-una-volta-in-italia-1-2-3\/\" target=\"_blank\" rel=\"noopener\"><strong><em>C\u2019era una volta in Italia. Gli anni Ottanta<\/em><\/strong><\/a> di <strong>Enrico Deaglio<\/strong> (Feltrinelli, 25 novembre).<br>Il decennio si apre con la <strong>strage di Bologna<\/strong> e si chiude con il <strong>crollo del Muro di Berlino<\/strong>: dieci anni in cui l\u2019Italia cambia volto, smette di credere nella politica e comincia a credere nella televisione. \u00c8 l\u2019epoca dei Mondiali dell\u201982, della \u201cMilano da bere\u201d, di Craxi e Falcone, di Cutolo e di Berlusconi, del Sud insanguinato e del Nord rampante.<\/p>\n\n\n\n<p>Deaglio, affiancato da <strong>Ivan Carozzi<\/strong>, costruisce un grande romanzo civile: una narrazione corale fatta di cronache, immagini e canzoni, dove l\u2019euforia convive con la violenza, e la nascita del mito televisivo con la dissoluzione dell\u2019impegno.<br>Un ritratto lucido e appassionato di un Paese che si credeva invincibile \u2014 una nave potente e spericolata, forse gi\u00e0 diretta verso l\u2019iceberg.<\/p>\n<\/div>\n<\/div>\n\n\n\n<p><\/p>\n\n\n\n<figure class=\"wp-block-image size-large is-resized\"><img loading=\"lazy\" decoding=\"async\" width=\"1024\" height=\"358\" src=\"https:\/\/www.fastbookspa.it\/wp-content\/uploads\/2025\/11\/LIBRI-INVERNALI-blog2-2-1024x358.jpg\" alt=\"Novit\u00e0 libri novembre 2025. Copertine dei 12 libri descritti nell'articolo.\" class=\"wp-image-2250\" style=\"width:1200px;height:auto\" srcset=\"https:\/\/www.fastbookspa.it\/wp-content\/uploads\/2025\/11\/LIBRI-INVERNALI-blog2-2-1024x358.jpg 1024w, https:\/\/www.fastbookspa.it\/wp-content\/uploads\/2025\/11\/LIBRI-INVERNALI-blog2-2-300x105.jpg 300w, https:\/\/www.fastbookspa.it\/wp-content\/uploads\/2025\/11\/LIBRI-INVERNALI-blog2-2-768x269.jpg 768w, https:\/\/www.fastbookspa.it\/wp-content\/uploads\/2025\/11\/LIBRI-INVERNALI-blog2-2-1536x537.jpg 1536w, https:\/\/www.fastbookspa.it\/wp-content\/uploads\/2025\/11\/LIBRI-INVERNALI-blog2-2-2048x717.jpg 2048w\" sizes=\"auto, (max-width: 1024px) 100vw, 1024px\" \/><\/figure>\n\n\n\n<p>Vuoi conoscere anche le uscite in libreria di ottobre 2025? Leggi l\u2019articolo <a href=\"https:\/\/www.fastbookspa.it\/index.php\/2025\/10\/21\/natale-in-libreria\/\">QUI<\/a><\/p>\n\n\n\n<p><\/p>\n","protected":false},"excerpt":{"rendered":"<p>I libri di novembre 2025: un mese di letture da scoprire: grandi firme e nuovi sguardi sul nostro tempo. Novembre \u00e8 un mese di passaggio che porta, a piccoli passi, verso il Natale. Le giornate sono corte, l\u2019aria si fa pi\u00f9 umida e il desiderio di rifugio cresce: \u00e8 tempo di tornare ai libri, di&#8230; <a class=\"read-more\" href=\"https:\/\/www.fastbookspa.it\/index.php\/2025\/11\/12\/novita-libri-novembre-2025\/\">Continua a leggere<\/a><\/p>\n","protected":false},"author":3,"featured_media":2235,"comment_status":"open","ping_status":"open","sticky":false,"template":"","format":"standard","meta":{"footnotes":""},"categories":[7,613],"tags":[615,614],"class_list":["post-2229","post","type-post","status-publish","format-standard","has-post-thumbnail","hentry","category-blog","category-libri-novita","tag-novia-in-libreria-di-novembre-2025","tag-novita-in-libreria"],"_links":{"self":[{"href":"https:\/\/www.fastbookspa.it\/index.php\/wp-json\/wp\/v2\/posts\/2229","targetHints":{"allow":["GET"]}}],"collection":[{"href":"https:\/\/www.fastbookspa.it\/index.php\/wp-json\/wp\/v2\/posts"}],"about":[{"href":"https:\/\/www.fastbookspa.it\/index.php\/wp-json\/wp\/v2\/types\/post"}],"author":[{"embeddable":true,"href":"https:\/\/www.fastbookspa.it\/index.php\/wp-json\/wp\/v2\/users\/3"}],"replies":[{"embeddable":true,"href":"https:\/\/www.fastbookspa.it\/index.php\/wp-json\/wp\/v2\/comments?post=2229"}],"version-history":[{"count":1,"href":"https:\/\/www.fastbookspa.it\/index.php\/wp-json\/wp\/v2\/posts\/2229\/revisions"}],"predecessor-version":[{"id":2251,"href":"https:\/\/www.fastbookspa.it\/index.php\/wp-json\/wp\/v2\/posts\/2229\/revisions\/2251"}],"wp:featuredmedia":[{"embeddable":true,"href":"https:\/\/www.fastbookspa.it\/index.php\/wp-json\/wp\/v2\/media\/2235"}],"wp:attachment":[{"href":"https:\/\/www.fastbookspa.it\/index.php\/wp-json\/wp\/v2\/media?parent=2229"}],"wp:term":[{"taxonomy":"category","embeddable":true,"href":"https:\/\/www.fastbookspa.it\/index.php\/wp-json\/wp\/v2\/categories?post=2229"},{"taxonomy":"post_tag","embeddable":true,"href":"https:\/\/www.fastbookspa.it\/index.php\/wp-json\/wp\/v2\/tags?post=2229"}],"curies":[{"name":"wp","href":"https:\/\/api.w.org\/{rel}","templated":true}]}}