{"id":2333,"date":"2026-01-14T17:00:34","date_gmt":"2026-01-14T16:00:34","guid":{"rendered":"https:\/\/www.fastbookspa.it\/?p=2333"},"modified":"2026-01-14T17:27:16","modified_gmt":"2026-01-14T16:27:16","slug":"novita-libri-gennaio-2026","status":"publish","type":"post","link":"https:\/\/www.fastbookspa.it\/index.php\/2026\/01\/14\/novita-libri-gennaio-2026\/","title":{"rendered":"Novit\u00e0 libri gennaio 2026: i titoli da tenere d\u2019occhio in libreria"},"content":{"rendered":"\n<h2 class=\"wp-block-heading\">Una mappa di letture per iniziare l\u2019anno con la storia giusta tra le mani<\/h2>\n\n\n\n<p>Gennaio \u00e8 un mese strano: arriva dopo il rumore delle feste, mentre le librerie sono ancora piene di storie che chiedono tempo, e intanto l\u2019anno nuovo bussa con uscite che vorrebbero attenzione subito. \u00c8 un passaggio stretto, in cui orientarsi non \u00e8 sempre semplice, ma proprio per questo vale la pena fermarsi a guardare meglio cosa arriva sugli scaffali.<\/p>\n\n\n\n<p>Abbiamo messo in fila dieci titoli, in ordine di uscita, per raccontare alcune delle <strong>novit\u00e0 libri gennaio 2026<\/strong>, un inizio d\u2019anno che parla a lettori diversi: ritorni molto attesi, storie capaci di intercettare un pubblico ampio, romanzi che lavorano pi\u00f9 in profondit\u00e0 e libri che, a seconda di chi legge, possono diventare appuntamenti irrinunciabili. Nessuna classifica e nessuna etichetta definitiva, ma un percorso possibile per entrare nel nuovo anno con qualche buon libro tra le mani.<\/p>\n\n\n\n<div class=\"wp-block-columns is-layout-flex wp-container-core-columns-is-layout-28f84493 wp-block-columns-is-layout-flex\">\n<div class=\"wp-block-column is-layout-flow wp-block-column-is-layout-flow\" style=\"flex-basis:33.33%\">\n<figure class=\"wp-block-image size-full\"><img loading=\"lazy\" decoding=\"async\" width=\"464\" height=\"696\" src=\"https:\/\/www.fastbookspa.it\/wp-content\/uploads\/2026\/01\/9788842935636_0_0_464_0_75.jpg\" alt=\"Novit\u00e0 libri gennaio 2026. Copertina del libro di Stefania Auci, L'alba dei leoni. La saga dei Florio, Nord\" class=\"wp-image-2335\" srcset=\"https:\/\/www.fastbookspa.it\/wp-content\/uploads\/2026\/01\/9788842935636_0_0_464_0_75.jpg 464w, https:\/\/www.fastbookspa.it\/wp-content\/uploads\/2026\/01\/9788842935636_0_0_464_0_75-200x300.jpg 200w\" sizes=\"auto, (max-width: 464px) 100vw, 464px\" \/><\/figure>\n<\/div>\n\n\n\n<div class=\"wp-block-column is-layout-flow wp-block-column-is-layout-flow\" style=\"flex-basis:66.66%\">\n<p><strong>L\u2019alba dei Leoni \u2013 Stefania Auci<\/strong><\/p>\n\n\n\n<p>Con <em><a href=\"https:\/\/www.editricenord.it\/libro\/stefania-auci-lalba-dei-leoni-9788842935636.html\" target=\"_blank\" rel=\"noopener\">L\u2019alba dei Leoni<\/a><\/em>, Stefania Auci torna alla saga che ha appassionato oltre un milione e mezzo di lettori, scegliendo di fare un passo indietro: prima dell\u2019impero, prima della ricchezza, prima del mito. Questo nuovo romanzo racconta infatti <strong>l\u2019origine della storia dei Florio<\/strong>, l\u00e0 dove tutto ha avuto inizio.<\/p>\n\n\n\n<p>Siamo nel 1772, a Bagnara Calabra, un luogo aspro, stretto tra mare e montagna, dove la vita \u00e8 fatta di fatica, orgoglio e resistenza. Qui vivono i Florio, lontanissimi dall\u2019immagine opulenta che li render\u00e0 celebri. Vincenzo, uomo duro come il ferro che lavora, e Rosa, madre segnata da perdite e lutti, tengono insieme una famiglia fondata sulla difesa del proprio nome e sulla convinzione che il presente sia sempre un\u2019eco del passato. Ma il destino, come spesso accade nei romanzi di Auci, irrompe con forza: una fuga, una catastrofe naturale, la perdita di tutto. E poi un\u2019idea nuova, lontana da Bagnara, su un\u2019isola dove circolano denaro e potere.<\/p>\n\n\n\n<p>Nel 1799 Paolo e Ignazio Florio arrivano a Palermo. Non sanno ancora cosa diventeranno, ma sanno perfettamente cosa sono stati: figli ribelli, uomini in lotta, sopravvissuti. \u00c8 questa consapevolezza a segnare tutta la saga dei Florio, dall\u2019inizio alla fine. <em>L\u2019alba dei Leoni<\/em> racconta proprio quel primo nodo, il momento in cui una storia familiare si mette in moto e non si fermer\u00e0 pi\u00f9.<\/p>\n\n\n\n<p>Dopo <em>I Leoni di Sicilia<\/em> e <em>L\u2019inverno dei Leoni<\/em>, entrambi ai vertici delle classifiche per lungo tempo, questo nuovo capitolo completa il disegno narrativo, restituendo ai lettori l\u2019origine di un destino che, fin dall\u2019inizio, non aveva nulla di scontato.<\/p>\n<\/div>\n<\/div>\n\n\n\n<div class=\"wp-block-columns is-layout-flex wp-container-core-columns-is-layout-28f84493 wp-block-columns-is-layout-flex\">\n<div class=\"wp-block-column is-layout-flow wp-block-column-is-layout-flow\">\n<p><strong>Il silenzio dei colpevoli \u2013 Angela Marsons<\/strong><\/p>\n\n\n\n<p>Tra i thriller in uscita a gennaio 2026, <em><a href=\"https:\/\/www.newtoncompton.com\/libro\/il-silenzio-dei-colpevoli\" target=\"_blank\" rel=\"noopener\">Il silenzio dei colpevoli<\/a><\/em> segna il ritorno di Angela Marsons, una delle autrici pi\u00f9 lette del crime britannico, con la sua detective simbolo, Kim Stone. Un nuovo caso che affonda le mani nel buio, tra omicidi brutali, segreti protetti dal silenzio e verit\u00e0 che qualcuno \u00e8 disposto a tutto pur di non far emergere.Il corpo di un uomo torturato viene ritrovato in una zona industriale. Quando Kim Stone comunica la notizia alla moglie della vittima, la sua reazione appare subito fuori posto. Nel giro di ventiquattr\u2019ore, Diane Phipps e l\u2019intera famiglia scompaiono. Poco dopo, un secondo corpo viene scoperto in una riserva naturale nel Somerset. Le indagini portano alla luce un legame inquietante tra le vittime: un segreto che coinvolge anche chi dovrebbe far rispettare la legge.<\/p>\n\n\n\n<p>Con il suo stile asciutto, incisivo e altamente cinematografico, Angela Marsons conferma la forza di una serie che ha conquistato milioni di lettori nel mondo. <em>Il silenzio dei colpevoli<\/em> \u00e8 un thriller teso, oscuro e senza fronzoli, pensato per chi ama i gialli che si leggono d\u2019un fiato ma lasciano il segno.<\/p>\n<\/div>\n\n\n\n<div class=\"wp-block-column is-layout-flow wp-block-column-is-layout-flow\">\n<figure class=\"wp-block-image aligncenter size-large is-resized\"><img loading=\"lazy\" decoding=\"async\" width=\"692\" height=\"1024\" src=\"https:\/\/www.fastbookspa.it\/wp-content\/uploads\/2026\/01\/il-silenzio-dei-colpevoli-692x1024.jpg\" alt=\"Novit\u00e0 libri gennaio 2026. Copertina del libro di Angela Marsons, Il silenzio dei colpevoli. Un'indagine di Kim Stone, Newton Compton\" class=\"wp-image-2337\" style=\"aspect-ratio:0.6757878776939461;width:340px;height:auto\" srcset=\"https:\/\/www.fastbookspa.it\/wp-content\/uploads\/2026\/01\/il-silenzio-dei-colpevoli-692x1024.jpg 692w, https:\/\/www.fastbookspa.it\/wp-content\/uploads\/2026\/01\/il-silenzio-dei-colpevoli-203x300.jpg 203w, https:\/\/www.fastbookspa.it\/wp-content\/uploads\/2026\/01\/il-silenzio-dei-colpevoli-768x1136.jpg 768w, https:\/\/www.fastbookspa.it\/wp-content\/uploads\/2026\/01\/il-silenzio-dei-colpevoli.jpg 1014w\" sizes=\"auto, (max-width: 692px) 100vw, 692px\" \/><\/figure>\n<\/div>\n<\/div>\n\n\n\n<div class=\"wp-block-columns is-layout-flex wp-container-core-columns-is-layout-28f84493 wp-block-columns-is-layout-flex\">\n<div class=\"wp-block-column is-layout-flow wp-block-column-is-layout-flow\">\n<figure class=\"wp-block-image aligncenter size-large is-resized\"><img loading=\"lazy\" decoding=\"async\" width=\"653\" height=\"1024\" src=\"https:\/\/www.fastbookspa.it\/wp-content\/uploads\/2026\/01\/Piergiorgio-Pulixi-Il-nido-del-corvo-1-653x1024.png\" alt=\"Novit\u00e0 libri gennaio 2026. Copertina del libro di Piergiorgio Pulixi, Il nido del corvo, Feltrinelli\" class=\"wp-image-2338\" style=\"aspect-ratio:0.6376999199468584;width:339px;height:auto\" srcset=\"https:\/\/www.fastbookspa.it\/wp-content\/uploads\/2026\/01\/Piergiorgio-Pulixi-Il-nido-del-corvo-1-653x1024.png 653w, https:\/\/www.fastbookspa.it\/wp-content\/uploads\/2026\/01\/Piergiorgio-Pulixi-Il-nido-del-corvo-1-191x300.png 191w, https:\/\/www.fastbookspa.it\/wp-content\/uploads\/2026\/01\/Piergiorgio-Pulixi-Il-nido-del-corvo-1-768x1204.png 768w, https:\/\/www.fastbookspa.it\/wp-content\/uploads\/2026\/01\/Piergiorgio-Pulixi-Il-nido-del-corvo-1.png 800w\" sizes=\"auto, (max-width: 653px) 100vw, 653px\" \/><\/figure>\n<\/div>\n\n\n\n<div class=\"wp-block-column is-layout-flow wp-block-column-is-layout-flow\">\n<p><strong>Il nido del corvo \u2013 Piergiorgio Pulixi<\/strong><\/p>\n\n\n\n<p>Con <em><a href=\"https:\/\/www.feltrinellieditore.it\/opera\/il-nido-del-corvo\/\" target=\"_blank\" rel=\"noopener\">Il nido del corvo<\/a><\/em>, in uscita il 13 gennaio 2026, Piergiorgio Pulixi inaugura un nuovo capitolo del suo universo noir e introduce una coppia di indagatori destinata a lasciare il segno. Siamo in Sardegna, nella penisola del Sinis, un territorio sospeso tra stagni di sale e campagne desolate, dove il paesaggio diventa parte integrante dell\u2019incubo.<\/p>\n\n\n\n<p>La scomparsa di Angela Floris sembra destinata a rimanere un caso irrisolto: sei mesi di silenzio, nessuna traccia. Poi il suo cellulare si riaccende. Sul luogo del rilevamento, gli ispettori Daniel Corvo e Viola Zardi trovano un macabro reperto che ha il valore di una firma: una mano femminile, perfettamente conservata. \u00c8 l\u2019inizio di una caccia a un killer che non si limita a uccidere, ma osserva, studia e colleziona, trasformando i corpi in opere.<\/p>\n\n\n\n<p>Tra noir psicologico e tensione pura, Pulixi costruisce una storia ipnotica che scava nei chiaroscuri dell\u2019animo umano, senza sensazionalismi. <em>Il nido del corvo<\/em> allarga l\u2019orizzonte di una delle voci pi\u00f9 autorevoli del crime italiano contemporaneo e si candida a essere uno dei titoli noir pi\u00f9 attesi dell\u2019inizio del 2026.<\/p>\n<\/div>\n<\/div>\n\n\n\n<p><\/p>\n\n\n\n<div class=\"wp-block-columns is-layout-flex wp-container-core-columns-is-layout-28f84493 wp-block-columns-is-layout-flex\">\n<div class=\"wp-block-column is-layout-flow wp-block-column-is-layout-flow\">\n<p><strong>Woman Down \u2013 Colleen Hoover<\/strong><\/p>\n\n\n\n<p>Con <em><a href=\"https:\/\/www.sperling.it\/libri\/woman-down-colleen-hoover\" target=\"_blank\" rel=\"noopener\">Woman Down<\/a><\/em>, in uscita per Sperling &amp; Kupfer, Colleen Hoover torna al thriller, esplorando il lato pi\u00f9 oscuro del rapporto tra creativit\u00e0, identit\u00e0 e giudizio pubblico. Al centro c\u2019\u00e8 Petra Rose, scrittrice un tempo celebrata, travolta da una violenta reazione social dopo il fallimento dell\u2019adattamento cinematografico del suo romanzo pi\u00f9 famoso.<\/p>\n\n\n\n<p>In crisi creativa e con i risparmi agli sgoccioli, Petra si rifugia in una baita isolata sul lago per terminare il libro che potrebbe salvarle la carriera. Qui incontra il detective Nathaniel Saint, portatore di notizie inquietanti ma anche di una nuova, potente ispirazione: l\u2019uomo reale inizia a sovrapporsi al personaggio che Petra sta scrivendo.<\/p>\n\n\n\n<p>Tra attrazione, ambiguit\u00e0 e tensione crescente, <em>Woman Down<\/em> promette colpi di scena e atmosfere inquietanti, confermando la capacit\u00e0 di Hoover di muoversi tra generi diversi e di tenere il lettore in bilico tra finzione e realt\u00e0.<\/p>\n<\/div>\n\n\n\n<div class=\"wp-block-column is-layout-flow wp-block-column-is-layout-flow\">\n<figure class=\"wp-block-image aligncenter size-full is-resized\"><img loading=\"lazy\" decoding=\"async\" width=\"424\" height=\"648\" src=\"https:\/\/www.fastbookspa.it\/wp-content\/uploads\/2026\/01\/9788820085025_0_0_424_0_75.jpg\" alt=\"Novit\u00e0 libri gennaio 2026. Copertina del libro di Colleen Hoover, Woman Down\" class=\"wp-image-2346\" style=\"aspect-ratio:0.6376999199468584;width:357px;height:auto\" srcset=\"https:\/\/www.fastbookspa.it\/wp-content\/uploads\/2026\/01\/9788820085025_0_0_424_0_75.jpg 424w, https:\/\/www.fastbookspa.it\/wp-content\/uploads\/2026\/01\/9788820085025_0_0_424_0_75-196x300.jpg 196w\" sizes=\"auto, (max-width: 424px) 100vw, 424px\" \/><\/figure>\n<\/div>\n<\/div>\n\n\n\n<div class=\"wp-block-columns is-layout-flex wp-container-core-columns-is-layout-28f84493 wp-block-columns-is-layout-flex\">\n<div class=\"wp-block-column is-layout-flow wp-block-column-is-layout-flow\">\n<figure class=\"wp-block-image aligncenter size-full is-resized\"><img loading=\"lazy\" decoding=\"async\" width=\"464\" height=\"707\" src=\"https:\/\/www.fastbookspa.it\/wp-content\/uploads\/2026\/01\/9788831025522_0_0_464_0_75.jpg\" alt=\"Novit\u00e0 libri gennaio 2026. Copertina del libro Tell me in secret, di Mercedes Ron, Salani\" class=\"wp-image-2340\" style=\"aspect-ratio:0.6562980687062041;width:340px;height:auto\" srcset=\"https:\/\/www.fastbookspa.it\/wp-content\/uploads\/2026\/01\/9788831025522_0_0_464_0_75.jpg 464w, https:\/\/www.fastbookspa.it\/wp-content\/uploads\/2026\/01\/9788831025522_0_0_464_0_75-197x300.jpg 197w\" sizes=\"auto, (max-width: 464px) 100vw, 464px\" \/><\/figure>\n<\/div>\n\n\n\n<div class=\"wp-block-column is-layout-flow wp-block-column-is-layout-flow\">\n<p><strong>Tell me in secret. Dimmelo in segreto \u2013 Mercedes Ron<\/strong><\/p>\n\n\n\n<p>In uscita il 13 gennaio, <em><a href=\"https:\/\/www.salani.it\/libri\/tell-me-in-secret-9788831025522\" target=\"_blank\" rel=\"noopener\">Tell me in secret<\/a><\/em>, di Mercedes Ron, ci porta nel territorio del romance young adult, con un triangolo amoroso costruito su passioni contrastanti, legami del passato e segreti destinati a riemergere. Il romanzo si muove nello stesso universo di <em>Tell me softly<\/em>, recentemente adattato in film per Prime Video.<\/p>\n\n\n\n<p>Kamila Hamilton si ritrova divisa tra due fratelli: Taylor, che rappresenta protezione e stabilit\u00e0, e Thiago, incarnazione di un\u2019attrazione pi\u00f9 istintiva e pericolosa. Il ritorno dei Di Bianco sconvolge gli equilibri mentre la famiglia di Kamila va in pezzi e una minaccia incombe su di lei e sul fratello minore.<\/p>\n\n\n\n<p><em>Tell Me in Secret<\/em> \u00e8 una lettura pensata per chi cerca emozioni forti, relazioni al limite e storie sentimentali ad alta intensit\u00e0, senza uscire dai confini pi\u00f9 riconoscibili del genere.<\/p>\n<\/div>\n<\/div>\n\n\n\n<p><\/p>\n\n\n\n<div class=\"wp-block-columns is-layout-flex wp-container-core-columns-is-layout-28f84493 wp-block-columns-is-layout-flex\">\n<div class=\"wp-block-column is-layout-flow wp-block-column-is-layout-flow\">\n<p><strong>Viaggio in Italia \u2013 Gianrico Carofiglio<\/strong><\/p>\n\n\n\n<p>Con <em>Viaggio in Italia<\/em>, in uscita il 20 gennaio 2026 per Touring Club Italiano, Gianrico Carofiglio si misura con un genere diverso dal consueto, firmando una guida atipica che \u00e8 prima di tutto uno sguardo. Non un catalogo di luoghi da vedere, ma un attraversamento narrativo del Paese, lontano dalle immagini pi\u00f9 prevedibili e dalle rotte turistiche obbligate.<\/p>\n\n\n\n<p>Da Bari a Venezia, da Palermo a Torino, Carofiglio procede con il passo del fl\u00e2neur, soffermandosi su dettagli, deviazioni e zone marginali, l\u00e0 dove l\u2019Italia si fa meno rassicurante e pi\u00f9 viva. Le citt\u00e0 diventano spazi da interrogare pi\u00f9 che da consumare, e il viaggio si costruisce per frammenti, incontri, impressioni, senza una destinazione precisa.<\/p>\n\n\n\n<p>Pubblicato nella collana <em>Andante<\/em> di Touring, <em>Viaggio in Italia<\/em> \u00e8 un libro breve ma denso, pensato per chi ama muoversi lentamente e guardare con attenzione. Una guida per lettori pi\u00f9 che per turisti, che invita a riscoprire il Paese attraverso uno sguardo lucido, inquieto e narrativo.<\/p>\n<\/div>\n\n\n\n<div class=\"wp-block-column is-layout-flow wp-block-column-is-layout-flow\">\n<figure class=\"wp-block-image aligncenter size-full is-resized\"><img loading=\"lazy\" decoding=\"async\" width=\"424\" height=\"632\" src=\"https:\/\/www.fastbookspa.it\/wp-content\/uploads\/2026\/01\/9788836585663_0_0_424_0_75.jpg\" alt=\"Novit\u00e0 libri gennaio 2026. Copertina del libro di Gianrico Carofiglio, Viaggio in Italia\" class=\"wp-image-2341\" style=\"aspect-ratio:0.6708884106978174;width:341px;height:auto\" srcset=\"https:\/\/www.fastbookspa.it\/wp-content\/uploads\/2026\/01\/9788836585663_0_0_424_0_75.jpg 424w, https:\/\/www.fastbookspa.it\/wp-content\/uploads\/2026\/01\/9788836585663_0_0_424_0_75-201x300.jpg 201w\" sizes=\"auto, (max-width: 424px) 100vw, 424px\" \/><\/figure>\n<\/div>\n<\/div>\n\n\n\n<p><\/p>\n\n\n\n<div class=\"wp-block-columns is-layout-flex wp-container-core-columns-is-layout-28f84493 wp-block-columns-is-layout-flex\">\n<div class=\"wp-block-column is-layout-flow wp-block-column-is-layout-flow\">\n<figure class=\"wp-block-image aligncenter size-full is-resized\"><img loading=\"lazy\" decoding=\"async\" width=\"464\" height=\"711\" src=\"https:\/\/www.fastbookspa.it\/wp-content\/uploads\/2026\/01\/9788811019268_0_0_464_0_75.jpg\" alt=\"Novit\u00e0 libri gennaio 2026. Copertina del libro di Alice Basso, Le ottanta domande di Atena Ferraris, Garzanti\" class=\"wp-image-2342\" style=\"aspect-ratio:0.6526172671651937;width:344px;height:auto\" srcset=\"https:\/\/www.fastbookspa.it\/wp-content\/uploads\/2026\/01\/9788811019268_0_0_464_0_75.jpg 464w, https:\/\/www.fastbookspa.it\/wp-content\/uploads\/2026\/01\/9788811019268_0_0_464_0_75-196x300.jpg 196w\" sizes=\"auto, (max-width: 464px) 100vw, 464px\" \/><\/figure>\n<\/div>\n\n\n\n<div class=\"wp-block-column is-layout-flow wp-block-column-is-layout-flow\">\n<p><strong>Le ottanta domande di Atena Ferraris \u2013 Alice Basso<\/strong><\/p>\n\n\n\n<p>Con <em><a href=\"https:\/\/www.garzanti.it\/libri\/alice-basso-le-ottanta-domande-di-atena-ferraris-9788811019268\/\" target=\"_blank\" rel=\"noopener\">Le ottanta domande di Atena Ferraris<\/a><\/em>, Alice Basso torna a uno dei personaggi pi\u00f9 amati dai suoi lettori, una protagonista fuori asse, razionale fino all\u2019eccesso e per questo irresistibile. Atena vive di domande, enigmi e soluzioni logiche, lavora da sola e preferisce evitare il caos delle relazioni, anche se la vita sembra spingerla, suo malgrado, nella direzione opposta.<\/p>\n\n\n\n<p>Quando un\u2019amica le chiede aiuto per risolvere il mistero di una lettera minatoria in un\u2019azienda che predica modernit\u00e0 ma pratica il mobbing, Atena si ritrova ancora una volta a indagare. Ma questa volta il problema non \u00e8 solo esterno: mentre risolve i guai degli altri, \u00e8 costretta a fare i conti con le proprie insicurezze e con domande su s\u00e9 stessa che preferirebbe evitare.<\/p>\n\n\n\n<p>Tra mistero leggero, ironia e riflessione sull\u2019identit\u00e0, Alice Basso conferma la sua capacit\u00e0 di costruire personaggi empatici e riconoscibili. Un romanzo che parla di fragilit\u00e0, giudizio e bisogno di istruzioni per stare al mondo, con il tono brillante che ha reso l\u2019autrice una certezza per librai e lettori.<\/p>\n<\/div>\n<\/div>\n\n\n\n<p><\/p>\n\n\n\n<div class=\"wp-block-columns is-layout-flex wp-container-core-columns-is-layout-28f84493 wp-block-columns-is-layout-flex\">\n<div class=\"wp-block-column is-layout-flow wp-block-column-is-layout-flow\">\n<p><strong>Buonvino e l\u2019omicidio dei ragazzi \u2013 Walter Veltroni<\/strong><\/p>\n\n\n\n<p>Con <em><a href=\"https:\/\/www.marsilioeditori.it\/libri\/scheda-libro\/2970880\/buonvino-e-l-omicidio-dei-ragazzi\" target=\"_blank\" rel=\"noopener\">Buonvino e l\u2019omicidio dei ragazzi<\/a><\/em>, in libreria dal 27 gennaio per Marsilio, Walter Veltroni torna al commissario Buonvino e al suo osservatorio privilegiato su Roma: il commissariato di Villa Borghese, luogo sospeso dove la quiete del parco si scontra con l\u2019irruzione della violenza. L\u2019indagine prende avvio da un dettaglio inquietante, un suono ambiguo percepito all\u2019alba, che torna alla mente di Buonvino quando una ragazza giovanissima viene trovata impiccata al Pincio.<\/p>\n\n\n\n<p>La morte della ragazza apre un caso che va oltre il singolo delitto. Buonvino, che non ha avuto figli, sente che i figli sono responsabilit\u00e0 collettiva e che la loro morte riguarda tutta la societ\u00e0. L\u2019indagine si muove tra il centro di Roma, Centocelle e soprattutto un territorio immateriale: il mondo digitale fatto di fotografie, messaggi, commenti e silenzi, dove si annidano solitudini e fragilit\u00e0 difficili da intercettare.<\/p>\n\n\n\n<p>Veltroni costruisce un giallo che intreccia suspense e riflessione civile, alternando toni di lieve ironia a momenti di forte intensit\u00e0 emotiva. <em>Buonvino e l\u2019omicidio dei ragazzi<\/em> \u00e8 un romanzo che usa il poliziesco per interrogarsi sul disagio giovanile e sul vuoto che circonda una generazione spesso invisibile agli adulti.<\/p>\n<\/div>\n\n\n\n<div class=\"wp-block-column is-layout-flow wp-block-column-is-layout-flow\">\n<figure class=\"wp-block-image aligncenter size-full is-resized\"><img loading=\"lazy\" decoding=\"async\" width=\"464\" height=\"704\" src=\"https:\/\/www.fastbookspa.it\/wp-content\/uploads\/2026\/01\/9788829708802_0_0_464_0_75.jpg\" alt=\"Novit\u00e0 libri gennaio 2026. Copertina del libro di Walter Veltroni, Buonvino e l'omicidio dei ragazzi, Marsilio\" class=\"wp-image-2343\" style=\"aspect-ratio:0.6590969104832322;width:369px;height:auto\" srcset=\"https:\/\/www.fastbookspa.it\/wp-content\/uploads\/2026\/01\/9788829708802_0_0_464_0_75.jpg 464w, https:\/\/www.fastbookspa.it\/wp-content\/uploads\/2026\/01\/9788829708802_0_0_464_0_75-198x300.jpg 198w\" sizes=\"auto, (max-width: 464px) 100vw, 464px\" \/><\/figure>\n<\/div>\n<\/div>\n\n\n\n<p><\/p>\n\n\n\n<div class=\"wp-block-columns is-layout-flex wp-container-core-columns-is-layout-28f84493 wp-block-columns-is-layout-flex\">\n<div class=\"wp-block-column is-layout-flow wp-block-column-is-layout-flow\">\n<figure class=\"wp-block-image aligncenter size-full is-resized\"><img loading=\"lazy\" decoding=\"async\" width=\"424\" height=\"664\" src=\"https:\/\/www.fastbookspa.it\/wp-content\/uploads\/2026\/01\/9788807036538_0_0_424_0_75.jpg\" alt=\"Novit\u00e0 libri gennaio 2026. Copertina del libro di Banana Yoshimoto, Come un miraggio, Feltrinelli\" class=\"wp-image-2344\" style=\"width:360px;height:auto\" srcset=\"https:\/\/www.fastbookspa.it\/wp-content\/uploads\/2026\/01\/9788807036538_0_0_424_0_75.jpg 424w, https:\/\/www.fastbookspa.it\/wp-content\/uploads\/2026\/01\/9788807036538_0_0_424_0_75-192x300.jpg 192w\" sizes=\"auto, (max-width: 424px) 100vw, 424px\" \/><\/figure>\n<\/div>\n\n\n\n<div class=\"wp-block-column is-layout-flow wp-block-column-is-layout-flow\">\n<p><strong>Come un miraggio \u2013 Banana Yoshimoto<\/strong><\/p>\n\n\n\n<p>Dal 27 gennaio arriva per la prima volta in Italia <a href=\"https:\/\/www.feltrinellieditore.it\/opera\/come-un-miraggio\/\" target=\"_blank\" rel=\"noopener\">C<em>ome un miraggio<\/em><\/a>: pubblicato in Giappone nel 1988, subito dopo il successo di <em>Kitchen<\/em>, \u00e8 un titolo delle origini di Banana Yoshimoto che i lettori italiani non avevano ancora avuto modo di leggere. Un libro composto da due storie che raccontano lo scintillio e l\u2019inquietudine di quell\u2019et\u00e0 in cui si ama senza sapere ancora come si fa.<\/p>\n\n\n\n<p>Nella prima, Toriumi Ningyo vive sola con la madre e con l\u2019ombra ingombrante di un padre che sembra sempre sul punto di esplodere. L\u2019incontro con Arashi porta il primo innamoramento, fragile e imperfetto, ma sar\u00e0 soprattutto la cura, il prendersi carico di chi si ama, a insegnare a Toriumi che l\u2019amore pu\u00f2 essere limpido e terribile come il mare, e che crescere significa accettarne la profondit\u00e0 senza illusioni.<\/p>\n\n\n\n<p>Nella seconda, <em>Santuario<\/em>, due vite ferite si incontrano di notte su una spiaggia: un lutto che non si riesce a superare, una perdita che ha tolto senso a tutto, e un legame che diventa conforto e possibilit\u00e0. In queste pagine Yoshimoto riprende la tradizione degli sh\u014djo manga che l\u2019hanno formata: amore e dolore convivono, la tenerezza non salva per magia, ma a volte basta per restare in piedi.<\/p>\n<\/div>\n<\/div>\n\n\n\n<div class=\"wp-block-columns is-layout-flex wp-container-core-columns-is-layout-28f84493 wp-block-columns-is-layout-flex\">\n<div class=\"wp-block-column is-layout-flow wp-block-column-is-layout-flow\">\n<div class=\"wp-block-columns is-layout-flex wp-container-core-columns-is-layout-28f84493 wp-block-columns-is-layout-flex\">\n<div class=\"wp-block-column is-layout-flow wp-block-column-is-layout-flow\">\n<div class=\"wp-block-columns is-layout-flex wp-container-core-columns-is-layout-28f84493 wp-block-columns-is-layout-flex\">\n<div class=\"wp-block-column is-layout-flow wp-block-column-is-layout-flow\"><\/div>\n\n\n\n<div class=\"wp-block-column is-layout-flow wp-block-column-is-layout-flow\"><\/div>\n<\/div>\n<\/div>\n\n\n\n<div class=\"wp-block-column is-layout-flow wp-block-column-is-layout-flow\"><\/div>\n<\/div>\n<\/div>\n\n\n\n<div class=\"wp-block-column is-layout-flow wp-block-column-is-layout-flow\"><\/div>\n<\/div>\n\n\n\n<div class=\"wp-block-columns is-layout-flex wp-container-core-columns-is-layout-28f84493 wp-block-columns-is-layout-flex\">\n<div class=\"wp-block-column is-layout-flow wp-block-column-is-layout-flow\">\n<p><strong>Alice nel Paese delle idee \u2013 Roger-Pol Droit<\/strong><\/p>\n\n\n\n<p>In <em><a href=\"https:\/\/www.longanesi.it\/libri\/roger-pol-droit-alice-nel-paese-delle-idee-9788830464049\/\" target=\"_blank\" rel=\"noopener\">Alice nel Paese delle idee<\/a><\/em>, in uscita il 27 gennaio, Roger-Pol Droit costruisce un romanzo filosofico travestito da avventura: Alice non \u00e8 pi\u00f9 una bambina (ha pure lo smartphone nuovo, quindi il dato \u00e8 davvero ufficiale), ma si accorge subito che crescere comporta per forza imparare a stare al mondo. E in un presente fatto di guerre, crisi climatiche e paure collettive, le domande diventano urgenti.<\/p>\n\n\n\n<p>Quando precipita nel misterioso Paese delle Idee, Alice parte per un viaggio nello spazio e nel tempo guidata da una compagnia di personaggi eccentrici. Abbandona lo smartphone e incontra i grandi pensatori della storia: da Socrate a Confucio, da Epicuro al Buddha, passando per Platone, Ipazia, Cartesio, Nietzsche, Freud e altri ancora. Ogni tappa \u00e8 un confronto, ogni incontro un modo diverso di cercare una regola per vivere.<\/p>\n\n\n\n<p>Tra <em>Alice nel paese delle meraviglie<\/em> e <em>Il mondo di Sofia<\/em>, questo libro ripercorre la filosofia in forma narrativa, con leggerezza e curiosit\u00e0. \u00c8 una lettura accessibile, perfetta per chi ama i libri che fanno pensare senza fare i professoroni e per chi, anche da adulto, ogni tanto ha ancora voglia di una frase \u201cdefinitiva\u201d\u2026 salvo scoprire che le domande contano pi\u00f9 delle risposte.<\/p>\n<\/div>\n\n\n\n<div class=\"wp-block-column is-layout-flow wp-block-column-is-layout-flow\">\n<figure class=\"wp-block-image aligncenter size-full is-resized\"><img loading=\"lazy\" decoding=\"async\" width=\"464\" height=\"704\" src=\"https:\/\/www.fastbookspa.it\/wp-content\/uploads\/2026\/01\/9788830464049_0_0_464_0_75.jpg\" alt=\"Novit\u00e0 libri gennaio 2026. Copertina del libro di Roger-Pol Droit, Alice nel Paese delle idee, Longanesi\" class=\"wp-image-2345\" style=\"aspect-ratio:0.6590973925942831;width:365px;height:auto\" srcset=\"https:\/\/www.fastbookspa.it\/wp-content\/uploads\/2026\/01\/9788830464049_0_0_464_0_75.jpg 464w, https:\/\/www.fastbookspa.it\/wp-content\/uploads\/2026\/01\/9788830464049_0_0_464_0_75-198x300.jpg 198w\" sizes=\"auto, (max-width: 464px) 100vw, 464px\" \/><\/figure>\n<\/div>\n<\/div>\n\n\n\n<p><\/p>\n\n\n\n<p><\/p>\n\n\n\n<figure class=\"wp-block-image size-large is-resized\"><img loading=\"lazy\" decoding=\"async\" width=\"1024\" height=\"482\" src=\"https:\/\/www.fastbookspa.it\/wp-content\/uploads\/2026\/01\/ragazza-a-gambe-incrociate-con-libro-sulle-ginocchia-parte-superiore-tagliata-1-1024x482.png\" alt=\"Novit\u00e0 libri gennaio 2026. Ragazza a gambe incrociate su un divano con un libro aperto in mano. la parte superiore della ragazza \u00e8 tagliata\" class=\"wp-image-2352\" style=\"width:1100px;height:auto\" srcset=\"https:\/\/www.fastbookspa.it\/wp-content\/uploads\/2026\/01\/ragazza-a-gambe-incrociate-con-libro-sulle-ginocchia-parte-superiore-tagliata-1-1024x482.png 1024w, https:\/\/www.fastbookspa.it\/wp-content\/uploads\/2026\/01\/ragazza-a-gambe-incrociate-con-libro-sulle-ginocchia-parte-superiore-tagliata-1-300x141.png 300w, https:\/\/www.fastbookspa.it\/wp-content\/uploads\/2026\/01\/ragazza-a-gambe-incrociate-con-libro-sulle-ginocchia-parte-superiore-tagliata-1-768x362.png 768w, https:\/\/www.fastbookspa.it\/wp-content\/uploads\/2026\/01\/ragazza-a-gambe-incrociate-con-libro-sulle-ginocchia-parte-superiore-tagliata-1.png 1200w\" sizes=\"auto, (max-width: 1024px) 100vw, 1024px\" \/><\/figure>\n\n\n\n<p>Per leggere altri articoli sulle uscite dei mesi precedenti clicca <a href=\"https:\/\/www.fastbookspa.it\/index.php\/News\/blog\/libri-novita\/\">QUI<\/a><\/p>\n\n\n\n<p><\/p>\n","protected":false},"excerpt":{"rendered":"<p>Una mappa di letture per iniziare l\u2019anno con la storia giusta tra le mani Gennaio \u00e8 un mese strano: arriva dopo il rumore delle feste, mentre le librerie sono ancora piene di storie che chiedono tempo, e intanto l\u2019anno nuovo bussa con uscite che vorrebbero attenzione subito. \u00c8 un passaggio stretto, in cui orientarsi non&#8230; <a class=\"read-more\" href=\"https:\/\/www.fastbookspa.it\/index.php\/2026\/01\/14\/novita-libri-gennaio-2026\/\">Continua a leggere<\/a><\/p>\n","protected":false},"author":14,"featured_media":2359,"comment_status":"open","ping_status":"open","sticky":false,"template":"","format":"standard","meta":{"footnotes":""},"categories":[613],"tags":[625],"class_list":["post-2333","post","type-post","status-publish","format-standard","has-post-thumbnail","hentry","category-libri-novita","tag-libri-novita-gennaio-2026"],"_links":{"self":[{"href":"https:\/\/www.fastbookspa.it\/index.php\/wp-json\/wp\/v2\/posts\/2333","targetHints":{"allow":["GET"]}}],"collection":[{"href":"https:\/\/www.fastbookspa.it\/index.php\/wp-json\/wp\/v2\/posts"}],"about":[{"href":"https:\/\/www.fastbookspa.it\/index.php\/wp-json\/wp\/v2\/types\/post"}],"author":[{"embeddable":true,"href":"https:\/\/www.fastbookspa.it\/index.php\/wp-json\/wp\/v2\/users\/14"}],"replies":[{"embeddable":true,"href":"https:\/\/www.fastbookspa.it\/index.php\/wp-json\/wp\/v2\/comments?post=2333"}],"version-history":[{"count":6,"href":"https:\/\/www.fastbookspa.it\/index.php\/wp-json\/wp\/v2\/posts\/2333\/revisions"}],"predecessor-version":[{"id":2357,"href":"https:\/\/www.fastbookspa.it\/index.php\/wp-json\/wp\/v2\/posts\/2333\/revisions\/2357"}],"wp:featuredmedia":[{"embeddable":true,"href":"https:\/\/www.fastbookspa.it\/index.php\/wp-json\/wp\/v2\/media\/2359"}],"wp:attachment":[{"href":"https:\/\/www.fastbookspa.it\/index.php\/wp-json\/wp\/v2\/media?parent=2333"}],"wp:term":[{"taxonomy":"category","embeddable":true,"href":"https:\/\/www.fastbookspa.it\/index.php\/wp-json\/wp\/v2\/categories?post=2333"},{"taxonomy":"post_tag","embeddable":true,"href":"https:\/\/www.fastbookspa.it\/index.php\/wp-json\/wp\/v2\/tags?post=2333"}],"curies":[{"name":"wp","href":"https:\/\/api.w.org\/{rel}","templated":true}]}}