{"id":2507,"date":"2026-03-13T14:46:10","date_gmt":"2026-03-13T13:46:10","guid":{"rendered":"https:\/\/www.fastbookspa.it\/?p=2507"},"modified":"2026-03-23T11:58:56","modified_gmt":"2026-03-23T10:58:56","slug":"il-ritorno-della-casta-sigfrido-ranucci","status":"publish","type":"post","link":"https:\/\/www.fastbookspa.it\/index.php\/2026\/03\/13\/il-ritorno-della-casta-sigfrido-ranucci\/","title":{"rendered":"Il ritorno della casta, il nuovo lavoro di Sigfrido Ranucci"},"content":{"rendered":"\n<h2 class=\"wp-block-heading\">Nel suo nuovo libro, <em>I<strong>l ritorno della casta<\/strong><\/em>, il giornalista di <em><a href=\"https:\/\/www.rai.it\/programmi\/report\/\" target=\"_blank\" rel=\"noopener\">Report<\/a><\/em> riflette sul rapporto tra potere politico, magistratura e informazione. In questa intervista ne parliamo con l&#8217;autore.<\/h2>\n\n\n\n<p>Il libro di Sigfrido Ranucci pubblicato da Bompiani, <strong><em><a href=\"https:\/\/www.bompiani.it\/catalogo\/il-ritorno-della-casta-9788830155343\" target=\"_blank\" rel=\"noopener\">Il ritorno della casta<\/a><\/em><\/strong>, si apre con una lettera alla Repubblica. Un\u2019apertura insolita per un saggio costruito con il passo dell\u2019inchiesta giornalistica, che chiarisce subito il punto di partenza del racconto.<\/p>\n\n\n\n<div class=\"wp-block-columns is-layout-flex wp-container-core-columns-is-layout-28f84493 wp-block-columns-is-layout-flex\">\n<div class=\"wp-block-column is-layout-flow wp-block-column-is-layout-flow\" style=\"flex-basis:66.66%\">\n<figure class=\"wp-block-image size-full\"><img loading=\"lazy\" decoding=\"async\" width=\"1000\" height=\"707\" src=\"https:\/\/www.fastbookspa.it\/wp-content\/uploads\/2026\/03\/Sigfrido-Ranucci-Report.jpg\" alt=\"\" class=\"wp-image-2509\" srcset=\"https:\/\/www.fastbookspa.it\/wp-content\/uploads\/2026\/03\/Sigfrido-Ranucci-Report.jpg 1000w, https:\/\/www.fastbookspa.it\/wp-content\/uploads\/2026\/03\/Sigfrido-Ranucci-Report-300x212.jpg 300w, https:\/\/www.fastbookspa.it\/wp-content\/uploads\/2026\/03\/Sigfrido-Ranucci-Report-768x543.jpg 768w\" sizes=\"auto, (max-width: 1000px) 100vw, 1000px\" \/><\/figure>\n<\/div>\n\n\n\n<div class=\"wp-block-column is-layout-flow wp-block-column-is-layout-flow\" style=\"flex-basis:33.33%\">\n<p>\u00abIl libro comincia con una lettera di scuse alla Repubblica perch\u00e9 \u00e8 evidente l\u2019erosione lenta di tutti quei valori difesi dalla Costituzione italiana che negli anni si sono persi, si sono consumati, a partire proprio dall\u2019indipendenza della magistratura\u00bb, spiega Sigfrido Ranucci. \u00abChe cosa abbiamo fatto perch\u00e9 si perdesse l\u2019attenzione nei confronti della Costituzione? Semplicemente siamo stati disattenti\u00bb.<\/p>\n\n\n\n<p>Il giornalista e conduttore di <em>Report<\/em> parte da questa riflessione per collegare episodi e passaggi della storia recente italiana e ricostruire le trasformazioni del rapporto tra politica, magistratura e informazione.<\/p>\n\n\n\n<p>Nella presentazione del volume si legge: \u00abC\u2019\u00e8 un filo nero che attraversa cinquant\u2019anni di storia italiana. Un filo che lega i santuari della P2 alle stanze del potere contemporaneo, passando per i decreti d\u2019emergenza dei governi Berlusconi e le timide rese della sinistra. \u00c8 il filo della restaurazione della casta\u00bb.<\/p>\n\n\n\n<p><\/p>\n<\/div>\n<\/div>\n\n\n\n<p>E Ranucci segue questo filo attraverso alcune delle vicende che hanno segnato la vita pubblica italiana, dalle grandi inchieste sulla corruzione degli anni Novanta fino alle riforme pi\u00f9 recenti della giustizia. Il nodo centrale, sostiene nell&#8217;intervista, non riguarda soltanto il funzionamento dei tribunali ma l\u2019equilibrio tra i poteri dello Stato e il ruolo delle istituzioni di garanzia.<\/p>\n\n\n\n<p>\u00abAbbiamo pensato che fossero valori lontani\u00bb, osserva. \u00abFino a quando invece abbiamo visto che hanno toccato i nostri interessi, i nostri diritti\u00bb.<\/p>\n\n\n\n<p>In questa prospettiva la magistratura non appare soltanto come l\u2019organo chiamato ad applicare la legge, ma anche come uno degli strumenti attraverso cui una societ\u00e0 ricostruisce i fatti e la propria memoria civile.<\/p>\n\n\n\n<p>\u00abQuante inchieste hanno gettato luce sui fatti indipendentemente dall\u2019arrivo di una sentenza definitiva, quante sentenze hanno apportato verit\u00e0 nel ricostruire vicende ambientali, fatti storici, questioni legate alla criminalit\u00e0 organizzata, riscrivendo pagine di storia del nostro Paese\u00bb, osserva Ranucci. \u00abLa magistratura indipendente, oltre a portare giustizia, \u00e8 sempre anche un presidio di verit\u00e0 dei fatti. Cos\u00ec come lo \u00e8 il giornalismo\u00bb.<\/p>\n\n\n\n<div class=\"wp-block-columns is-layout-flex wp-container-core-columns-is-layout-28f84493 wp-block-columns-is-layout-flex\">\n<div class=\"wp-block-column is-layout-flow wp-block-column-is-layout-flow\" style=\"flex-basis:66.66%\">\n<p>Una parte importante del libro \u00e8 dedicata proprio al rapporto tra politica e magistratura dopo Tangentopoli, una stagione che ha segnato profondamente gli equilibri istituzionali e il modo in cui i poteri dello Stato si sono confrontati negli anni successivi.<\/p>\n\n\n\n<p>\u00abOgni riforma della giustizia nasce sempre con delle bugie: \u201cce lo chiede l\u2019Europa\u201d, \u201cbisogna rendere pi\u00f9 efficienti i meccanismi della giustizia\u201d\u00bb, sostiene l\u2019autore. \u00abIn realt\u00e0 non \u00e8 nient\u2019altro che limitare l\u2019efficienza della giustizia, soprattutto quando questa lascia intravvedere la possibilit\u00e0 che si controlli e verifichi il funzionamento della politica\u00bb.<\/p>\n\n\n\n<p>Secondo la ricostruzione proposta nel libro, dopo le grandi inchieste degli anni Novanta la politica avrebbe cercato di ridefinire i propri rapporti con l\u2019azione giudiziaria anche attraverso interventi legislativi che nel tempo avrebbero inciso sulla capacit\u00e0 investigativa nei confronti dei reati legati al potere economico e politico.<\/p>\n\n\n\n<p>\u00abI reati dei colletti bianchi sono calati del novanta per cento\u00bb, afferma Ranucci. \u00abOra: o la politica \u00e8 diventata pi\u00f9 virtuosa &#8211; cosa che non crediamo &#8211; oppure sono stati creati i presupposti perch\u00e9 l\u2019azione della magistratura fosse pi\u00f9 inefficace nei confronti del potere, della casta\u00bb.<\/p>\n\n\n\n<p>Nel racconto dell\u2019autore il tema della giustizia si intreccia inevitabilmente con quello dell\u2019informazione. Due ambiti che, secondo lui, procedono spesso insieme quando si tratta di rendere visibili fatti e responsabilit\u00e0.<\/p>\n<\/div>\n\n\n\n<div class=\"wp-block-column is-layout-flow wp-block-column-is-layout-flow\" style=\"flex-basis:33.33%\">\n<figure class=\"wp-block-image size-full\"><img loading=\"lazy\" decoding=\"async\" width=\"464\" height=\"712\" src=\"https:\/\/www.fastbookspa.it\/wp-content\/uploads\/2026\/03\/Il-ritorno-della-casta-Sigfrido-Ranucci.jpg\" alt=\"\" class=\"wp-image-2510\" srcset=\"https:\/\/www.fastbookspa.it\/wp-content\/uploads\/2026\/03\/Il-ritorno-della-casta-Sigfrido-Ranucci.jpg 464w, https:\/\/www.fastbookspa.it\/wp-content\/uploads\/2026\/03\/Il-ritorno-della-casta-Sigfrido-Ranucci-196x300.jpg 196w\" sizes=\"auto, (max-width: 464px) 100vw, 464px\" \/><\/figure>\n<\/div>\n<\/div>\n\n\n\n<p><\/p>\n\n\n\n<p>\u00abLimitazione dell\u2019informazione e limitazione dell\u2019azione della magistratura vanno di pari passo\u00bb, spiega. \u00abSuccede quando vengono approvate alcune leggi che silenziano l\u2019informazione, come quella che vieta di fare i nomi delle persone presenti in un\u2019ordinanza di custodia cautelare\u00bb.<\/p>\n\n\n\n<p>Tra gli esempi citati nel libro compare anche il tema dell\u2019improcedibilit\u00e0 nei processi penali, introdotta con l\u2019obiettivo dichiarato di ridurre i tempi della giustizia.<\/p>\n\n\n\n<p>\u00abQuesta riforma ci era stata presentata come una richiesta dell\u2019Europa, che chiedeva certezza della pena e velocit\u00e0 della giustizia, non di cancellare i processi\u00bb, osserva. \u00abE invece, in caso di improcedibilit\u00e0, la legge prevede anche che gli imputati possano rendersi anonimi nei confronti della collettivit\u00e0. \u00c8 una sorta di oblio di Stato: non solo la fanno franca dal punto di vista giudiziario, ma anche da quello reputazionale\u00bb.<\/p>\n\n\n\n<p>Il titolo del volume &#8211; <em>Il ritorno della casta<\/em> &#8211; nasce da una riflessione sul significato di una parola che negli ultimi anni \u00e8 entrata stabilmente nel linguaggio politico italiano.<\/p>\n\n\n\n<p>\u00abPer me la casta, spiega Ranucci, \u00e8 composta da chi ha la possibilit\u00e0 &#8211; per leggi e per il tipo di ruolo che ricopre &#8211; di fare leggi per difendere s\u00e9 stesso, in barba agli altri e a discapito dei diritti degli altri\u00bb.<\/p>\n\n\n\n<p>Secondo l\u2019autore questa dinamica emerge in diversi meccanismi istituzionali che, nel tempo, avrebbero favorito forme di protezione reciproca tra poteri.<\/p>\n\n\n\n<p>\u00abSe guardiamo alla giunta delle autorizzazioni a procedere, che dovrebbe mandare a processo i politici su richiesta della magistratura, nell\u201987 per cento dei casi invece li salva facendo da schermo\u00bb.<\/p>\n\n\n\n<p>Un esempio citato nel libro riguarda il magistrato Cosimo Ferri, entrato in politica e poi coinvolto nelle intercettazioni emerse nel caso Palamara.<\/p>\n\n\n\n<p>\u00abOggi Cosimo Ferri torna a fare il giudice. Noi speriamo che lo faccia bene. Per\u00f2 \u00e8 un esempio che fa capire come la casta tuteli s\u00e9 stessa\u00bb.<\/p>\n\n\n\n<div class=\"wp-block-columns is-layout-flex wp-container-core-columns-is-layout-28f84493 wp-block-columns-is-layout-flex\">\n<div class=\"wp-block-column is-layout-flow wp-block-column-is-layout-flow\">\n<figure class=\"wp-block-image size-full\"><a href=\"https:\/\/www.rai.it\/programmi\/report\/\" target=\"_blank\" rel=\"noopener\"><img loading=\"lazy\" decoding=\"async\" width=\"534\" height=\"300\" src=\"https:\/\/www.fastbookspa.it\/wp-content\/uploads\/2026\/03\/1539873816216_sigfridoranucci_sito_report-1.png\" alt=\"\" class=\"wp-image-2512\" srcset=\"https:\/\/www.fastbookspa.it\/wp-content\/uploads\/2026\/03\/1539873816216_sigfridoranucci_sito_report-1.png 534w, https:\/\/www.fastbookspa.it\/wp-content\/uploads\/2026\/03\/1539873816216_sigfridoranucci_sito_report-1-300x169.png 300w\" sizes=\"auto, (max-width: 534px) 100vw, 534px\" \/><\/a><\/figure>\n<\/div>\n\n\n\n<div class=\"wp-block-column is-layout-flow wp-block-column-is-layout-flow\">\n<p>Ranucci estende questa riflessione anche ai passaggi dalla magistratura alla politica.<br>\u00abStesso ragionamento per un magistrato come Nordio diventato ministro o per Di Pietro, passato dalla magistratura alla politica. Appena entrano nei panni della casta politica cambiano idea. Una volta erano contrari alla separazione delle carriere, oggi sono favorevoli\u00bb.<\/p>\n\n\n\n<p>Ranucci riassume questa dinamica citando una celebre canzone di Fiorella Mannoia: \u00abcome si cambia per non morire\u00bb.<\/p>\n<\/div>\n<\/div>\n\n\n\n<p><\/p>\n\n\n\n<p>Per altre interviste Fastbook clicca <a href=\"https:\/\/www.fastbookspa.it\/index.php\/News\/blog\/interviste\/\">QUI<\/a><\/p>\n\n\n\n<h2 class=\"wp-block-heading\">Domande frequenti sul libro<\/h2>\n\n\n\n<p><\/p>\n\n\n\n<h4 class=\"wp-block-heading\">Di cosa parla <em>Il ritorno della casta<\/em> di Sigfrido Ranucci?<\/h4>\n\n\n\n<p><em>Il ritorno della casta<\/em> \u00e8 un saggio in cui Sigfrido Ranucci analizza il rapporto tra politica, magistratura e informazione nell\u2019Italia contemporanea. Attraverso esempi e riferimenti alla storia recente, il libro ricostruisce le dinamiche che hanno progressivamente modificato l\u2019equilibrio tra i poteri dello Stato.<\/p>\n\n\n\n<h4 class=\"wp-block-heading\">Quali sono i temi principali del libro?<\/h4>\n\n\n\n<p>Il volume affronta temi come l\u2019indipendenza della magistratura, il ruolo dell\u2019informazione e le trasformazioni del sistema politico italiano dopo Tangentopoli. Al centro dell\u2019analisi c\u2019\u00e8 l\u2019idea di una progressiva \u201crestaurazione\u201d del potere, che Ranucci definisce con il termine \u201ccasta\u201d.<\/p>\n\n\n\n<h4 class=\"wp-block-heading\">Chi \u00e8 Sigfrido Ranucci?<\/h4>\n\n\n\n<p>Sigfrido Ranucci \u00e8 un giornalista e autore televisivo, noto soprattutto per essere il conduttore del programma <em>Report<\/em> su Rai 3. Da anni si occupa di inchieste su temi politici, economici e sociali, con particolare attenzione al funzionamento delle istituzioni.<\/p>\n\n\n\n<h4 class=\"wp-block-heading\">Perch\u00e9 leggere <em>Il ritorno della casta<\/em>?<\/h4>\n\n\n\n<p>Il libro offre una lettura critica e documentata delle trasformazioni istituzionali italiane degli ultimi decenni. \u00c8 particolarmente indicato per chi vuole approfondire il rapporto tra giustizia, informazione e potere politico.<\/p>\n\n\n\n<h4 class=\"wp-block-heading\">Il libro \u00e8 un\u2019inchiesta o un saggio?<\/h4>\n\n\n\n<p>Pur mantenendo il rigore dell\u2019inchiesta giornalistica, <em>Il ritorno della casta<\/em> si presenta come un saggio, costruito attraverso una riflessione ampia e articolata sulla storia recente italiana.<\/p>\n","protected":false},"excerpt":{"rendered":"<p>Nel suo nuovo libro, Il ritorno della casta, il giornalista di Report riflette sul rapporto tra potere politico, magistratura e informazione. In questa intervista ne parliamo con l&#8217;autore. Il libro di Sigfrido Ranucci pubblicato da Bompiani, Il ritorno della casta, si apre con una lettera alla Repubblica. Un\u2019apertura insolita per un saggio costruito con il&#8230; <a class=\"read-more\" href=\"https:\/\/www.fastbookspa.it\/index.php\/2026\/03\/13\/il-ritorno-della-casta-sigfrido-ranucci\/\">Continua a leggere<\/a><\/p>\n","protected":false},"author":14,"featured_media":2518,"comment_status":"open","ping_status":"open","sticky":false,"template":"","format":"standard","meta":{"footnotes":""},"categories":[588],"tags":[634,633],"class_list":["post-2507","post","type-post","status-publish","format-standard","has-post-thumbnail","hentry","category-interviste","tag-il-ritorno-della-casta","tag-sigfrido-ranucci"],"_links":{"self":[{"href":"https:\/\/www.fastbookspa.it\/index.php\/wp-json\/wp\/v2\/posts\/2507","targetHints":{"allow":["GET"]}}],"collection":[{"href":"https:\/\/www.fastbookspa.it\/index.php\/wp-json\/wp\/v2\/posts"}],"about":[{"href":"https:\/\/www.fastbookspa.it\/index.php\/wp-json\/wp\/v2\/types\/post"}],"author":[{"embeddable":true,"href":"https:\/\/www.fastbookspa.it\/index.php\/wp-json\/wp\/v2\/users\/14"}],"replies":[{"embeddable":true,"href":"https:\/\/www.fastbookspa.it\/index.php\/wp-json\/wp\/v2\/comments?post=2507"}],"version-history":[{"count":9,"href":"https:\/\/www.fastbookspa.it\/index.php\/wp-json\/wp\/v2\/posts\/2507\/revisions"}],"predecessor-version":[{"id":2525,"href":"https:\/\/www.fastbookspa.it\/index.php\/wp-json\/wp\/v2\/posts\/2507\/revisions\/2525"}],"wp:featuredmedia":[{"embeddable":true,"href":"https:\/\/www.fastbookspa.it\/index.php\/wp-json\/wp\/v2\/media\/2518"}],"wp:attachment":[{"href":"https:\/\/www.fastbookspa.it\/index.php\/wp-json\/wp\/v2\/media?parent=2507"}],"wp:term":[{"taxonomy":"category","embeddable":true,"href":"https:\/\/www.fastbookspa.it\/index.php\/wp-json\/wp\/v2\/categories?post=2507"},{"taxonomy":"post_tag","embeddable":true,"href":"https:\/\/www.fastbookspa.it\/index.php\/wp-json\/wp\/v2\/tags?post=2507"}],"curies":[{"name":"wp","href":"https:\/\/api.w.org\/{rel}","templated":true}]}}