{"id":2584,"date":"2026-04-30T16:43:59","date_gmt":"2026-04-30T14:43:59","guid":{"rendered":"https:\/\/www.fastbookspa.it\/?p=2584"},"modified":"2026-04-30T16:46:53","modified_gmt":"2026-04-30T14:46:53","slug":"novita-libri-maggio-2026","status":"publish","type":"post","link":"https:\/\/www.fastbookspa.it\/index.php\/2026\/04\/30\/novita-libri-maggio-2026\/","title":{"rendered":"Novit\u00e0 libri maggio 2026"},"content":{"rendered":"\n<h2 class=\"wp-block-heading\">Cosa esce in libreria: i titoli da seguire questo mese<\/h2>\n\n\n\n<p>Maggio porta con s\u00e9 diverse novit\u00e0 interessanti, tra autori gi\u00e0 molto letti e nuove storie che si fanno spazio tra generi diversi. In questa selezione abbiamo raccolto alcuni dei libri in uscita a maggio 2026 pi\u00f9 rilevanti, tra narrativa, gialli, romance e racconti familiari.<\/p>\n\n\n\n<p>Una panoramica per orientarsi tra le nuove uscite e scegliere cosa leggere nelle prossime settimane.<\/p>\n\n\n\n<div class=\"wp-block-columns is-layout-flex wp-container-core-columns-is-layout-28f84493 wp-block-columns-is-layout-flex\">\n<div class=\"wp-block-column is-layout-flow wp-block-column-is-layout-flow\" style=\"flex-basis:33.33%\">\n<figure class=\"wp-block-image aligncenter size-large is-resized\"><img loading=\"lazy\" decoding=\"async\" width=\"667\" height=\"1024\" src=\"https:\/\/www.fastbookspa.it\/wp-content\/uploads\/2026\/04\/Io-sono-Adele-Csaba-dalla-Zorza-667x1024.jpg\" alt=\"Novit\u00e0 libri maggio 2026.\nCopertina di Io sono Adele di Csaba dalla Zorza\" class=\"wp-image-2585\" style=\"aspect-ratio:0.6513784942109639;width:291px;height:auto\" srcset=\"https:\/\/www.fastbookspa.it\/wp-content\/uploads\/2026\/04\/Io-sono-Adele-Csaba-dalla-Zorza-667x1024.jpg 667w, https:\/\/www.fastbookspa.it\/wp-content\/uploads\/2026\/04\/Io-sono-Adele-Csaba-dalla-Zorza-195x300.jpg 195w, https:\/\/www.fastbookspa.it\/wp-content\/uploads\/2026\/04\/Io-sono-Adele-Csaba-dalla-Zorza-768x1179.jpg 768w, https:\/\/www.fastbookspa.it\/wp-content\/uploads\/2026\/04\/Io-sono-Adele-Csaba-dalla-Zorza.jpg 977w\" sizes=\"auto, (max-width: 667px) 100vw, 667px\" \/><\/figure>\n<\/div>\n\n\n\n<div class=\"wp-block-column is-layout-flow wp-block-column-is-layout-flow\" style=\"flex-basis:66.66%\">\n<p><strong><a href=\"https:\/\/marsilioeditori.it\/libri\/scheda-libro\/2979505\/io-sono-adele\" target=\"_blank\" rel=\"noopener\"><em>Io sono Adele<\/em> \u2013 Csaba dalla Zorza<\/a><\/strong><\/p>\n\n\n\n<p>Marsilio, in uscita il 5 maggio 2026<\/p>\n\n\n\n<p>Adele Casagrande ha sessant\u2019anni e ha scelto di lasciare Milano per trasferirsi in Provenza, dove lavora come governante. \u00c8 un nuovo inizio che porta con s\u00e9 un passato che lei non vuole raccontare.<\/p>\n\n\n\n<p>Mentre si prende cura di una famiglia che non \u00e8 la sua, si trova a rimettere insieme anche i propri pezzi, proteggendo un segreto che tutti vorrebbero conoscere.<\/p>\n\n\n\n<p>Il romanzo segue il suo percorso tra indipendenza, maternit\u00e0, un matrimonio finito e il bisogno, ancora presente, di essere amata.<\/p>\n\n\n\n<p>Al centro resta una domanda: cosa succede quando ci\u00f2 che ti manca \u00e8 legato proprio al tuo senso del dovere?<\/p>\n<\/div>\n<\/div>\n\n\n\n<div class=\"wp-block-columns is-layout-flex wp-container-core-columns-is-layout-28f84493 wp-block-columns-is-layout-flex\">\n<div class=\"wp-block-column is-layout-flow wp-block-column-is-layout-flow\" style=\"flex-basis:66.66%\">\n<p><strong><em>Il tempo degli innocenti<\/em><\/strong><strong> \u2013 Angela Marsons<\/strong><\/p>\n\n\n\n<p>Newton Compton, in uscita il 5 maggio 2026<\/p>\n\n\n\n<p>Un pomeriggio d\u2019agosto, la piccola Grace Lennard entra nel giardino dell\u2019asilo e scompare nel nulla. Quando la detective Kim Stone arriva sul posto, trova un indizio che riporta a un altro caso: il braccialetto di una bambina rapita venticinque anni prima.<\/p>\n\n\n\n<p>Per salvare Grace, Kim \u00e8 costretta a entrare in un gioco pericoloso con un uomo che sembra conoscere la verit\u00e0, affrontando un interrogatorio serrato e pieno di ambiguit\u00e0.<\/p>\n\n\n\n<p>Le indagini fanno emergere un legame con altri rapimenti e uno schema inquietante, mentre il passato torna a intrecciarsi con il presente.<\/p>\n\n\n\n<p>Quando affiorano nuovi elementi, diventa chiaro che non tutti stanno dicendo la verit\u00e0, e che il caso \u00e8 pi\u00f9 complesso di quanto sembri: Kim Stone deve trovare un modo per cambiare il finale prima che sia troppo tardi.<\/p>\n<\/div>\n\n\n\n<div class=\"wp-block-column is-layout-flow wp-block-column-is-layout-flow\" style=\"flex-basis:33.33%\">\n<figure class=\"wp-block-image size-full\"><img loading=\"lazy\" decoding=\"async\" width=\"645\" height=\"913\" src=\"https:\/\/www.fastbookspa.it\/wp-content\/uploads\/2026\/04\/Il-tempo-degli-innocenti-Angela-Marsons.jpg\" alt=\"Novit\u00e0 libri maggio 2026.\nCopertina di Il tempo degli innocenti di Angela Marsons\" class=\"wp-image-2586\" srcset=\"https:\/\/www.fastbookspa.it\/wp-content\/uploads\/2026\/04\/Il-tempo-degli-innocenti-Angela-Marsons.jpg 645w, https:\/\/www.fastbookspa.it\/wp-content\/uploads\/2026\/04\/Il-tempo-degli-innocenti-Angela-Marsons-212x300.jpg 212w\" sizes=\"auto, (max-width: 645px) 100vw, 645px\" \/><\/figure>\n<\/div>\n<\/div>\n\n\n\n<div class=\"wp-block-columns is-layout-flex wp-container-core-columns-is-layout-28f84493 wp-block-columns-is-layout-flex\">\n<div class=\"wp-block-column is-layout-flow wp-block-column-is-layout-flow\" style=\"flex-basis:33.33%\">\n<figure class=\"wp-block-image size-large\"><img loading=\"lazy\" decoding=\"async\" width=\"689\" height=\"1024\" src=\"https:\/\/www.fastbookspa.it\/wp-content\/uploads\/2026\/04\/Il-Calamitu-Club-Kathryn-Stockett-689x1024.jpg\" alt=\"Novit\u00e0 libri maggio 2026.\nCopertina di Il Calamity Club di Kathryn Stockett\" class=\"wp-image-2587\" srcset=\"https:\/\/www.fastbookspa.it\/wp-content\/uploads\/2026\/04\/Il-Calamitu-Club-Kathryn-Stockett-689x1024.jpg 689w, https:\/\/www.fastbookspa.it\/wp-content\/uploads\/2026\/04\/Il-Calamitu-Club-Kathryn-Stockett-202x300.jpg 202w, https:\/\/www.fastbookspa.it\/wp-content\/uploads\/2026\/04\/Il-Calamitu-Club-Kathryn-Stockett-768x1142.jpg 768w, https:\/\/www.fastbookspa.it\/wp-content\/uploads\/2026\/04\/Il-Calamitu-Club-Kathryn-Stockett.jpg 1000w\" sizes=\"auto, (max-width: 689px) 100vw, 689px\" \/><\/figure>\n<\/div>\n\n\n\n<div class=\"wp-block-column is-layout-flow wp-block-column-is-layout-flow\" style=\"flex-basis:66.66%\">\n<p><strong><a href=\"https:\/\/www.mondadori.it\/libri\/il-calamity-club-kathryn-stockett\/\" target=\"_blank\" rel=\"noopener\"><em>Il Calamity Club<\/em> \u2013 Kathryn Stockett<\/a><\/strong><\/p>\n\n\n\n<p>Mondadori, in uscita il 5 maggio 2026<\/p>\n\n\n\n<p>Mississippi, 1933. A undici anni, Margot \u201cMeg\u201d Lefleur vive in un orfanotrofio dopo la scomparsa della madre e ha imparato a non fidarsi di nessuno.<\/p>\n\n\n\n<p>L\u2019incontro con Birdie cambia qualcosa: per la prima volta, Meg sente che qualcuno potrebbe davvero preoccuparsi per lei, mentre fuori la Grande Depressione stringe la sua morsa.<\/p>\n\n\n\n<p>Quando Birdie scopre che la ricchezza della sorella si regge su fragili bugie, e Charlie riappare con un piano rischioso, nasce un\u2019alleanza inattesa tra donne che non hanno pi\u00f9 nulla da perdere. In un contesto che nega loro ogni diritto, il loro gesto di ribellione mette in discussione regole e convenzioni.<\/p>\n\n\n\n<div class=\"wp-block-columns is-layout-flex wp-container-core-columns-is-layout-28f84493 wp-block-columns-is-layout-flex\">\n<div class=\"wp-block-column is-layout-flow wp-block-column-is-layout-flow\" style=\"flex-basis:33.33%\"><\/div>\n<\/div>\n<\/div>\n<\/div>\n\n\n\n<div class=\"wp-block-columns is-layout-flex wp-container-core-columns-is-layout-28f84493 wp-block-columns-is-layout-flex\">\n<div class=\"wp-block-column is-layout-flow wp-block-column-is-layout-flow\" style=\"flex-basis:66.66%\">\n<p><strong><a href=\"https:\/\/www.newtoncompton.com\/libro\/il-negozio-dei-fiori-e-degli-amori-inaspettati\" target=\"_blank\" rel=\"noopener\"><em>Il negozio dei fiori e degli amori inaspettati<\/em> \u2013 Laurie Gilmore<\/a><\/strong><\/p>\n\n\n\n<p>Newton Compton, in uscita il 5 maggio 2026<\/p>\n\n\n\n<p>Daisy gestisce un negozio di fiori a Dream Harbor, ma tra delusioni sentimentali e una strana \u201cmaledizione\u201d che tiene lontani i clienti, le cose non stanno andando come sperava.<\/p>\n\n\n\n<p>Elliot, appena arrivato in citt\u00e0 dopo una relazione finita male, ha evitato quel negozio il pi\u00f9 possibile. Finch\u00e9, per caso, si ritrova a entrarci. Da quel momento, le loro vite iniziano a intrecciarsi in modo inaspettato, tra esitazioni e nuovi inizi. E mentre tutto sembra andare storto, Daisy potrebbe scoprire che l\u2019amore non segue schemi precisi.<\/p>\n\n\n\n<p><em>Il negozio dei fiori e degli amori inaspettati<\/em> racconta un incontro che nasce senza preavviso, tra seconde possibilit\u00e0 e sentimenti che arrivano quando meno li si aspetta.<\/p>\n<\/div>\n\n\n\n<div class=\"wp-block-column is-layout-flow wp-block-column-is-layout-flow\" style=\"flex-basis:33.33%\">\n<figure class=\"wp-block-image size-large is-resized\"><img loading=\"lazy\" decoding=\"async\" width=\"662\" height=\"1024\" src=\"https:\/\/www.fastbookspa.it\/wp-content\/uploads\/2026\/04\/Il-negozio-dei-fiori-e-degli-amori-inaspettati-Laurie-Gilmore-662x1024.jpg\" alt=\"Novit\u00e0 libri maggio 2026.\nCopertina di Il negozio dei fiori e degli amori inaspettati di Laurie Gilmore\" class=\"wp-image-2588\" style=\"aspect-ratio:0.6464986350073011;width:248px;height:auto\" srcset=\"https:\/\/www.fastbookspa.it\/wp-content\/uploads\/2026\/04\/Il-negozio-dei-fiori-e-degli-amori-inaspettati-Laurie-Gilmore-662x1024.jpg 662w, https:\/\/www.fastbookspa.it\/wp-content\/uploads\/2026\/04\/Il-negozio-dei-fiori-e-degli-amori-inaspettati-Laurie-Gilmore-194x300.jpg 194w, https:\/\/www.fastbookspa.it\/wp-content\/uploads\/2026\/04\/Il-negozio-dei-fiori-e-degli-amori-inaspettati-Laurie-Gilmore-768x1188.jpg 768w, https:\/\/www.fastbookspa.it\/wp-content\/uploads\/2026\/04\/Il-negozio-dei-fiori-e-degli-amori-inaspettati-Laurie-Gilmore.jpg 970w\" sizes=\"auto, (max-width: 662px) 100vw, 662px\" \/><\/figure>\n<\/div>\n<\/div>\n\n\n\n<div class=\"wp-block-columns is-layout-flex wp-container-core-columns-is-layout-28f84493 wp-block-columns-is-layout-flex\">\n<div class=\"wp-block-column is-layout-flow wp-block-column-is-layout-flow\" style=\"flex-basis:33.33%\">\n<figure class=\"wp-block-image alignright size-large is-resized\"><img loading=\"lazy\" decoding=\"async\" width=\"655\" height=\"1024\" src=\"https:\/\/www.fastbookspa.it\/wp-content\/uploads\/2026\/04\/La-cura-Concita-De-Gregorio-655x1024.jpg\" alt=\"Novit\u00e0 libri maggio 2026.\nCopertina di La cura di Concita De Gregorio\" class=\"wp-image-2589\" style=\"aspect-ratio:0.6396557680831685;width:269px;height:auto\" srcset=\"https:\/\/www.fastbookspa.it\/wp-content\/uploads\/2026\/04\/La-cura-Concita-De-Gregorio-655x1024.jpg 655w, https:\/\/www.fastbookspa.it\/wp-content\/uploads\/2026\/04\/La-cura-Concita-De-Gregorio-192x300.jpg 192w, https:\/\/www.fastbookspa.it\/wp-content\/uploads\/2026\/04\/La-cura-Concita-De-Gregorio-768x1200.jpg 768w, https:\/\/www.fastbookspa.it\/wp-content\/uploads\/2026\/04\/La-cura-Concita-De-Gregorio.jpg 960w\" sizes=\"auto, (max-width: 655px) 100vw, 655px\" \/><\/figure>\n<\/div>\n\n\n\n<div class=\"wp-block-column is-layout-flow wp-block-column-is-layout-flow\" style=\"flex-basis:66.66%\">\n<p> <strong><a href=\"https:\/\/www.einaudi.it\/catalogo-libri\/narrativa-italiana\/narrativa-italiana-contemporanea\/la-cura-concita-de-gregorio-9788806272555\/\" target=\"_blank\" rel=\"noopener\"><em>La cura<\/em>\u2013 Concita De Gregorio<\/a><\/strong><\/p>\n\n\n\n<p>Einaudi, in uscita il 5 maggio 2026<\/p>\n\n\n\n<p>Un giorno d\u2019agosto una donna si prepara a partire e lascia ai figli una lettera con istruzioni pratiche, come trovare i doposc\u00ec anche fuori stagione. \u00c8 da qui che prende forma il racconto, non \u00e8 il diario di una malattia, ma la testimonianza che nessuno si salva da solo. \u00c8 una storia attraversata dalle voci degli altri: pazienti, medici, infermieri, incontri che restituiscono un\u2019idea condivisa di fragilit\u00e0 e resistenza.<\/p>\n\n\n\n<p>Tra gesti quotidiani e momenti inattesi, il libro si muove tra dolore e leggerezza, mostrando come anche nei momenti pi\u00f9 difficili la vita continui a sorprendere.<\/p>\n\n\n\n<p><em>La cura<\/em> racconta che prendersi cura degli altri pu\u00f2 diventare un modo per restare, nonostante tutto, dentro la vita.<\/p>\n<\/div>\n<\/div>\n\n\n\n<div class=\"wp-block-columns is-layout-flex wp-container-core-columns-is-layout-28f84493 wp-block-columns-is-layout-flex\">\n<div class=\"wp-block-column is-layout-flow wp-block-column-is-layout-flow\" style=\"flex-basis:66.66%\">\n<p><strong><a href=\"https:\/\/www.einaudi.it\/catalogo-libri\/narrativa-italiana\/narrativa-italiana-contemporanea\/le-terme-dellindirizzo-cristina-cassar-scalia-9788806260316\/\" target=\"_blank\" rel=\"noopener\"><em>Le terme dell\u2019Indirizzo<\/em>\u2013 Cristina Cassar Scalia<\/a><\/strong><\/p>\n\n\n\n<p>Einaudi, in uscita il 12 maggio 2026<\/p>\n\n\n\n<p>L\u2019estate \u00abquasi felice\u00bb di Vanina Guarrasi, vicequestore della squadra Mobile di Catania, viene interrotta dal ritrovamento di un cadavere tra le rovine delle terme dell\u2019Indirizzo.<\/p>\n\n\n\n<p>La vittima \u00e8 un clochard, gi\u00e0 aggredito in passato da uomini legati a un clan mafioso, e il caso sembra indirizzarsi subito in una direzione precisa.<\/p>\n\n\n\n<p>Ma Vanina non si ferma alla prima ipotesi e, insieme alla sua squadra e all\u2019ex commissario Biagio Patan\u00e8, segue piste alternative che riportano a vicende rimaste irrisolte. L\u2019indagine si complica intrecciando presente e passato, fino a far emergere una storia inattesa.<\/p>\n\n\n\n<p>Decimo capitolo di una serie di grande successo, da cui \u00e8 stata tratta anche l\u2019apprezzatissima serie tv, <em>Le terme dell\u2019Indirizzo<\/em> riporta al centro un personaggio ormai consolidato alle prese con un nuovo caso.<\/p>\n<\/div>\n\n\n\n<div class=\"wp-block-column is-layout-flow wp-block-column-is-layout-flow\" style=\"flex-basis:33.33%\">\n<figure class=\"wp-block-image size-large is-resized\"><img loading=\"lazy\" decoding=\"async\" width=\"655\" height=\"1024\" src=\"https:\/\/www.fastbookspa.it\/wp-content\/uploads\/2026\/04\/Le-Terme-dellIndirizzo-Cristina-Cassar-Scalia-655x1024.jpg\" alt=\"Novit\u00e0 libri maggio 2026.\nCopertina di Le terne dell'Indirizzo di Cristina Cassar Scalia\" class=\"wp-image-2590\" style=\"aspect-ratio:0.6396557680831685;width:297px;height:auto\" srcset=\"https:\/\/www.fastbookspa.it\/wp-content\/uploads\/2026\/04\/Le-Terme-dellIndirizzo-Cristina-Cassar-Scalia-655x1024.jpg 655w, https:\/\/www.fastbookspa.it\/wp-content\/uploads\/2026\/04\/Le-Terme-dellIndirizzo-Cristina-Cassar-Scalia-192x300.jpg 192w, https:\/\/www.fastbookspa.it\/wp-content\/uploads\/2026\/04\/Le-Terme-dellIndirizzo-Cristina-Cassar-Scalia-768x1200.jpg 768w, https:\/\/www.fastbookspa.it\/wp-content\/uploads\/2026\/04\/Le-Terme-dellIndirizzo-Cristina-Cassar-Scalia.jpg 960w\" sizes=\"auto, (max-width: 655px) 100vw, 655px\" \/><\/figure>\n<\/div>\n<\/div>\n\n\n\n<div class=\"wp-block-columns is-layout-flex wp-container-core-columns-is-layout-28f84493 wp-block-columns-is-layout-flex\">\n<div class=\"wp-block-column is-layout-flow wp-block-column-is-layout-flow\" style=\"flex-basis:33.33%\">\n<figure class=\"wp-block-image size-large\"><img loading=\"lazy\" decoding=\"async\" width=\"828\" height=\"1024\" src=\"https:\/\/www.fastbookspa.it\/wp-content\/uploads\/2026\/04\/Lorto-semplice-Benedetta-Rossi-828x1024.jpg\" alt=\"Novit\u00e0 libri maggio 2026.\nCopertina di L'orto semplice di Benedetta Rossi\" class=\"wp-image-2591\" srcset=\"https:\/\/www.fastbookspa.it\/wp-content\/uploads\/2026\/04\/Lorto-semplice-Benedetta-Rossi-828x1024.jpg 828w, https:\/\/www.fastbookspa.it\/wp-content\/uploads\/2026\/04\/Lorto-semplice-Benedetta-Rossi-243x300.jpg 243w, https:\/\/www.fastbookspa.it\/wp-content\/uploads\/2026\/04\/Lorto-semplice-Benedetta-Rossi-768x949.jpg 768w, https:\/\/www.fastbookspa.it\/wp-content\/uploads\/2026\/04\/Lorto-semplice-Benedetta-Rossi.jpg 1000w\" sizes=\"auto, (max-width: 828px) 100vw, 828px\" \/><\/figure>\n<\/div>\n\n\n\n<div class=\"wp-block-column is-layout-flow wp-block-column-is-layout-flow\" style=\"flex-basis:66.66%\">\n<p><strong><a href=\"https:\/\/www.mondadorielecta.it\/libri\/lorto-semplice-benedetta-rossi\/\" target=\"_blank\" rel=\"noopener\"><em>L\u2019orto semplice<\/em> \u2013 Benedetta Rossi<\/a><\/strong><\/p>\n\n\n\n<p>Mondadori Electa, in uscita il 12 maggio 2026<\/p>\n\n\n\n<p>Con <em>L\u2019orto semplice<\/em>, Benedetta Rossi porta il suo approccio genuino e diretto fuori dalla cucina e lo applica per la prima volta alla cura dell\u2019orto.<\/p>\n\n\n\n<p>Il libro accompagna passo dopo passo chi vuole iniziare, ma anche chi desidera migliorare, partendo dalle basi fino alla progettazione degli spazi e alla scelta degli strumenti.<\/p>\n\n\n\n<p>Dalla semina al trapianto, dalla gestione delle colture all\u2019irrigazione, le indicazioni sono pensate per adattarsi a contesti diversi, dal giardino al balcone.<\/p>\n\n\n\n<p>Non mancano schede illustrate per riconoscere e coltivare gli ortaggi pi\u00f9 comuni,<\/p>\n<\/div>\n<\/div>\n\n\n\n<p><em>L\u2019orto semplice<\/em> segna cos\u00ec un cambio di rotta, mantenendo lo stesso stile accessibile e concreto che ha reso riconoscibile Benedetta Rossi.<\/p>\n\n\n\n<div class=\"wp-block-columns is-layout-flex wp-container-core-columns-is-layout-28f84493 wp-block-columns-is-layout-flex\">\n<div class=\"wp-block-column is-layout-flow wp-block-column-is-layout-flow\" style=\"flex-basis:66.66%\">\n<p><strong><a href=\"https:\/\/www.feltrinellieditore.it\/opera\/il-tempo-dellorologiaio\/\" target=\"_blank\" rel=\"noopener\"><em>Il tempo dell\u2019orologiaio<\/em> \u2013 Maurizio De Giovanni<\/a><\/strong><\/p>\n\n\n\n<p>Feltrinelli, in uscita il 12 maggio 2026<\/p>\n\n\n\n<p>Carlo Malavasi, detto \u201cSergio\u201d, ha vissuto per oltre quarant\u2019anni in clandestinit\u00e0, costruendo congegni perfetti e custodendo segreti legati alla lotta armata.<\/p>\n\n\n\n<p>A riportarlo allo scoperto sono Andrea Malchiodi, che scopre la verit\u00e0 sul padre creduto morto, e Vera Coen, giornalista alla ricerca di risposte sulla morte del proprio. Quando Vera scompare, il tempo accelera.<\/p>\n\n\n\n<p>Inizia cos\u00ec una ricerca che li costringe a tornare negli anni Ottanta, tra vecchi legami, tradimenti e conti mai chiusi. Insieme a loro c\u2019\u00e8 Martina, nipote di Carlo, in un\u2019indagine che si muove tra passato e presente senza punti fermi.<\/p>\n\n\n\n<p><em>Il tempo dell\u2019orologiaio<\/em> chiude la saga iniziata con <em>L\u2019orologiaio di Brest<\/em>, riportando a galla verit\u00e0 rimaste a lungo nascoste.<\/p>\n<\/div>\n\n\n\n<div class=\"wp-block-column is-layout-flow wp-block-column-is-layout-flow\" style=\"flex-basis:33.33%\">\n<figure class=\"wp-block-image size-large\"><img loading=\"lazy\" decoding=\"async\" width=\"653\" height=\"1024\" src=\"https:\/\/www.fastbookspa.it\/wp-content\/uploads\/2026\/04\/Il-tempo-dellorologiaio-Maurizio-de-Giovanni-653x1024.jpg\" alt=\"Novit\u00e0 libri maggio 2026.\nCopertina di Il tempo dell'orologiaio di Maurizio De Giovanni\" class=\"wp-image-2592\" srcset=\"https:\/\/www.fastbookspa.it\/wp-content\/uploads\/2026\/04\/Il-tempo-dellorologiaio-Maurizio-de-Giovanni-653x1024.jpg 653w, https:\/\/www.fastbookspa.it\/wp-content\/uploads\/2026\/04\/Il-tempo-dellorologiaio-Maurizio-de-Giovanni-191x300.jpg 191w, https:\/\/www.fastbookspa.it\/wp-content\/uploads\/2026\/04\/Il-tempo-dellorologiaio-Maurizio-de-Giovanni-768x1204.jpg 768w, https:\/\/www.fastbookspa.it\/wp-content\/uploads\/2026\/04\/Il-tempo-dellorologiaio-Maurizio-de-Giovanni.jpg 957w\" sizes=\"auto, (max-width: 653px) 100vw, 653px\" \/><\/figure>\n<\/div>\n<\/div>\n\n\n\n<div class=\"wp-block-columns is-layout-flex wp-container-core-columns-is-layout-28f84493 wp-block-columns-is-layout-flex\">\n<div class=\"wp-block-column is-layout-flow wp-block-column-is-layout-flow\" style=\"flex-basis:33.33%\">\n<figure class=\"wp-block-image aligncenter size-large is-resized\"><img loading=\"lazy\" decoding=\"async\" width=\"655\" height=\"1024\" src=\"https:\/\/www.fastbookspa.it\/wp-content\/uploads\/2026\/04\/Paura-non-abbiamo-Serena-Dandini-655x1024.jpg\" alt=\"Novit\u00e0 libri maggio 2026.\nCopertina di Paura non abbiamo di Serena Dandini\" class=\"wp-image-2593\" style=\"aspect-ratio:0.6396557680831685;width:288px;height:auto\" srcset=\"https:\/\/www.fastbookspa.it\/wp-content\/uploads\/2026\/04\/Paura-non-abbiamo-Serena-Dandini-655x1024.jpg 655w, https:\/\/www.fastbookspa.it\/wp-content\/uploads\/2026\/04\/Paura-non-abbiamo-Serena-Dandini-192x300.jpg 192w, https:\/\/www.fastbookspa.it\/wp-content\/uploads\/2026\/04\/Paura-non-abbiamo-Serena-Dandini-768x1200.jpg 768w, https:\/\/www.fastbookspa.it\/wp-content\/uploads\/2026\/04\/Paura-non-abbiamo-Serena-Dandini.jpg 960w\" sizes=\"auto, (max-width: 655px) 100vw, 655px\" \/><\/figure>\n<\/div>\n\n\n\n<div class=\"wp-block-column is-layout-flow wp-block-column-is-layout-flow\" style=\"flex-basis:66.66%\">\n<p><strong><a href=\"https:\/\/www.einaudi.it\/catalogo-libri\/storia\/storia-contemporanea\/paura-non-abbiamo-serena-dandini-9788806273934\/\" target=\"_blank\" rel=\"noopener\"><em>Paura non abbiamo<\/em> \u2013 Serena Dandini<\/a><\/strong><\/p>\n\n\n\n<p>Einaudi, in uscita il 12 maggio 2026<\/p>\n\n\n\n<p>Il 2 giugno 1946 segna un passaggio decisivo: nasce la Repubblica e per le donne italiane si apre un tempo nuovo.<\/p>\n\n\n\n<p>Da qui prende avvio il racconto delle Madri costituenti, ventuno donne tra i 556 membri dell\u2019Assemblea, diverse per storia e idee ma unite dalla convinzione che senza la partecipazione femminile la democrazia resti incompleta.<\/p>\n\n\n\n<p>Serena Dandini le riporta al centro, intrecciando le loro vite con quelle di altre figure che hanno contribuito al cambiamento culturale nel tempo.<\/p>\n\n\n\n<p>Tra impegno civile e tono ironico, emerge una genealogia fatta di battaglie, conquiste e resistenze.<\/p>\n<\/div>\n<\/div>\n\n\n\n<div class=\"wp-block-columns is-layout-flex wp-container-core-columns-is-layout-28f84493 wp-block-columns-is-layout-flex\">\n<div class=\"wp-block-column is-layout-flow wp-block-column-is-layout-flow\" style=\"flex-basis:66.66%\">\n<p><strong><a href=\"https:\/\/www.sperling.it\/libri\/rimani-ancora-nicholas-sparks\" target=\"_blank\" rel=\"noopener\"><em>Rimani ancora<\/em> \u2013 Nicholas Sparks<\/a><\/strong><\/p>\n\n\n\n<p>Sperling &amp; Kupfer, in uscita il 12 maggio 2026<\/p>\n\n\n\n<p>Con oltre 130 milioni di copie vendute nel mondo, Nicholas Sparks torna con una storia che intreccia amore, perdita e possibilit\u00e0.<\/p>\n\n\n\n<p>Tate Donovan \u00e8 un architetto di successo che non riesce a trovare un equilibrio dopo la perdita della sorella e un periodo di depressione.<\/p>\n\n\n\n<p>A tormentarlo \u00e8 anche un segreto lasciato da lei: un dono di famiglia che mette in discussione tutto ci\u00f2 in cui ha sempre creduto.<\/p>\n\n\n\n<p>Nel tentativo di ricominciare, si trasferisce a Cape Cod, dove incontra Wren, con cui nasce un legame immediato, destinato per\u00f2 a confrontarsi con tensioni e pericoli.<\/p>\n\n\n\n<p>Per salvarla, Tate dovr\u00e0 affrontare il passato e mettere in discussione ogni certezza.<\/p>\n<\/div>\n\n\n\n<div class=\"wp-block-column is-layout-flow wp-block-column-is-layout-flow\" style=\"flex-basis:33.33%\">\n<figure class=\"wp-block-image size-large\"><img loading=\"lazy\" decoding=\"async\" width=\"667\" height=\"1024\" src=\"https:\/\/www.fastbookspa.it\/wp-content\/uploads\/2026\/04\/Rimani-ancora-Nicholas-Sparks-667x1024.jpg\" alt=\"Novit\u00e0 libri maggio 2026.\nCopertina di Rimani ancora di Nicholas Sparks\" class=\"wp-image-2594\" srcset=\"https:\/\/www.fastbookspa.it\/wp-content\/uploads\/2026\/04\/Rimani-ancora-Nicholas-Sparks-667x1024.jpg 667w, https:\/\/www.fastbookspa.it\/wp-content\/uploads\/2026\/04\/Rimani-ancora-Nicholas-Sparks-195x300.jpg 195w, https:\/\/www.fastbookspa.it\/wp-content\/uploads\/2026\/04\/Rimani-ancora-Nicholas-Sparks-768x1179.jpg 768w, https:\/\/www.fastbookspa.it\/wp-content\/uploads\/2026\/04\/Rimani-ancora-Nicholas-Sparks.jpg 977w\" sizes=\"auto, (max-width: 667px) 100vw, 667px\" \/><\/figure>\n<\/div>\n<\/div>\n\n\n\n<div class=\"wp-block-columns is-layout-flex wp-container-core-columns-is-layout-28f84493 wp-block-columns-is-layout-flex\">\n<div class=\"wp-block-column is-layout-flow wp-block-column-is-layout-flow\" style=\"flex-basis:33.33%\">\n<figure class=\"wp-block-image size-large\"><img loading=\"lazy\" decoding=\"async\" width=\"682\" height=\"1024\" src=\"https:\/\/www.fastbookspa.it\/wp-content\/uploads\/2026\/04\/Gli-anni-in-bianco-e-nero-Francesca-Giannone-682x1024.jpg\" alt=\"Novit\u00e0 libri maggio 2026.\nCopertina di Gli anni in bianco e nero di Francesca Giannone\" class=\"wp-image-2595\" srcset=\"https:\/\/www.fastbookspa.it\/wp-content\/uploads\/2026\/04\/Gli-anni-in-bianco-e-nero-Francesca-Giannone-682x1024.jpg 682w, https:\/\/www.fastbookspa.it\/wp-content\/uploads\/2026\/04\/Gli-anni-in-bianco-e-nero-Francesca-Giannone-200x300.jpg 200w, https:\/\/www.fastbookspa.it\/wp-content\/uploads\/2026\/04\/Gli-anni-in-bianco-e-nero-Francesca-Giannone-768x1153.jpg 768w, https:\/\/www.fastbookspa.it\/wp-content\/uploads\/2026\/04\/Gli-anni-in-bianco-e-nero-Francesca-Giannone.jpg 999w\" sizes=\"auto, (max-width: 682px) 100vw, 682px\" \/><\/figure>\n<\/div>\n\n\n\n<div class=\"wp-block-column is-layout-flow wp-block-column-is-layout-flow\" style=\"flex-basis:66.66%\">\n<p><strong><a href=\"https:\/\/www.editricenord.it\/libro\/francesca-giannone-gli-anni-in-bianco-e-nero-9788842935759.html\" target=\"_blank\" rel=\"noopener\"><em>Gli anni in bianco e nero<\/em> \u2013 Francesca Giannone<\/a><\/strong><\/p>\n\n\n\n<p>Nord, in uscita il 26 maggio 2026<\/p>\n\n\n\n<p>Dopo <em>La portalettere<\/em> e <em>Domani, domani<\/em>, Francesca Giannone torna in libreria con una storia che attraversa legami familiari e trasformazioni, seguendo il passaggio da un mondo \u201cin bianco e nero\u201d a uno colorato.<\/p>\n\n\n\n<p>Nel Salento degli anni \u201960, nella sartoria della famiglia Elia, quattro sorelle crescono tra regole rigide e desideri che faticano a trovare spazio.<\/p>\n\n\n\n<p>Ognuna cerca una propria strada: tra musica, libri e sogni di indipendenza, \u00e8 Mim\u00ec, la pi\u00f9 giovane, a immaginare un modo diverso di guardare il mondo, scegliendo di raccontarlo attraverso le immagini.<\/p>\n\n\n\n<p>Mentre fuori si muovono le prime rivoluzioni sociali e femministe, dentro casa prende forma un cambiamento pi\u00f9 silenzioso ma altrettanto decisivo.<\/p>\n<\/div>\n<\/div>\n\n\n\n<p>Tra aspirazioni e limiti, le sorelle provano a ridefinire il proprio posto, inseguendo un\u2019idea di libert\u00e0 ancora incerta.<\/p>\n\n\n\n<div class=\"wp-block-columns is-layout-flex wp-container-core-columns-is-layout-28f84493 wp-block-columns-is-layout-flex\">\n<div class=\"wp-block-column is-layout-flow wp-block-column-is-layout-flow\" style=\"flex-basis:66.66%\">\n<p><strong><em>I tramezzini di Rocco Schiavone<\/em> \u2013 <a href=\"https:\/\/www.sellerio.it\/it\/cerca\/risultati_lib.php?f=antonio+manzini&amp;cerca=Cerca\" target=\"_blank\" rel=\"noopener\">Antonio Manzini<\/a><\/strong><\/p>\n\n\n\n<p>Sellerio, in uscita il 26 maggio 2026<\/p>\n\n\n\n<p>Una raccolta di racconti inediti che ripercorre la vita di Rocco Schiavone, dall\u2019infanzia alla maturit\u00e0, tra Roma e Aosta, tra memoria e presente.<\/p>\n\n\n\n<p>Dai giorni a Trastevere con gli amici alle indagini, passando per l\u2019incontro con Marina e i momenti pi\u00f9 privati, emerge un ritratto fatto di contrasti, tra ironia e dolore. Ogni storia aggiunge un frammento, tra ricordi, legami e casi che riportano a galla segreti e tensioni mai risolte. Sul fondo, resta il carattere di Schiavone: insofferente alle regole, ostinato nel cercare la verit\u00e0.<\/p>\n\n\n\n<p>Antonio Manzini torna cos\u00ec su un personaggio costruito nel tempo, intrecciando toni e atmosfere diverse, tra passato e presente: un punto di arrivo che apre a nuove direzioni.<\/p>\n<\/div>\n\n\n\n<div class=\"wp-block-column is-layout-flow wp-block-column-is-layout-flow\" style=\"flex-basis:33.33%\">\n<figure class=\"wp-block-image size-full is-resized\"><img loading=\"lazy\" decoding=\"async\" width=\"460\" height=\"650\" src=\"https:\/\/www.fastbookspa.it\/wp-content\/uploads\/2026\/04\/I-tramezzini-di-Rocco-Schiavone-Antonio-Manzini.jpg\" alt=\"Novit\u00e0 libri maggio 2026.\nCopertina di I tramezzini di Rocco Schiavone di Antonio Manzini\" class=\"wp-image-2596\" style=\"aspect-ratio:0.7076933768851206;width:297px;height:auto\" srcset=\"https:\/\/www.fastbookspa.it\/wp-content\/uploads\/2026\/04\/I-tramezzini-di-Rocco-Schiavone-Antonio-Manzini.jpg 460w, https:\/\/www.fastbookspa.it\/wp-content\/uploads\/2026\/04\/I-tramezzini-di-Rocco-Schiavone-Antonio-Manzini-212x300.jpg 212w\" sizes=\"auto, (max-width: 460px) 100vw, 460px\" \/><\/figure>\n<\/div>\n<\/div>\n\n\n\n<p><\/p>\n\n\n\n<p>Come sempre, anche maggio offre pi\u00f9 di una direzione possibile: c\u2019\u00e8 chi torna su personaggi gi\u00e0 conosciuti, chi cambia strada e chi prova a raccontare qualcosa di diverso dal solito.<\/p>\n\n\n\n<p>Tra queste novit\u00e0 libri maggio 2026, il filo comune resta la variet\u00e0: storie molto diverse tra loro, da scegliere in base al momento o semplicemente alla curiosit\u00e0.<\/p>\n\n\n\n<p>Per altri articoli sulle novit\u00e0 editoriali del 2026 clicca <a href=\"https:\/\/www.fastbookspa.it\/index.php\/News\/blog\/libri-novita\/\">QUI<\/a><\/p>\n\n\n\n<p><\/p>\n","protected":false},"excerpt":{"rendered":"<p>Cosa esce in libreria: i titoli da seguire questo mese Maggio porta con s\u00e9 diverse novit\u00e0 interessanti, tra autori gi\u00e0 molto letti e nuove storie che si fanno spazio tra generi diversi. In questa selezione abbiamo raccolto alcuni dei libri in uscita a maggio 2026 pi\u00f9 rilevanti, tra narrativa, gialli, romance e racconti familiari. Una&#8230; <a class=\"read-more\" href=\"https:\/\/www.fastbookspa.it\/index.php\/2026\/04\/30\/novita-libri-maggio-2026\/\">Continua a leggere<\/a><\/p>\n","protected":false},"author":14,"featured_media":2597,"comment_status":"open","ping_status":"open","sticky":false,"template":"","format":"standard","meta":{"footnotes":""},"categories":[1],"tags":[],"class_list":["post-2584","post","type-post","status-publish","format-standard","has-post-thumbnail","hentry","category-uncategorized"],"_links":{"self":[{"href":"https:\/\/www.fastbookspa.it\/index.php\/wp-json\/wp\/v2\/posts\/2584","targetHints":{"allow":["GET"]}}],"collection":[{"href":"https:\/\/www.fastbookspa.it\/index.php\/wp-json\/wp\/v2\/posts"}],"about":[{"href":"https:\/\/www.fastbookspa.it\/index.php\/wp-json\/wp\/v2\/types\/post"}],"author":[{"embeddable":true,"href":"https:\/\/www.fastbookspa.it\/index.php\/wp-json\/wp\/v2\/users\/14"}],"replies":[{"embeddable":true,"href":"https:\/\/www.fastbookspa.it\/index.php\/wp-json\/wp\/v2\/comments?post=2584"}],"version-history":[{"count":4,"href":"https:\/\/www.fastbookspa.it\/index.php\/wp-json\/wp\/v2\/posts\/2584\/revisions"}],"predecessor-version":[{"id":2602,"href":"https:\/\/www.fastbookspa.it\/index.php\/wp-json\/wp\/v2\/posts\/2584\/revisions\/2602"}],"wp:featuredmedia":[{"embeddable":true,"href":"https:\/\/www.fastbookspa.it\/index.php\/wp-json\/wp\/v2\/media\/2597"}],"wp:attachment":[{"href":"https:\/\/www.fastbookspa.it\/index.php\/wp-json\/wp\/v2\/media?parent=2584"}],"wp:term":[{"taxonomy":"category","embeddable":true,"href":"https:\/\/www.fastbookspa.it\/index.php\/wp-json\/wp\/v2\/categories?post=2584"},{"taxonomy":"post_tag","embeddable":true,"href":"https:\/\/www.fastbookspa.it\/index.php\/wp-json\/wp\/v2\/tags?post=2584"}],"curies":[{"name":"wp","href":"https:\/\/api.w.org\/{rel}","templated":true}]}}