{"id":292,"date":"2023-01-23T17:13:35","date_gmt":"2023-01-23T16:13:35","guid":{"rendered":"https:\/\/www.fastbookspa.it\/?p=292"},"modified":"2023-02-07T14:17:51","modified_gmt":"2023-02-07T13:17:51","slug":"si-riparte-alla-grande","status":"publish","type":"post","link":"https:\/\/www.fastbookspa.it\/index.php\/2023\/01\/23\/si-riparte-alla-grande\/","title":{"rendered":"SI RIPARTE ALLA GRANDE!"},"content":{"rendered":"\n<p>Nell\u2019elenco dei tradizionali buoni propositi per l\u2019anno nuovo, la voce \u201cdedicare pi\u00f9 tempo alla lettura\u201d questa volta non poteva trovare miglior fortuna. Il mese di gennaio, infatti, assiste all\u2019uscita di grandi titoli, adatti ai palati pi\u00f9 diversi.<\/p>\n\n\n\n<p>Si parte in maniera letteralmente \u201cprincipesca\u201d, con l\u2019autobiografia di <strong>Harry<\/strong><a>,<\/a> duca di Sussex, che in <strong><em>Spare<\/em><\/strong> \u2013 <strong><em>Il minore<\/em><\/strong>, racconta la sua storia con cruda e feroce onest\u00e0. Nonostante esista una tassativa data di uscita mondiale, il 10 gennaio, pare in Spagna sia stato distribuito per errore fin dal 5. Cos\u00ec, molte dichiarazioni contenute nel consistente tomo (540 pagine dense di analisi e confessioni), sono gi\u00e0 trapelate. E rivelano fatti, privati e pubblici, che hanno scosso sia la Corte inglese che l\u2019opinione pubblica: dagli scontri non solo verbali ma anche fisici tra i fratelli Harry e William, alle liti delle rispettive consorti, fino alle esternazioni su delicatissimi scenari internazionali. Harry avrebbe infatti ammesso di aver ucciso almeno 25 talebani, in Afghanistan, senza alcun rimorso, ritenendoli semplici \u00ab pezzi su una scacchiera\u00bb.<\/p>\n\n\n\n<p>In Spagna ci conduce anche <a>l<\/a>a madre letteraria dell\u2019amatissima ispettrice di polizia barcellonese Petra Delicado, <strong>Alicia Gim\u00e9nez-Bartlett<\/strong>, in libreria dal 10 gennaio con un giallo e due protagoniste nuove di zecca. Ne <strong><em>La presidente<\/em><\/strong> incontriamo Berta e Marta Miralles, due sorelle giovanissime e molto diverse tra loro che, appena uscite dall&#8217;Accademia di Polizia di Spagna, si ritrovano a indagare sul caff\u00e8 al cianuro che ha avvelenato l&#8217;amata, odiata e potentissima presidente della Comunit\u00e0 Valenciana. I due nuovi personaggi, nel contesto di una scrittura intrisa di humor e intelligente ironia, tornano a fronteggiare lo stereotipo del detective tradizionale. E vincono la sfida.<\/p>\n\n\n\n<p><strong><em>L\u2019ultimo uomo bianco<\/em><\/strong>, di <strong>Mohsin Hamid<\/strong>, nato in Pakistan e vissuto successivamente tra Stati Uniti e Gran Bretagna, gi\u00e0 autore de <em>Il fondamentalista riluttante<\/em> e di <em>Exit West<\/em>, in uscita il 10 gennaio, si ispira, in prima battuta, al personaggio immaginario di Gregor Samsa, protagonista del racconto <em>La metamorfosi<\/em> di Franz Kafka. Anders, personal trainer in un&#8217;anonima palestra di una citt\u00e0 indefinita, si sveglia e scopre di essere diventato di un innegabile marrone scuro. Quel che Anders ancora non sa, \u00e8 che lui \u00e8 solo il primo essere umano a cui \u00e8 toccata una trasformazione che sta prendendo piede ovunque: tutte le persone bianche stanno diventando scure. La tensione sociale \u00e8 destinata a crescere, a sfociare in risse, sparatorie, suicidi e sommosse, finch\u00e9 \u00abl\u2019ultimo uomo bianco<a>\u00bb<\/a> non verr\u00e0 sepolto e la bianchezza non sar\u00e0 che un ricordo.<\/p>\n\n\n\n<p>Gennaio segna anche il ritorno, attesissimo, di <strong>Niccol\u00f2 Ammaniti<\/strong>, dopo quasi otto lunghi anni di assenza &#8211; <em>Anna<\/em>, il suo ultimo lavoro, \u00e8 del 2015. <strong><em>La vita intima<\/em><\/strong>, in uscita il 17, \u00e8 una commedia \u201csociale\u201d nera che esplora, tra ossessioni, manie e desideri reconditi, i meandri della mente di Maria Cristina Palma, donna dalle perfette apparenze borghesi. Le dita di Ammaniti battono sulla tastiera, mentre uno dei suoi cani lo guarda interessato. \u00abSu steli di grissino sono avvolti petali di prosciutto, lonza, salame, speck, e grappoli di salsiccette. Il salame si scioglie sprigionando il gusto di finocchio\u2026\u00bb. Cos\u00ec, con malinconica e dissacratoria ironia, lo scrittore romano annuncia in un video la pubblicazione del suo romanzo.<\/p>\n\n\n\n<p>Stessa data di uscita per il nuovo lavoro di <strong>Daniele Mencarelli<\/strong>, gi\u00e0 Premio Strega Giovani con il romanzo <em>Tutto chiede salvezza<\/em>, dal quale la fortunata serie Netflix. Queste le parole con cui lo scrittore e poeta introduce <strong><em>Fame d&#8217;aria<\/em><\/strong>: \u00abSi tratta un romanzo adulto e se vogliamo anche molto politico, molto attuale: tocca un tema di cui quasi nessuno parla, quello della povert\u00e0. Un argomento rimosso, non pi\u00f9 di moda, nel libro connesso a quello della disabilit\u00e0 infantile. Cerco di essere testimone di quest\u2019epoca, di raccontarla in maniera non banale. Pi\u00f9 che scrittore o intellettuale, termini che non amo, mi definisco \u201cosservatore\u201d: un uomo che guarda il presente stando a guardia, lo descrive e non si fa dettare i temi da nessuno\u00bb.<\/p>\n\n\n\n<p>Lo scrittore <strong>Sandro Veronesi<\/strong> e il regista cinematografico <strong>Edoardo De Angelis<\/strong> uniscono le loro forze e scrivono a quattro mani il romanzo, in libreria dal 25 gennaio, <strong><em>Il Comandante<\/em><\/strong>, che sar\u00e0 anche un film in uscita entro quest\u2019anno. <em>Il Comandante<\/em> ripercorre, in una storia di resistenza e umanit\u00e0, le vicende di Salvatore Todaro, un ufficiale della Regia Marina italiana che, durante la Seconda guerra mondiale, disobbedisce agli ordini tedeschi e salva i nemici appena affondati col suo sommergibile.<\/p>\n\n\n\n<p>Chiude degnamente il mese <strong><em>Mi limitavo ad amare te<\/em><\/strong> della scrittrice <strong>Rosella Postorino<\/strong>, Campiello 2018 con <em>Le assaggiatrici<\/em>, in uscita il 31. Ispirato ad una storia vera, il romanzo racconta le vicende di Omar, Nada e Danilo, che nel 1992, tra Sarajevo e l\u2019Italia, stringono un\u2019amicizia intensa e irrinunciabile. I tre ragazzi, i cui destini sembrano irrimediabilmente compromessi dalla guerra, finiranno per trovare l&#8217;un nell&#8217;altro una possibile salvezza e redenzione.<\/p>\n","protected":false},"excerpt":{"rendered":"<p>Nell\u2019elenco dei tradizionali buoni propositi per l\u2019anno nuovo, la voce \u201cdedicare pi\u00f9 tempo alla lettura\u201d questa volta non poteva trovare miglior fortuna. Il mese di gennaio, infatti, assiste all\u2019uscita di grandi titoli, adatti ai palati pi\u00f9 diversi. Si parte in maniera letteralmente \u201cprincipesca\u201d, con l\u2019autobiografia di Harry, duca di Sussex, che in Spare \u2013 Il&#8230; <a class=\"read-more\" href=\"https:\/\/www.fastbookspa.it\/index.php\/2023\/01\/23\/si-riparte-alla-grande\/\">Continua a leggere<\/a><\/p>\n","protected":false},"author":3,"featured_media":331,"comment_status":"open","ping_status":"open","sticky":false,"template":"","format":"standard","meta":{"footnotes":""},"categories":[7],"tags":[35,36,27,26],"class_list":["post-292","post","type-post","status-publish","format-standard","has-post-thumbnail","hentry","category-blog","tag-bestseller","tag-classifica","tag-lettura","tag-libri"],"_links":{"self":[{"href":"https:\/\/www.fastbookspa.it\/index.php\/wp-json\/wp\/v2\/posts\/292","targetHints":{"allow":["GET"]}}],"collection":[{"href":"https:\/\/www.fastbookspa.it\/index.php\/wp-json\/wp\/v2\/posts"}],"about":[{"href":"https:\/\/www.fastbookspa.it\/index.php\/wp-json\/wp\/v2\/types\/post"}],"author":[{"embeddable":true,"href":"https:\/\/www.fastbookspa.it\/index.php\/wp-json\/wp\/v2\/users\/3"}],"replies":[{"embeddable":true,"href":"https:\/\/www.fastbookspa.it\/index.php\/wp-json\/wp\/v2\/comments?post=292"}],"version-history":[{"count":3,"href":"https:\/\/www.fastbookspa.it\/index.php\/wp-json\/wp\/v2\/posts\/292\/revisions"}],"predecessor-version":[{"id":332,"href":"https:\/\/www.fastbookspa.it\/index.php\/wp-json\/wp\/v2\/posts\/292\/revisions\/332"}],"wp:featuredmedia":[{"embeddable":true,"href":"https:\/\/www.fastbookspa.it\/index.php\/wp-json\/wp\/v2\/media\/331"}],"wp:attachment":[{"href":"https:\/\/www.fastbookspa.it\/index.php\/wp-json\/wp\/v2\/media?parent=292"}],"wp:term":[{"taxonomy":"category","embeddable":true,"href":"https:\/\/www.fastbookspa.it\/index.php\/wp-json\/wp\/v2\/categories?post=292"},{"taxonomy":"post_tag","embeddable":true,"href":"https:\/\/www.fastbookspa.it\/index.php\/wp-json\/wp\/v2\/tags?post=292"}],"curies":[{"name":"wp","href":"https:\/\/api.w.org\/{rel}","templated":true}]}}