{"id":370,"date":"2023-02-24T11:26:50","date_gmt":"2023-02-24T10:26:50","guid":{"rendered":"https:\/\/www.fastbookspa.it\/?p=370"},"modified":"2023-02-24T13:03:10","modified_gmt":"2023-02-24T12:03:10","slug":"il-colore-nei-libri","status":"publish","type":"post","link":"https:\/\/www.fastbookspa.it\/index.php\/2023\/02\/24\/il-colore-nei-libri\/","title":{"rendered":"<a><strong>IL COLORE NEI LIBRI<\/strong><\/a>"},"content":{"rendered":"\n<p>Non solo nelle arti visive e in natura la magnifica moltitudine dei colori si manifesta. Anche i libri &#8211; non solo quelli illustrati! &#8211; sono capaci di raccontarne l\u2019anima e di raffigurarne, attraverso il linguaggio scritto, l\u2019intrinseco valore.<\/p>\n\n\n\n<p>Emblematico in questo senso il brano con cui il pittore russo Vasilij Kandinskij, precursore dell\u2019astrattismo, espone l\u2019intreccio che pu\u00f2 divenire indissolubile tra colore e parola: \u00abIl rosa, il lilla, il giallo, il bianco, il turchino, il verde pistacchio, il rosso fiamma delle case e delle chiese si uniscono al coro con il prato di un verde folle e il mormorio profondo degli alberi; e insieme \u00e8 la neve dalle mille voci canore e l\u2019allegretto dei rami spogli e infine la cintura della rossa muraglia del Cremlino severo, diritto, silenzioso. E sopra tutto, come un grido di trionfo, come un alleluia immortale scoppia la linea bianca intagliata, rigida del campanile di Ivan Velikij. La testa d\u2019oro della sua cupola tende verso il cielo una nostalgia acuta ed eterna. La sua sagoma slanciata \u00e8, tra le stelle multicolori o dorate delle altre cupole, il vero sole di Mosca\u00bb.<\/p>\n\n\n\n<p>Riccardo Falcinelli, uno dei pi\u00f9 rinomati visual designer italiani, al suo attivo la progettazione grafica di numerosi libri e collane, nel suo <strong>CROMORAMA<\/strong>, opera unica nel suo genere che, in un dialogo tra illustrazioni e storie, racconta di come si sia formato lo sguardo \u201cmoderno\u201d, nel primo capitolo, dedicato al \u201cGiallo Industriale\u201d, propone un aneddoto rivelatore: la matita \u00e8 di colore giallo per antonomasia perch\u00e9 fu questo il colore che avvolse la grafite nel lancio della Koh-I-Noor all\u2019Esposizione di Chicago 1893. A distanza di 130 anni, messi di fronte a una matita gialla e a una verde, i consumatori, a dispetto del fatto che al loro interno siano identiche, sono convinti che quelle verdi si spuntino prima perch\u00e9 di qualit\u00e0 inferiore. Il colore, in questo caso, si \u00e8 trasformato in un\u2019idea, un\u2019aspettativa.<\/p>\n\n\n\n<div class=\"wp-block-cover alignwide is-light is-style-default wp-duotone-000-0d6efd-1\"><span aria-hidden=\"true\" class=\"wp-block-cover__background has-background-dim\"><\/span><img loading=\"lazy\" decoding=\"async\" width=\"504\" height=\"799\" class=\"wp-block-cover__image-background wp-image-375\" alt=\"\" src=\"https:\/\/www.fastbookspa.it\/wp-content\/uploads\/2023\/02\/9788806235932_0_0_0_0-1.jpg\" data-object-fit=\"cover\" srcset=\"https:\/\/www.fastbookspa.it\/wp-content\/uploads\/2023\/02\/9788806235932_0_0_0_0-1.jpg 504w, https:\/\/www.fastbookspa.it\/wp-content\/uploads\/2023\/02\/9788806235932_0_0_0_0-1-189x300.jpg 189w\" sizes=\"auto, (max-width: 504px) 100vw, 504px\" \/><div class=\"wp-block-cover__inner-container is-layout-flow wp-block-cover-is-layout-flow\">\n<h2 class=\"has-text-align-center has-background-color has-text-color has-large-font-size wp-block-heading\" style=\"text-transform:none\"><em>\u00abIl pensiero critico pu\u00f2 iniziare da fatti piccolissimi. Anche dal colore. Magari insegnando ai bambini che il verde si pu\u00f2 fare mischiando il blu col giallo. Si pu\u00f2. Funziona. \u00c8 affascinante e stupefacente. \u00c8 una delle grandi conquiste della storia umana. Ma non \u00e8 l&#8217;unico modo di fare il verde. Non \u00e8 la verit\u00e0\u00bb<\/em><\/h2>\n\n\n\n<h2 class=\"has-text-align-center has-background-color has-text-color has-large-font-size wp-block-heading\" style=\"text-transform:none\">Riccardo Falcinelli, Cromorama<\/h2>\n\n\n\n<p><\/p>\n\n\n\n<p>r<\/p>\n<\/div><\/div>\n\n\n\n<p>A riprova del fatto che i colori, con le loro infinite tonalit\u00e0, hanno una vita, nascono, crescono, muoiono e a volta hanno anche seconde o terze vite, la giornalista e storica della cultura, la britannica Kassia St Clair, nel suo <strong>ATLANTE SENTIMENTALE DEI COLORI<\/strong>, sulla base di una suddivisione dei colori in famiglie principale, ha selezionato le sfumature che hanno \u00abuna storia degna di nota, perturbante o semplicemente troppo bella per non essere raccontata\u00bb. Dando cos\u00ec vita a un libro che si trova a met\u00e0 strada tra un piccolo manuale e lo studio di 76 singoli personaggi. Alcuni di questi personaggi sono pigmenti adoperati dai pittori, a volte sono semplici coloranti, altri sono pi\u00f9 vicini a delle idee o a dei costrutti socioculturali.<\/p>\n\n\n\n<p>Lo storico del colore Michel Pastoureau, nel suo <strong>UN COLORE TIRA L\u2019ALTRO<\/strong>, dichiara infine che il colore, che \u00e8 prima di tutto \u00abun\u2019astrazione, un\u2019idea, un concetto\u00bb, acquista significato soltanto se associato o contrapposto ad altri colori.&nbsp; Il saggista francese, che afferma di scegliere sempre, come regalo ai bimbi degli amici, una scatola di colori si chiede: \u00abcosa c\u2019\u00e8 di pi\u00f9 bello di un campionario di colori?\u00bb. E da s\u00e9 risponde: <a>\u00ab<\/a>niente, assolutamente niente\u00bb.<\/p>\n\n\n\n<p>Non possiamo concludere che citando l\u2019immenso scrittore, poeta&nbsp; e drammaturgo sette-ottocentesco, Johann Wolfgang von Goethe, il quale, in una lettera a Johann Eckermann del 19 febbraio 1829 scriveva: \u00abIo non provo orgoglio per tutto ci\u00f2 che come poeta ho prodotto. Insieme a me hanno vissuto buoni poeti, altri ancora migliori hanno vissuto prima di me, e ce ne saranno altri dopo. Sono invece orgoglioso del fatto che, nel mio secolo, sono stato l&#8217;unico che ha visto chiaro in questa difficile scienza del colore, e sono cosciente di essere superiore a molti saggi.\u00bb E in effetti, il suo progetto scientifico pi\u00f9 ambizioso, <strong>LA TEORIA DEI COLORI<\/strong>, che ha influenzato filosofi come Wittgenstein e pittori come Kandinskij, Klee, Albers, dimostra tutt\u2019oggi una vitalit\u00e0 ininterrotta.<\/p>\n\n\n\n<p><\/p>\n\n\n\n<div class=\"wp-block-columns is-layout-flex wp-container-core-columns-is-layout-28f84493 wp-block-columns-is-layout-flex\">\n<div class=\"wp-block-column is-layout-flow wp-block-column-is-layout-flow\" style=\"flex-basis:100%\"><\/div>\n<\/div>\n","protected":false},"excerpt":{"rendered":"<p>Non solo nelle arti visive e in natura la magnifica moltitudine dei colori si manifesta. Anche i libri &#8211; non solo quelli illustrati! &#8211; sono capaci di raccontarne l\u2019anima e di raffigurarne, attraverso il linguaggio scritto, l\u2019intrinseco valore. Emblematico in questo senso il brano con cui il pittore russo Vasilij Kandinskij, precursore dell\u2019astrattismo, espone l\u2019intreccio&#8230; <a class=\"read-more\" href=\"https:\/\/www.fastbookspa.it\/index.php\/2023\/02\/24\/il-colore-nei-libri\/\">Continua a leggere<\/a><\/p>\n","protected":false},"author":14,"featured_media":371,"comment_status":"open","ping_status":"open","sticky":false,"template":"","format":"standard","meta":{"footnotes":""},"categories":[7,14],"tags":[42,44,46,43,45],"class_list":["post-370","post","type-post","status-publish","format-standard","has-post-thumbnail","hentry","category-blog","category-leggere","tag-colore","tag-einaudi","tag-il-saggiatore","tag-teoria-dei-colori","tag-utet"],"_links":{"self":[{"href":"https:\/\/www.fastbookspa.it\/index.php\/wp-json\/wp\/v2\/posts\/370","targetHints":{"allow":["GET"]}}],"collection":[{"href":"https:\/\/www.fastbookspa.it\/index.php\/wp-json\/wp\/v2\/posts"}],"about":[{"href":"https:\/\/www.fastbookspa.it\/index.php\/wp-json\/wp\/v2\/types\/post"}],"author":[{"embeddable":true,"href":"https:\/\/www.fastbookspa.it\/index.php\/wp-json\/wp\/v2\/users\/14"}],"replies":[{"embeddable":true,"href":"https:\/\/www.fastbookspa.it\/index.php\/wp-json\/wp\/v2\/comments?post=370"}],"version-history":[{"count":14,"href":"https:\/\/www.fastbookspa.it\/index.php\/wp-json\/wp\/v2\/posts\/370\/revisions"}],"predecessor-version":[{"id":407,"href":"https:\/\/www.fastbookspa.it\/index.php\/wp-json\/wp\/v2\/posts\/370\/revisions\/407"}],"wp:featuredmedia":[{"embeddable":true,"href":"https:\/\/www.fastbookspa.it\/index.php\/wp-json\/wp\/v2\/media\/371"}],"wp:attachment":[{"href":"https:\/\/www.fastbookspa.it\/index.php\/wp-json\/wp\/v2\/media?parent=370"}],"wp:term":[{"taxonomy":"category","embeddable":true,"href":"https:\/\/www.fastbookspa.it\/index.php\/wp-json\/wp\/v2\/categories?post=370"},{"taxonomy":"post_tag","embeddable":true,"href":"https:\/\/www.fastbookspa.it\/index.php\/wp-json\/wp\/v2\/tags?post=370"}],"curies":[{"name":"wp","href":"https:\/\/api.w.org\/{rel}","templated":true}]}}