{"id":590,"date":"2023-05-19T11:38:12","date_gmt":"2023-05-19T09:38:12","guid":{"rendered":"https:\/\/www.fastbookspa.it\/?p=590"},"modified":"2023-05-19T12:06:33","modified_gmt":"2023-05-19T10:06:33","slug":"cosa-leggeremo-questestate","status":"publish","type":"post","link":"https:\/\/www.fastbookspa.it\/index.php\/2023\/05\/19\/cosa-leggeremo-questestate\/","title":{"rendered":"COSA LEGGEREMO QUEST&#8217;ESTATE?"},"content":{"rendered":"\n<p>Partiamo con l\u2019accontentare i palati di lettori giovani ma esigenti. La francese Christelle Dabos, autrice della saga in quattro capitoli <em>L\u2019Attraversaspecchi<\/em>, propone un romanzo dedicato agli young adult, in uscita il 14 giugno per E\/O, nel quale fonde fantasy e iperrealismo per immergerci nel mondo degli adolescenti. Al centro di <strong>QUI E SOLO QUI<\/strong> la Scuola, vista e vissuta in una dimensione straniante, quasi horror, densa di minacce inespresse, guidata da codici di comportamento spietati ben lontani dalle regole ufficiali, in cui gli insegnanti sono solo comparse fugaci. Addentriamoci all\u2019interno di quest\u2019edificio anonimo, dalla facciata gialla e dalle persiane verdi, con il suo grande orologio sempre fermo, e incontriamo Iris, la protagonista del romanzo, che fin da subito coglie tutto il non detto che abita la scuola: occorre mimetizzarsi per sopravvivere, almeno fin quando \u00e8 possibile. Intanto, nella scuola, avvengono fatti straordinari: impronte di passi sul soffitto, banchi che si muovono da soli, anomalie che per via di una sostanza misteriosa sono destinate a dilagare dall\u2019istituto all\u2019esterno, fino a provocare la fine del mondo.<\/p>\n\n\n\n<p>A seguire, piatti prelibati per i tanti amanti del genere giallo, noir e thriller, in disparate declinazioni.<\/p>\n\n\n\n<p>Cominciamo con <strong>MADRE D\u2019OSSA<\/strong>, in uscita il prossimo 26 giugno per Longanesi, nel quale torna, attesissima da lettrici e lettori, Teresa Battaglia, personaggio nato dalla penna di Ilaria Tuti, alla sua quinta indagine. Teresa, profiler sessantenne ricca di chiaroscuri, fragile per un Alzheimer incipiente, che si muove tra le montagne e le valli del Friuli-Venezia Giulia ed \u00e8 incapace di scindere le inchieste che segue dalla sua vita intima, sembra sempre pi\u00f9 vicina a perdere la sua battaglia contro la malattia. In seguito a una telefonata anonima viene infatti ritrovata dal suo pupillo, Massimo Marini, attonita e frastornata in mezzo al fitto del bosco, tra le sue braccia il cadavere di un ragazzo. Chi \u00e8 quel ragazzo? E perch\u00e9 Teresa si trova l\u00ec?<\/p>\n\n\n\n<figure class=\"wp-block-image alignright size-large is-resized\"><img loading=\"lazy\" decoding=\"async\" src=\"https:\/\/www.fastbookspa.it\/wp-content\/uploads\/2023\/05\/AdobeStock_367095204-1024x1024.jpg\" alt=\"\" class=\"wp-image-602\" width=\"575\" height=\"575\" srcset=\"https:\/\/www.fastbookspa.it\/wp-content\/uploads\/2023\/05\/AdobeStock_367095204-1024x1024.jpg 1024w, https:\/\/www.fastbookspa.it\/wp-content\/uploads\/2023\/05\/AdobeStock_367095204-300x300.jpg 300w, https:\/\/www.fastbookspa.it\/wp-content\/uploads\/2023\/05\/AdobeStock_367095204-150x150.jpg 150w, https:\/\/www.fastbookspa.it\/wp-content\/uploads\/2023\/05\/AdobeStock_367095204-768x768.jpg 768w, https:\/\/www.fastbookspa.it\/wp-content\/uploads\/2023\/05\/AdobeStock_367095204.jpg 1200w\" sizes=\"auto, (max-width: 575px) 100vw, 575px\" \/><\/figure>\n\n\n\n<p>Proseguiamo con <strong>LA BESTIA<\/strong>, in uscita il 27 giugno per Salani, un vero e proprio fenomeno editoriale in Spagna \u2013 si \u00e8 anche aggiudicato il Premio Planeta 2021 &#8211; che approda finalmente anche in Italia. \u00c8 proprio in occasione della premiazione che \u00e8 stata svelata l\u2019identit\u00e0 che si celava sotto il nom de plume di Carmen Mola: tre brillanti scrittori spagnoli, Jorge D\u00edaz, Agust\u00edn Mart\u00ednez e Antonio Mercero Santos.<\/p>\n\n\n\n<p>Madrid, luglio 1834, sotto la reggenza di Maria Cristina. Mentre l\u2019instabilit\u00e0 politica scuote l\u2019intero paese, una devastante epidemia di colera sta decimando la popolazione. \u00c8 in questo clima disperato che si inseriscono i delitti di un serial killer che rapisce ragazzine dei quartieri pi\u00f9 poveri, le uccide e ne lascia i corpi smembrati.<\/p>\n\n\n\n<p>Luc\u00eda quattordici anni e una gran massa di capelli rossi, fragile per la giovane et\u00e0 eppure molto coraggiosa, \u00e8 in cerca della sorella minore, Clara, scomparsa improvvisamente. Il timore \u00e8 che sia caduta nelle mani del serial killer. \u00c8 una corsa contro il tempo, una corsa che potrebbe rivelarsi disperata, non fosse che accanto a Luc\u00eda si affiancher\u00e0 nelle indagini un quartetto di personaggi riuscitissimi: un giornalista precario, un poliziotto con un occhio solo, un frate poco ortodosso, un\u2019elegante signora appartenente alla nobilt\u00e0 spagnola. Se, da provetti lettori di thriller, pensate di aver gi\u00e0 capito tutto sulla base di queste informazioni, sappiate che vi state sbagliando: qualcosa effettivamente andr\u00e0 come vi aspettate, qualcosa assolutamente no. E, in questo senso, complimenti agli autori che ne LA BESTIA dimostrano la grande e rara capacit\u00e0 di spiazzare il lettore.<\/p>\n\n\n\n<p>Dalla Spagna, percorrendo un tratto di Mediterraneo, approdiamo in Grecia.<\/p>\n\n\n\n<p>Tutte le storie immaginate dallo scrittore Petros Markar\u012bs che vedono come protagonista il poliziotto Kostas Charitos, detto il \u2018Montalbano di Atene\u2019, portano alla luce le contraddizioni pi\u00f9 dolorose del suo paese. E non fa eccezione questa sedicesima indagine, <strong>LA RIVOLTA DELLE CARIATIDI<\/strong>, in uscita il 30 giugno con La Nave di Teseo in cui, promosso a capo della polizia dell\u2019Attica, Charitos non \u00e8 pi\u00f9 solo perch\u00e9 accanto a lui si affianca la giovane commissaria Antigone Ferleki.<\/p>\n\n\n\n<p>Quando giungono ad Atene alcuni magnati stranieri intenzionati a rifondare l\u2019antica Politeia ateniese, unico sistema politico ritenuto consono alle problematiche di oggi, la capitale li accoglie con entusiasmo corale, anche per le possibilit\u00e0 di guadagno che il loro arrivo comporta. Al coro si sottrae un gruppo di archeologhe, dette le Cariatidi, che pensano che dietro agli sbandierati buoni propositi si nasconda una grande speculazione sul patrimonio culturale greco. I facoltosi magnati indignati abbandonano Atene e la cittadinanza incolpa le Cariatidi, che nel frattempo, per\u00f2, cominciano ad essere assassinate.<\/p>\n\n\n\n<p>Una bella sorpresa per i fan di Petros Markar\u012bs: prossimamente su Rai Due andr\u00e0 in onda <em>Il commissario Charitos<\/em>, una serie tv ispirata ai romanzi con Fabrizio Bentivoglio.<\/p>\n\n\n\n<p>Passando dai profumi di moussaka a quelli esotici del thali indiano, con <strong>L\u2019ET\u00c0 DEL MALE<\/strong>, della giornalista e scrittrice indiana Deepti Kapoor, in libreria per Einaudi Stile libero dal 6 giugno, ci immergiamo nelle oltre 500 pagine che raccontano le vicende di tre personaggi &#8211; Ajay, Sunny e Neda \u2013 ciascuno proveniente da un livello ben distinto della gerarchia indiana. \u00c8 soprattutto attraverso gli occhi di Ajay, appartenente alla misera classe degli p\u00e0ria, costretto da ragazzino ad assistere al brutale massacro di suo padre e poi venduto come schiavo, che seguiamo le vicende della famiglia Wadia, alla guida di un vero e proprio impero del male, tra crimini, corruzione e speculazioni edilizie.<\/p>\n\n\n\n<p>Neda, combattiva giornalista del \u00abDelhi Post\u00bb, figlia di genitori idealisti e colti che rappresentano la cr\u00e8me liberale e intellettuale della societ\u00e0 indiana, si insinua nella cerchia Wadia per svelarne i crimini, ma finisce per innamorarsi di Sunny, il rampollo destinato ad ereditare la guida dell\u2019impero. Il suo rapporto con Neda, per\u00f2, \u00e8 considerato troppo rischioso per non provocare l\u2019immediato intervento del \u201cpadrino\u201d, il magnate Bunty &#8216;Himmatgiri&#8217; Wadia, che organizzer\u00e0 una serie di \u201csfortunati\u201d eventi per liberarsi di lei. Ed \u00e8 cos\u00ec che si apre il romanzo, nel culmine di uno di questi eventi: una Mercedes in corsa finisce contro un marciapiede e uccide in un colpo cinque senzatetto. Quando la polvere si deposita, alla guida della lussuosa auto non c\u2019\u00e8 il suo ricco padrone, ma il povero Ajay, costretto ad assumersi la colpa del misfatto\u2026<\/p>\n\n\n\n<p>Dopo questo lungo giro di \u201cdegustazioni\u201d straniere, torniamo finalmente nel Bel Paese.<\/p>\n\n\n\n<p><strong>ELP<\/strong>, in uscita il 30 giugno per Sellerio, riporta in scena il vicequestore romano Rocco Schiavone, personaggio pieno di asperit\u00e0, come le montagne della Valle d\u2019Aosta in cui vive, trasferito da Roma suo malgrado, ma ricco, ricchissimo di umanit\u00e0.<\/p>\n\n\n\n<p>Una donna ha subito violenza fisica dal marito eppure, nonostante i lividi parlino chiaro,&nbsp; si rifiuta di denunciare. Capita, purtroppo, che a circostanze simili segua un assassinio, ed in genere \u00e8 proprio la vittima degli abusi a morire. In questo caso, per\u00f2, il corpo che viene rinvenuto nel bosco \u00e8 quello del marito della donna, Roberto Novailloz, picchiato prima di essere ucciso. E che sia stato picchiato Rocco lo sa bene, dato che lo ha incontrato di persona, in un colloquio a quattr\u2019occhi nel quale non \u00e8 riuscito a trattenersi. Intanto, dal resto del Paese, dilagano anche in Valle d\u2019Aosta le proteste degli ambientalisti. Tra loro, i ragazzi dell\u2019ELP, Esercito di Liberazione del Pianeta che, pur contrari alla violenza fisica, si trovano coinvolti in fatti gravi: prima un\u2019aggressione in un bar, poi una busta al tritolo in una fabbrica di pellami, che ne uccide il proprietario. Rocco, per\u00f2, alla pista dell\u2019ELP non crede\u2026<\/p>\n\n\n\n<p>Sandrone Dazieri, inventore della stravagante serie di culto del Gorilla e autore della Trilogia del Padre, pubblica con Rizzoli un nuovo thriller dal titolo <strong>IL FIGLIO DEL MAGO<\/strong>, in uscita il prossimo 20 giugno. Siamo nel 1993 quando nell\u2019arco di sette giorni due omicidi molto simili scuotono la campagna Toscana. E Antonio D\u2019Amore, un quattordicenne segretamente invaghito di una donna di nome Vanna, si convince che il Mostro sia ancora in giro. Sospetta del suo stesso padre, soprannominato il Mago, uomo di indole violenta che ogni domenica organizza un raduno in una baracca persa nella campagna. Quando Vanna e suo figlio sono rinvenuti morti all\u2019interno di una Panda incendiata, il terrore di Antonio esplode.<\/p>\n\n\n\n<p><\/p>\n\n\n\n<figure class=\"wp-block-image alignleft size-large is-resized\"><img loading=\"lazy\" decoding=\"async\" src=\"https:\/\/www.fastbookspa.it\/wp-content\/uploads\/2023\/05\/leggere-al-mare-1024x613.jpg\" alt=\"\" class=\"wp-image-598\" width=\"792\" height=\"474\" srcset=\"https:\/\/www.fastbookspa.it\/wp-content\/uploads\/2023\/05\/leggere-al-mare-1024x613.jpg 1024w, https:\/\/www.fastbookspa.it\/wp-content\/uploads\/2023\/05\/leggere-al-mare-300x180.jpg 300w, https:\/\/www.fastbookspa.it\/wp-content\/uploads\/2023\/05\/leggere-al-mare-768x460.jpg 768w, https:\/\/www.fastbookspa.it\/wp-content\/uploads\/2023\/05\/leggere-al-mare.jpg 1200w\" sizes=\"auto, (max-width: 792px) 100vw, 792px\" \/><\/figure>\n\n\n\n<p>Dal profondo giallo al rosa shocking, con l\u2019autrice americana Colleen Hoover, fenomeno di BookTok con <em>It ends with us \u2013 Siamo noi a dire basta<\/em> e il suo seguito, <em>It starts with us. Siamo noi l&#8217;inizio di tutto<\/em>, che esce con Sperling &amp; Kupfer a inizio estate, il 4 luglio, con un romanzo pubblicato nei paesi anglofoni nel 2014 ma ancora inedito in Italia: <strong>UGLY LOVE<\/strong>.<\/p>\n\n\n\n<p>La giovane Tate Collins e il pilota di linea Miles Archer sono irresistibilmente attratti l\u2019uno dall\u2019altra fin dal primo incontro, ma nessuno dei due desidera allacciare legami amorosi. Si accordano allora per mantenere la loro storia su basi puramente fisiche. Due sono le regole che dovranno seguire: mai chiedere del passato, mai aspettarsi un futuro. Ma, si sa, i sentimenti quando vogliono entrare non chiedono permesso\u2026<\/p>\n\n\n\n<p>Ed \u00e8 finalmente il turno dei palati pi\u00f9 raffinati, con un titolo dell\u2019Orma, due di Adelphi e uno di Einaudi.<\/p>\n\n\n\n<p>Con <strong>PERDERSI<\/strong>, pubblicato per la prima volta nel 2001 in Francia ma ancora inedito in Italia, dopo aver trattato i temi pi\u00f9 duri e sensibili delle nostre vite, dalla maternit\u00e0 all\u2019aborto, dalla vergogna alla violenza, dal rapporto con una madre malata di Alzheimer alla morte di una sorella, per Annie Ernaux, premio Nobel 2022 per la Letteratura, \u00e8 il turno del desiderio. Le pagine di <strong>PERDERSI<\/strong>, scritte con un\u2019immediatezza quasi primitiva, rappresentano un inventario delle sensazioni sperimentate dalla scrittrice francese tra il settembre 1988 e l\u2019aprile 1990 mentre stava vivendo un\u2019intensa passione con un diplomatico sovietico (stretta la parentela delle vicende contenute in questo libro con quelle narrate in <em>Passione semplice<\/em>, pubblicato in Italia nel 2004 da Rizzoli). L\u2019amante diventa l\u2019oggetto delle sue ossessioni e con lui, quando fa l\u2019amore, lo fa sempre come fosse l\u2019ultima volta. L\u2019intento del diario, per\u00f2, non \u00e8 quello di sacralizzare o demolire ci\u00f2 che ha vissuto, ma semplicemente quello di \u00absalvare\u00bb, come scrive lei stessa, le emozioni e i momenti di intensit\u00e0 di quella passione prendendone al contempo le distanze. <strong>PERDERSI<\/strong> sar\u00e0 in libreria per L&#8217;Orma editore dal 30 di maggio.<\/p>\n\n\n\n<p>Quando Louis-Ferdinand C\u00e9line, considerato un monumento della letteratura novecentesca ma anche odioso antisemita, lascia nel 1944 Parigi perch\u00e9 sospettato di collaborazionismo con il governo di Vichy, abbandona nel suo appartamento oltre 6.000 pagine di manoscritti inediti, successivamente trafugati e restituiti alla polizia e agli aventi diritto solo nel 2021. Tra questi manoscritti il romanzo giovanile <strong>GUERRA<\/strong>, datato 1934, pubblicato il Francia lo scorso anno e di prossima uscita in Italia, il 26 maggio, con Adelphi.<\/p>\n\n\n\n<p><strong>GUERRA<\/strong> si apre con il risveglio del ventenne brigadiere Ferdinand, alter ego dello scrittore e gi\u00e0 protagonista del suo capolavoro, <em>Viaggio al termine della notte<\/em>, miracolosamente vivo nel mezzo del campo di battaglia a Poelkappelle nel 1915. Ferdinand, salvato da un soldato inglese, passer\u00e0 la sua convalescenza non lontano dal fronte a Peurdu-sur-la-Lys , in Francia, fino a una precipitosa partenza per l&#8217;Inghilterra.<\/p>\n\n\n\n<p>Con queste parole l\u2019editore francese Gallimard ha definito il romanzo: \u00abTra racconto autobiografico e lavoro di immaginazione, C\u00e9line solleva il velo sull&#8217;esperienza centrale della sua esistenza: il trauma fisico e morale del fronte, denunciando la guerra come un mattatoio internazionale folle\u00bb.<\/p>\n\n\n\n<p><\/p>\n\n\n\n<figure class=\"wp-block-image alignright size-large is-resized\"><img loading=\"lazy\" decoding=\"async\" src=\"https:\/\/www.fastbookspa.it\/wp-content\/uploads\/2023\/05\/ragazza-che-legge-1024x819.jpg\" alt=\"\" class=\"wp-image-605\" width=\"783\" height=\"626\" srcset=\"https:\/\/www.fastbookspa.it\/wp-content\/uploads\/2023\/05\/ragazza-che-legge-1024x819.jpg 1024w, https:\/\/www.fastbookspa.it\/wp-content\/uploads\/2023\/05\/ragazza-che-legge-300x240.jpg 300w, https:\/\/www.fastbookspa.it\/wp-content\/uploads\/2023\/05\/ragazza-che-legge-768x614.jpg 768w, https:\/\/www.fastbookspa.it\/wp-content\/uploads\/2023\/05\/ragazza-che-legge.jpg 1200w\" sizes=\"auto, (max-width: 783px) 100vw, 783px\" \/><\/figure>\n\n\n\n<p><strong>DELITTO IMPUNITO<\/strong>, di Georges Simenon, padre letterario del commissario Maigret, in libreria il prossimo 30 di giugno, \u00e8 il 168mo romanzo del grande scrittore belga pubblicato in Italia da Adelphi. In <strong>DELITTO IMPUNITO<\/strong> conosciamo le vicende di \u00c9lie, un giovane sbarcato tre anni prima a Liegi dalla nat\u00eca Vilnius per preparare un dottorato in matematica e di Michel, che invece proviene da un\u2019agiata famiglia romena. Entrambi ospiti nella pensione della signora Lange, l\u2019uno \u00e8 solitario, scontroso e non bello, l\u2019altro \u00e8 aperto, presuntuoso e affascinante. \u00c9lie, che della pensione aveva fatto il suo porto sicuro, si sente a tal punto minacciato dalla presenza del nuovo arrivato, Michel, che decide di ucciderlo. E lo uccide, per preservare la pace del suo quieto mondo. Ma, ventisei anni dopo, in un paesino minerario degli Stati Uniti, se lo ritrova davanti, vivo.<\/p>\n\n\n\n<p>Abraham B. Yehoshua sar\u00e0 in libreria il prossimo 13 giugno con <strong>IL TERZO TEMPIO<\/strong> (Einaudi), romanzo breve considerato il testamento politico del grande scrittore israeliano, voce di spicco per la pace nella regione, morto lo scorso anno. Siamo nell&#8217;ufficio del rabbino Nissim Shoshani presso il tribunale rabbinico di Tel Aviv, dipartimento di Agunot, in colloquio con la giovane Esther Azoulay, che vuole denunciare il rabbino francese Eliahu Modiano per aver sabotato il suo matrimonio con un ebreo iraniano di nome David Mashiah. Modiano avrebbe sfoderato un cavillo giuridico secondo il quale se la coppia si fosse sposata n\u00e9 loro, n\u00e9 i loro discendenti avrebbero potuto assistere e celebrare i sacrifici presso il Tempio ricostruito, che gli ebrei religiosi pi\u00f9 integralisti vorrebbero edificare sull\u2019attuale spianata delle moschee a Gerusalemme. Da qui l\u2019idea rivoluzionaria di Esther: costruire un Terzo Tempio, fuori dalle mura della citt\u00e0 vecchia, che sia cos\u00ec non divisivo ma teso piuttosto alla pace e allo scioglimento delle tensioni tra popoli.<\/p>\n","protected":false},"excerpt":{"rendered":"<p>Partiamo con l\u2019accontentare i palati di lettori giovani ma esigenti. La francese Christelle Dabos, autrice della saga in quattro capitoli L\u2019Attraversaspecchi, propone un romanzo dedicato agli young adult, in uscita il 14 giugno per E\/O, nel quale fonde fantasy e iperrealismo per immergerci nel mondo degli adolescenti. Al centro di QUI E SOLO QUI la&#8230; <a class=\"read-more\" href=\"https:\/\/www.fastbookspa.it\/index.php\/2023\/05\/19\/cosa-leggeremo-questestate\/\">Continua a leggere<\/a><\/p>\n","protected":false},"author":14,"featured_media":592,"comment_status":"open","ping_status":"open","sticky":false,"template":"","format":"standard","meta":{"footnotes":""},"categories":[7,14],"tags":[133,129,125,121,134,128,123,132,119,131,122,126],"class_list":["post-590","post","type-post","status-publish","format-standard","has-post-thumbnail","hentry","category-blog","category-leggere","tag-abraham-b-yehoshua","tag-annie-ernaux","tag-antonio-manzini","tag-carmen-mola","tag-christelle-dabos","tag-colleen-hoover","tag-deepti-kapoor","tag-georges-simenon","tag-ilaria-tuti","tag-louis-ferdinand-celine","tag-petros-markaris","tag-sandrone-dazieri"],"_links":{"self":[{"href":"https:\/\/www.fastbookspa.it\/index.php\/wp-json\/wp\/v2\/posts\/590","targetHints":{"allow":["GET"]}}],"collection":[{"href":"https:\/\/www.fastbookspa.it\/index.php\/wp-json\/wp\/v2\/posts"}],"about":[{"href":"https:\/\/www.fastbookspa.it\/index.php\/wp-json\/wp\/v2\/types\/post"}],"author":[{"embeddable":true,"href":"https:\/\/www.fastbookspa.it\/index.php\/wp-json\/wp\/v2\/users\/14"}],"replies":[{"embeddable":true,"href":"https:\/\/www.fastbookspa.it\/index.php\/wp-json\/wp\/v2\/comments?post=590"}],"version-history":[{"count":10,"href":"https:\/\/www.fastbookspa.it\/index.php\/wp-json\/wp\/v2\/posts\/590\/revisions"}],"predecessor-version":[{"id":608,"href":"https:\/\/www.fastbookspa.it\/index.php\/wp-json\/wp\/v2\/posts\/590\/revisions\/608"}],"wp:featuredmedia":[{"embeddable":true,"href":"https:\/\/www.fastbookspa.it\/index.php\/wp-json\/wp\/v2\/media\/592"}],"wp:attachment":[{"href":"https:\/\/www.fastbookspa.it\/index.php\/wp-json\/wp\/v2\/media?parent=590"}],"wp:term":[{"taxonomy":"category","embeddable":true,"href":"https:\/\/www.fastbookspa.it\/index.php\/wp-json\/wp\/v2\/categories?post=590"},{"taxonomy":"post_tag","embeddable":true,"href":"https:\/\/www.fastbookspa.it\/index.php\/wp-json\/wp\/v2\/tags?post=590"}],"curies":[{"name":"wp","href":"https:\/\/api.w.org\/{rel}","templated":true}]}}