{"id":648,"date":"2023-06-16T12:41:05","date_gmt":"2023-06-16T10:41:05","guid":{"rendered":"https:\/\/www.fastbookspa.it\/?p=648"},"modified":"2023-06-16T15:05:41","modified_gmt":"2023-06-16T13:05:41","slug":"pride-2023","status":"publish","type":"post","link":"https:\/\/www.fastbookspa.it\/index.php\/2023\/06\/16\/pride-2023\/","title":{"rendered":"<strong>PRIDE 2023<\/strong>"},"content":{"rendered":"\n<p>Il mese del Pride 2023, giunto a met\u00e0 della sua strada, procede allegramente, disseminando di colori, musica e rumore le strade e le piazze italiane. E le prossime due settimane assisteranno a nuove, vivaci, multiformi iniziative per sostenere e rafforzare l\u2019orgoglio LGBTQIA+.<\/p>\n\n\n\n<p>Una comunit\u00e0, quella LGBTQIA+, in grado oggi di sfoderare numeri del tutto rilevanti: un sondaggio Ipsos pubblicato in occasione del Pride Month e condotto in 30 nazioni del mondo ricela che in Italia il 9% della popolazione si dichiara LGBTQIA+, il 61% degli Italiani \u00e8 favorevole al matrimonio egualitario e che il 64% della popolazione interpellata dice s\u00ec alle adozioni per le coppie dello stesso sesso.<\/p>\n\n\n\n<p>La produzione letteraria che si occupa di questioni di genere, tra discriminazioni, inclusivit\u00e0, riflessioni linguistiche, politiche e sociali, \u00e8 vasta e variegata. Abbiamo per\u00f2 individuato alcuni titoli usciti quest\u2019anno, che per originalit\u00e0 e spessore ci sembrano particolarmente meritevoli.<\/p>\n\n\n\n<figure class=\"wp-block-image size-large is-resized\"><img loading=\"lazy\" decoding=\"async\" src=\"https:\/\/www.fastbookspa.it\/wp-content\/uploads\/2023\/06\/PRIDE-1024x358.jpg\" alt=\"\" class=\"wp-image-652\" width=\"1198\" height=\"419\" srcset=\"https:\/\/www.fastbookspa.it\/wp-content\/uploads\/2023\/06\/PRIDE-1024x358.jpg 1024w, https:\/\/www.fastbookspa.it\/wp-content\/uploads\/2023\/06\/PRIDE-300x105.jpg 300w, https:\/\/www.fastbookspa.it\/wp-content\/uploads\/2023\/06\/PRIDE-768x269.jpg 768w, https:\/\/www.fastbookspa.it\/wp-content\/uploads\/2023\/06\/PRIDE-1536x537.jpg 1536w, https:\/\/www.fastbookspa.it\/wp-content\/uploads\/2023\/06\/PRIDE-2048x717.jpg 2048w\" sizes=\"auto, (max-width: 1198px) 100vw, 1198px\" \/><\/figure>\n\n\n\n<p><strong>IL CORAGGIO CHE VERR\u00c0<\/strong>, esordio letterario di Sara Poma, autrice e curatrice di contenuti audio per Chora Media, uscito a gennaio 2023, ricostruisce la storia di Maria Silvia Spolato, prima italiana a rivendicare la propria omosessualit\u00e0 nel 1972, nel corso di una manifestazione. Ripercorriamo dunque la sua infanzia a Padova, il primo amore, la carriera di insegnante, le discriminazioni subite, gli anni vissuti da clochard, l\u2019incontro tardivo con persone che hanno saputo amarla. Ma il libro \u00e8 pi\u00f9 di una biografia, poich\u00e9 intreccia alla vita di Spolato quella dell\u2019autrice: \u00abQuando Maria Silvia comincia seriamente a sparire, io, indiscutibilmente, comincio a esistere su questa terra. \u00c8 come se il nostro passaggio nel mondo si sia sfiorato in un gioco di alternanze, dove io compaio dentro la mia vita e lei scompare dentro la sua\u00bb.<\/p>\n\n\n\n<p><strong>COSE DA MASCHI<\/strong>, di Alessandro Giammei, critico letterario e scrittore, docente universitario di letteratura italiana a Yale, uscito a marzo di quest\u2019anno, \u00e8 un vero e proprio inventario di simboli che definiscono la differenza tra maschile e femminile. Ma se nell\u2019oggi, in quest\u2019epoca fluida e immateriale, interroghiamo con autentica onest\u00e0 la cosiddetta mascolinit\u00e0 emergono, piuttosto che i vecchi elementi stereotipati, le ambizioni e i sogni di chi lotta perch\u00e9 la trib\u00f9 dei maschi diventi inclusiva, consapevole dei propri miti e dei propri privilegi.<\/p>\n\n\n\n<p><strong>BABA<\/strong>, prima prova narrativa di Mohamed Maalel, padre tunisino e madre pugliese, pubblicato a maggio da Accento, casa editrice fondata soltanto pochi mesi fa da Alessandro Cattelan e diretta da Matteo B. Bianchi, \u00e8 un romanzo di ispirazione autobiografica che affronta i temi della famiglia, dell\u2019appartenenza e dell\u2019identit\u00e0.<\/p>\n\n\n\n<p>Dopo un\u2019infanzia travagliata, vissuta a met\u00e0 tra due culture, il protagonista, Ahmed, raggiunge <em>baba<\/em> (in tunisino, pap\u00e0), in ospedale. Di qui, una lunga conversazione ripercorrer\u00e0 i viaggi dall\u2019Italia alla Tunisia, il trauma della circoncisione, le incomprensioni e i non detti, nella speranza di una riconciliazione, ma anche nel tentativo di ascolto e comprensione.<\/p>\n\n\n\n<p><a>\u00ab<\/a><em>Baba<\/em>, avrei dovuto scriverti una lettera. Ti ho scritto una storia\u00bb.<\/p>\n\n\n\n<figure class=\"wp-block-image alignright size-full is-resized is-style-rounded\"><img loading=\"lazy\" decoding=\"async\" src=\"https:\/\/www.fastbookspa.it\/wp-content\/uploads\/2023\/06\/PRIDEquadrato.jpg\" alt=\"\" class=\"wp-image-656\" width=\"493\" height=\"443\" srcset=\"https:\/\/www.fastbookspa.it\/wp-content\/uploads\/2023\/06\/PRIDEquadrato.jpg 985w, https:\/\/www.fastbookspa.it\/wp-content\/uploads\/2023\/06\/PRIDEquadrato-300x270.jpg 300w, https:\/\/www.fastbookspa.it\/wp-content\/uploads\/2023\/06\/PRIDEquadrato-768x691.jpg 768w\" sizes=\"auto, (max-width: 493px) 100vw, 493px\" \/><\/figure>\n\n\n\n<p>Sempre del mese di maggio la pubblicazione di <strong>INDIETRO NON SI TORNA<\/strong>, della politica e attivista, prima consigliera transgender del Comune di Milano, Monica J. Romano, con la prefazione di un altro noto politico ed attivista italiano, Alessandro Zan. Il libro, scritto volutamente in prima persona per sgomberare infingimenti, affronta il tema dell\u2019identit\u00e0 di genere sia nello snodo delle vicende personali che dal punto di vista della scienza, della legge e della politica. Fondamentale, per percorrere con successo la strada che conduce a essere pienamente se stessi, senza necessariamente appartenere alla comunit\u00e0 LGBTQ+, sono sia la famiglia che la societ\u00e0, poich\u00e9 \u00abse migliora la societ\u00e0, migliora il terreno su cui si fortificano i diritti civili<a>\u00bb<\/a>.<\/p>\n\n\n\n<p>\u00c8 uscito per i tipi di Fandango lo scorso 16 maggio <strong>DISPHORIA MUNDI<\/strong>, un saggio \u201cuniversale\u201d in cui lo scrittore e filosofo spagnolo Paul B. Preciado, a partire dalla diagnosi di disforia decretatagli dagli psichiatri che lo ha indotto a sentirsi \u00abuna breccia culturale, una categoria paradossale, una crepa nella storia naturale dell\u2019umanit\u00e0, un buco epistemico, una frattura politica, un abisso religioso, un affare psicologico, una eccentricit\u00e0 anatomica, un gabinetto di curiosit\u00e0, una dissonanza cognitiva\u00bb costruisce un parallelismo tra la disforia di genere e la condizione planetaria epistemico-politica contemporanea, che \u00e8 una disforia generalizzata. Secondo Preciado la recente pandemia di Covid ha rappresentato un&#8217;opportunit\u00e0 e un catalizzatore: siamo di fronte, sostiene il filosofo, al pi\u00f9 profondo cambiamento di paradigma degli ultimi sei secoli. Per questo pu\u00f2 e deve generarsi una rivoluzione collettiva interiore che scardiner\u00e0 il capitalismo cibernetico con i suoi binari che tanta violenza e tanto dolore hanno generato.<\/p>\n\n\n\n<p><strong>STRANIZZA<\/strong>, dello scrittore romano Valerio La Martire, pubblicato la prima volta nel 2013 e ripubblicato quest\u2019anno da Rizzoli, si ispira ad un fatto di cronaca del 1980, l\u2019uccisione a Giarre di due ragazzi di 25 e 15 anni, trovati morti l\u2019uno abbracciato all\u2019altro. Un delitto di chiara matrice omofoba che, complice l\u2019omert\u00e0 del paese, rimase senza un colpevole. Mentre la canzone di Franco Battiato, Stranizza d&#8217;amuri, pervade l\u2019aria, Marco e Nino vivono un\u2019estate d\u2019amore, sognano che questa stagione possa trasformarsi in una vita intera, e vengono uccisi dall\u2019odio cieco e immotivato che nasce dal pregiudizio.<\/p>\n","protected":false},"excerpt":{"rendered":"<p>Il mese del Pride 2023, giunto a met\u00e0 della sua strada, procede allegramente, disseminando di colori, musica e rumore le strade e le piazze italiane. E le prossime due settimane assisteranno a nuove, vivaci, multiformi iniziative per sostenere e rafforzare l\u2019orgoglio LGBTQIA+. Una comunit\u00e0, quella LGBTQIA+, in grado oggi di sfoderare numeri del tutto rilevanti:&#8230; <a class=\"read-more\" href=\"https:\/\/www.fastbookspa.it\/index.php\/2023\/06\/16\/pride-2023\/\">Continua a leggere<\/a><\/p>\n","protected":false},"author":14,"featured_media":651,"comment_status":"open","ping_status":"open","sticky":false,"template":"","format":"standard","meta":{"footnotes":""},"categories":[7,14],"tags":[142,143,144,145],"class_list":["post-648","post","type-post","status-publish","format-standard","has-post-thumbnail","hentry","category-blog","category-leggere","tag-fandango","tag-lgbtq","tag-pride","tag-pride-month-2023"],"_links":{"self":[{"href":"https:\/\/www.fastbookspa.it\/index.php\/wp-json\/wp\/v2\/posts\/648","targetHints":{"allow":["GET"]}}],"collection":[{"href":"https:\/\/www.fastbookspa.it\/index.php\/wp-json\/wp\/v2\/posts"}],"about":[{"href":"https:\/\/www.fastbookspa.it\/index.php\/wp-json\/wp\/v2\/types\/post"}],"author":[{"embeddable":true,"href":"https:\/\/www.fastbookspa.it\/index.php\/wp-json\/wp\/v2\/users\/14"}],"replies":[{"embeddable":true,"href":"https:\/\/www.fastbookspa.it\/index.php\/wp-json\/wp\/v2\/comments?post=648"}],"version-history":[{"count":3,"href":"https:\/\/www.fastbookspa.it\/index.php\/wp-json\/wp\/v2\/posts\/648\/revisions"}],"predecessor-version":[{"id":659,"href":"https:\/\/www.fastbookspa.it\/index.php\/wp-json\/wp\/v2\/posts\/648\/revisions\/659"}],"wp:featuredmedia":[{"embeddable":true,"href":"https:\/\/www.fastbookspa.it\/index.php\/wp-json\/wp\/v2\/media\/651"}],"wp:attachment":[{"href":"https:\/\/www.fastbookspa.it\/index.php\/wp-json\/wp\/v2\/media?parent=648"}],"wp:term":[{"taxonomy":"category","embeddable":true,"href":"https:\/\/www.fastbookspa.it\/index.php\/wp-json\/wp\/v2\/categories?post=648"},{"taxonomy":"post_tag","embeddable":true,"href":"https:\/\/www.fastbookspa.it\/index.php\/wp-json\/wp\/v2\/tags?post=648"}],"curies":[{"name":"wp","href":"https:\/\/api.w.org\/{rel}","templated":true}]}}