{"id":699,"date":"2023-07-25T08:44:45","date_gmt":"2023-07-25T06:44:45","guid":{"rendered":"https:\/\/www.fastbookspa.it\/?p=699"},"modified":"2023-07-25T08:46:06","modified_gmt":"2023-07-25T06:46:06","slug":"estate","status":"publish","type":"post","link":"https:\/\/www.fastbookspa.it\/index.php\/2023\/07\/25\/estate\/","title":{"rendered":"ESTATE"},"content":{"rendered":"\n<p>L\u2019estate e il suo solstizio, l\u2019estate quando diventa bollente, l\u2019estate con i suoi tormentoni, cos\u00ec facili, cos\u00ec ballabili, cos\u00ec incisi nella memoria; l\u2019estate con la sua idea di felicit\u00e0. L\u2019estate degli amori potenti e improvvisi, dal destino gi\u00e0 segnato.<\/p>\n\n\n\n<p>Come dice bene Alessandro Vanoli, che all\u2019estate ha dedicato l\u2019ultimo di quattro libri dedicati alle stagioni (<strong>ESTATE. PROMESSA E NOSTALGIA<\/strong>, il Mulino), siamo tutti d\u2019accordo che \u201cal principio c\u2019\u00e8 il calore. Quello definito, forte e violento di una stagione piena; quello che si oppone al gelo dell\u2019inverno\u2026 Quel calore che segna il tempo delle messi mature, della terra arida e delle notti luminose\u201d.<\/p>\n\n\n\n<p>Ma, si chiede Vanoli che cosa significava l\u2019estate per i nostri pi\u00f9 lontani antenati?<\/p>\n\n\n\n<p>A Gerico, in Palestina, un giorno qualsiasi di diecimila anni fa, estate divenne un campo di grano da mietere. E questo semplice evento segn\u00f2 l\u2019inizio del Neolitico, quando gli esseri umani da cacciatori-raccoglitori divennero stanziali e posero le basi delle future civilt\u00e0.<\/p>\n\n\n\n<p>Cos\u00ec, passando per l\u2019Egitto, l\u2019antica Grecia, il medioevo e l\u2019et\u00e0 moderna, Vanoli ci accompagna nel lungo viaggio dell\u2019estate, dall\u2019antichit\u00e0 ai giorni nostri, dal tempo in cui la natura era percepita come padrona indiscussa all\u2019oggi, in cui l\u2019uomo si illude di averla domata.<\/p>\n\n\n\n<p><\/p>\n\n\n\n<figure class=\"wp-block-image size-large\"><img decoding=\"async\" src=\"https:\/\/www.fastbookspa.it\/wp-content\/uploads\/2023\/07\/ESTATE-4-1536x538-1.jpg\" alt=\"\" class=\"wp-image-686\"\/><\/figure>\n\n\n\n<p>Cerchiamo l\u2019estate anche in altri libri. <strong>LA BELLA ESTATE<\/strong> di Cesare Pavese, che include anche i romanzi brevi <em>Il diavolo sulle colline<\/em> e <em>Tre donne sole<\/em>, si apre cos\u00ec: \u201cA quei tempi era sempre festa\u201d. Eppure, quest\u2019affermazione, all\u2019apparenza positiva, nasconde una ferita: la bella estate, sa bene Pavese, non \u00e8 destinata a durare, e per questo diviene rimpianto, simbolo di una ferita da sanare e di un vuoto da riempire.<\/p>\n\n\n\n<p>Melissa Harrison, talentuosa scrittrice britannica, con <strong>L\u2019ARIA INNOCENTE DELL\u2019ESTATE<\/strong> ci porta invece nella campagna inglese dei primi anni Trenta, dove la vita \u00e8 dura e il paesaggio rurale \u00e8 punteggiato da comunit\u00e0 impoverite e timorose. \u00c8 con l\u2019avvicinarsi del tempo del raccolto, che la giovane Edith Mather, ammaliata dalla giornalista Constance FitzAllen, giunta da Londra per scrivere sugli usi e i costumi dei contadini del luogo, imparer\u00e0 a dosare meglio la fiducia e si ricorder\u00e0 per sempre quell\u2019estate dei suoi quattordici anni, durante la quale si era salvata da un possibile disastro.<\/p>\n\n\n\n<p>\u00c8 nata in un giorno di neve Norma, protagonista de <strong>IL PRIMO SOLE DELL\u2019ESTATE<\/strong>, di Daniela Raimondi, ed \u00e8 cresciuta in una casa fredda. Per questo adorava passare le estati a Stellata, dove trovava, insieme al calore del sole, quello dell\u2019affetto e delle storie della nonna. \u00c8 l\u00ec che ha conosciuto Elia, con il quale ha diviso i giochi da bambina, e da cui ha voluto separarsi quando l\u2019infanzia ha ceduto il passo all\u2019adolescenza e si \u00e8 accorta di provare per lui nuovi sentimenti. Ma ci sono estati che segnano per sempre e, forse, Norma e Elia sono destinati a incontrarsi ancora.<\/p>\n\n\n\n<p><\/p>\n\n\n\n<figure class=\"wp-block-image size-large\"><img decoding=\"async\" src=\"https:\/\/www.fastbookspa.it\/wp-content\/uploads\/2023\/07\/ESTATE3-1024x358.jpg\" alt=\"\" class=\"wp-image-685\"\/><\/figure>\n\n\n\n<p>Tutt\u2019altro il tenore dell\u2019estate di <strong>DIARIO DI UN\u2019ESTATE MARZIANA<\/strong>, in cui Tommaso Pincio (pseudonimo con cui si firma Marco Colapetro, italianizzando lo scrittore postmoderno Thomas Pynchon), passeggia per la sua citt\u00e0, Roma &#8211; un romano che cammina per Roma, tra l\u2019altro, ha gi\u00e0 di per s\u00e9 un che di sovversivo, di marziano \u2013 quando la citt\u00e0 bollente si \u00e8 ormai svuotata dei suoi cittadini, fuggiti per le vacanze. Cos\u00ec, poggiando lo sguardo sulla polvere delle&nbsp; cose, con amabile malinconia compie una passeggiata nel tempo, oltre che nello spazio, in compagnia di Ennio Flaiano, tra attori e attrici famose, bellezze in cerca di notoriet\u00e0, paparazzi, Vespe che sfrecciano e intere, lunghe nottate che sempre vanno a finire in un\u2019estate che si rimpiange anche mentre la si vive.<\/p>\n","protected":false},"excerpt":{"rendered":"<p>L\u2019estate e il suo solstizio, l\u2019estate quando diventa bollente, l\u2019estate con i suoi tormentoni, cos\u00ec facili, cos\u00ec ballabili, cos\u00ec incisi nella memoria; l\u2019estate con la sua idea di felicit\u00e0. L\u2019estate degli amori potenti e improvvisi, dal destino gi\u00e0 segnato. Come dice bene Alessandro Vanoli, che all\u2019estate ha dedicato l\u2019ultimo di quattro libri dedicati alle stagioni&#8230; <a class=\"read-more\" href=\"https:\/\/www.fastbookspa.it\/index.php\/2023\/07\/25\/estate\/\">Continua a leggere<\/a><\/p>\n","protected":false},"author":3,"featured_media":698,"comment_status":"open","ping_status":"open","sticky":false,"template":"","format":"standard","meta":{"footnotes":""},"categories":[7,14],"tags":[149,151,152,150],"class_list":["post-699","post","type-post","status-publish","format-standard","has-post-thumbnail","hentry","category-blog","category-leggere","tag-allessandro-vanoli","tag-cesare-pavese","tag-estate","tag-tommaso-pincio"],"_links":{"self":[{"href":"https:\/\/www.fastbookspa.it\/index.php\/wp-json\/wp\/v2\/posts\/699","targetHints":{"allow":["GET"]}}],"collection":[{"href":"https:\/\/www.fastbookspa.it\/index.php\/wp-json\/wp\/v2\/posts"}],"about":[{"href":"https:\/\/www.fastbookspa.it\/index.php\/wp-json\/wp\/v2\/types\/post"}],"author":[{"embeddable":true,"href":"https:\/\/www.fastbookspa.it\/index.php\/wp-json\/wp\/v2\/users\/3"}],"replies":[{"embeddable":true,"href":"https:\/\/www.fastbookspa.it\/index.php\/wp-json\/wp\/v2\/comments?post=699"}],"version-history":[{"count":1,"href":"https:\/\/www.fastbookspa.it\/index.php\/wp-json\/wp\/v2\/posts\/699\/revisions"}],"predecessor-version":[{"id":700,"href":"https:\/\/www.fastbookspa.it\/index.php\/wp-json\/wp\/v2\/posts\/699\/revisions\/700"}],"wp:featuredmedia":[{"embeddable":true,"href":"https:\/\/www.fastbookspa.it\/index.php\/wp-json\/wp\/v2\/media\/698"}],"wp:attachment":[{"href":"https:\/\/www.fastbookspa.it\/index.php\/wp-json\/wp\/v2\/media?parent=699"}],"wp:term":[{"taxonomy":"category","embeddable":true,"href":"https:\/\/www.fastbookspa.it\/index.php\/wp-json\/wp\/v2\/categories?post=699"},{"taxonomy":"post_tag","embeddable":true,"href":"https:\/\/www.fastbookspa.it\/index.php\/wp-json\/wp\/v2\/tags?post=699"}],"curies":[{"name":"wp","href":"https:\/\/api.w.org\/{rel}","templated":true}]}}