{"id":827,"date":"2023-10-06T10:39:28","date_gmt":"2023-10-06T08:39:28","guid":{"rendered":"https:\/\/www.fastbookspa.it\/?p=827"},"modified":"2025-11-28T16:21:52","modified_gmt":"2025-11-28T15:21:52","slug":"calvino-100","status":"publish","type":"post","link":"https:\/\/www.fastbookspa.it\/index.php\/2023\/10\/06\/calvino-100\/","title":{"rendered":"CALVINO 100"},"content":{"rendered":"\n<p>Tra i pi\u00f9 noti e amati scrittori del Novecento, forse il pi\u00f9 significativo nella sua ineffabilit\u00e0, Italo Calvino il 15 ottobre 2023 compie cent\u2019anni. O meglio, li avrebbe compiuti, se nel 1985, a soli sessantun anni, non fosse venuto meno, colto da un ictus mentre in vacanza nella sua villa di Castiglione della Pescaia, in Toscana, lavorava su quelle conferenze che, destinate al pubblico dell\u2019Universit\u00e0 di Harvard, sarebbero state pubblicate postume con il titolo di <strong><em>Lezioni americane<\/em><\/strong>. Fosse vissuto pi\u00f9 a lungo, ne siamo certi, oggi il mondo sarebbe meno scuro, pi\u00f9 decifrabile, meglio interpretabile<a>.<\/a><\/p>\n\n\n\n<p>La rivista di fumetti <strong><u>LINUS<\/u><\/strong>, che dedica il numero di settembre al centenario della nascita dello scrittore sanremese e al suo \u201cgenio leggero\u201d, si apre con un articolo di Igort che narra di una sua serata a Parigi con Gianni Celati. Tra chiacchiere e vino l\u2019intellettuale gli raccontava che Calvino, proprio nel periodo parigino, in particolare nel 1968, aveva ipotizzato una rivista che avrebbe affiancato idealmente <strong><em>linus<\/em><\/strong>. <em>Ali Bab\u00e0<\/em>, che purtroppo non vide mai la luce, avrebbe dovuto essere un laboratorio per la creazione di \u201cuna letteratura che chiedeva di pi\u00f9\u201d, nella quale avrebbero trovato spazio anche i fumetti. Ma fu proprio dalle ceneri di questa rivista mai nata che scatur\u00ec un capolavoro come <strong><em>Le citt\u00e0 invisibili<\/em><\/strong>. Sempre nel numero di settembre, <strong><em>linus<\/em><\/strong> riporta anche un lungo articolo di Umberto Eco sul libro da lui pi\u00f9 amato di Calvino, <strong><em>Il barone rampante<\/em><\/strong>, un pezzo di Enzo Fileno Carabba dal titolo <em>Il Calvino dimezzato<\/em>, un altro di Alfredo Ercolani, un contributo di Vanni Santoni e uno del critico letterario Silvio Perrella sulla vocazione dello scrittore ligure per il disegno. Ed \u00e8 proprio Silvio Perrella a pubblicare lo scorso luglio con l\u2019editore Laterza la nuova edizione del volume <strong><u>CALVINO<\/u><\/strong>, in cui l\u2019intellettuale siciliano interroga Calvino attraverso lo schermo delle immagini da lui create. Perch\u00e9, di sicuro, \u00abgli occhi infantili di Calvino seguivano le figure del Corriere dei Piccoli, ancor prima di saper riconoscere le parole racchiuse nelle didascalie in versi. Gi\u00e0 allora nasceva in lui un preciso gusto per la stilizzazione\u00bb.<\/p>\n\n\n\n<figure class=\"wp-block-image size-large\"><img loading=\"lazy\" decoding=\"async\" width=\"1024\" height=\"358\" src=\"https:\/\/www.fastbookspa.it\/wp-content\/uploads\/2023\/10\/CALVINO2-1024x358.jpg\" alt=\"\" class=\"wp-image-828\" srcset=\"https:\/\/www.fastbookspa.it\/wp-content\/uploads\/2023\/10\/CALVINO2-1024x358.jpg 1024w, https:\/\/www.fastbookspa.it\/wp-content\/uploads\/2023\/10\/CALVINO2-300x105.jpg 300w, https:\/\/www.fastbookspa.it\/wp-content\/uploads\/2023\/10\/CALVINO2-768x269.jpg 768w, https:\/\/www.fastbookspa.it\/wp-content\/uploads\/2023\/10\/CALVINO2-1536x537.jpg 1536w, https:\/\/www.fastbookspa.it\/wp-content\/uploads\/2023\/10\/CALVINO2-2048x717.jpg 2048w\" sizes=\"auto, (max-width: 1024px) 100vw, 1024px\" \/><\/figure>\n\n\n\n<p>La dimensione visuale per Calvino riveste, evidentemente, una straordinaria importanza. Esce il 10 ottobre <strong><u>FAVOLOSO CALVINO<\/u><\/strong>, catalogo dell\u2019omonima mostra allestita a Roma, presso le Scuderie del Quirinale, dal 13 ottobre 2023 al 4 febbraio 2024, che attraverso oltre 200 opere tra dipinti, sculture, disegni, fotografie e prime edizioni ne ripercorre l\u2019immaginario.<\/p>\n\n\n\n<p>Entra a far parte della collana Enciclopedie di Electa, in uscita sempre il 10 ottobre, <strong><u>CALVINO A-Z<\/u><\/strong>, a cura di Marco Belpoliti, un vero e proprio lemmario composto da 146 testi e brevi saggi radunati in gruppi tematici e affidati a 56 autori che disegnano una vera e propria mappa del mondo-Calvino.<\/p>\n\n\n\n<p><strong><u>LE PAROLE DI CALVINO<\/u><\/strong>, di Matteo Motolese, professore ordinario di Linguistica italiana alla Sapienza di Roma, in libreria dal 13 ottobre, rappresenta a sua volta una sorta di enciclopedia del mondo calviniano, focalizzata per\u00f2 sull\u2019uso della lingua. Saranno i contributi di tredici linguisti italiani ad esplorare i meccanismi e le ragioni delle scelte linguistiche compiute da uno degli autori italiani pi\u00f9 amati e letti del nostro tempo.<\/p>\n\n\n\n<p>Di grande fascino anche il tributo che lo scrittore e writing coach Gianmarco Parodi, sanremese di nascita, dedica allo scrittore ligure. <strong><u>NELLA CITT\u00c0 INVISIBILE<\/u><\/strong> &nbsp;compie un viaggio immaginario tra i luoghi reali e fantastici visitati o vissuti da Calvino. \u00abQuello che mi ha sempre affascinato nel leggere Calvino \u00e8 ritrovare una certa familiarit\u00e0 con i luoghi che io stesso ho vissuto e vivo tutt\u2019oggi. Immaginare come la scintilla che ha dato vita a un classico possa avere per me un corrispettivo domestico\u00bb. Questo a dispetto della scelta rigorosa di Calvino, di non chiamare mai, nel suo narrato, questa citt\u00e0 con il suo nome.<\/p>\n","protected":false},"excerpt":{"rendered":"<p>Tra i pi\u00f9 noti e amati scrittori del Novecento, forse il pi\u00f9 significativo nella sua ineffabilit\u00e0, Italo Calvino il 15 ottobre 2023 compie cent\u2019anni. O meglio, li avrebbe compiuti, se nel 1985, a soli sessantun anni, non fosse venuto meno, colto da un ictus mentre in vacanza nella sua villa di Castiglione della Pescaia, in&#8230; <a class=\"read-more\" href=\"https:\/\/www.fastbookspa.it\/index.php\/2023\/10\/06\/calvino-100\/\">Continua a leggere<\/a><\/p>\n","protected":false},"author":14,"featured_media":829,"comment_status":"open","ping_status":"open","sticky":false,"template":"","format":"standard","meta":{"footnotes":""},"categories":[7,619,455],"tags":[171,172,173],"class_list":["post-827","post","type-post","status-publish","format-standard","has-post-thumbnail","hentry","category-blog","category-attualita-blog","category-libri","tag-calvino","tag-italo-calvino","tag-linus"],"_links":{"self":[{"href":"https:\/\/www.fastbookspa.it\/index.php\/wp-json\/wp\/v2\/posts\/827","targetHints":{"allow":["GET"]}}],"collection":[{"href":"https:\/\/www.fastbookspa.it\/index.php\/wp-json\/wp\/v2\/posts"}],"about":[{"href":"https:\/\/www.fastbookspa.it\/index.php\/wp-json\/wp\/v2\/types\/post"}],"author":[{"embeddable":true,"href":"https:\/\/www.fastbookspa.it\/index.php\/wp-json\/wp\/v2\/users\/14"}],"replies":[{"embeddable":true,"href":"https:\/\/www.fastbookspa.it\/index.php\/wp-json\/wp\/v2\/comments?post=827"}],"version-history":[{"count":1,"href":"https:\/\/www.fastbookspa.it\/index.php\/wp-json\/wp\/v2\/posts\/827\/revisions"}],"predecessor-version":[{"id":830,"href":"https:\/\/www.fastbookspa.it\/index.php\/wp-json\/wp\/v2\/posts\/827\/revisions\/830"}],"wp:featuredmedia":[{"embeddable":true,"href":"https:\/\/www.fastbookspa.it\/index.php\/wp-json\/wp\/v2\/media\/829"}],"wp:attachment":[{"href":"https:\/\/www.fastbookspa.it\/index.php\/wp-json\/wp\/v2\/media?parent=827"}],"wp:term":[{"taxonomy":"category","embeddable":true,"href":"https:\/\/www.fastbookspa.it\/index.php\/wp-json\/wp\/v2\/categories?post=827"},{"taxonomy":"post_tag","embeddable":true,"href":"https:\/\/www.fastbookspa.it\/index.php\/wp-json\/wp\/v2\/tags?post=827"}],"curies":[{"name":"wp","href":"https:\/\/api.w.org\/{rel}","templated":true}]}}