{"id":930,"date":"2023-11-16T15:33:36","date_gmt":"2023-11-16T14:33:36","guid":{"rendered":"https:\/\/www.fastbookspa.it\/?p=930"},"modified":"2023-11-17T11:57:38","modified_gmt":"2023-11-17T10:57:38","slug":"aspettando-il-natale-le-novita-per-ragazze-e-ragazzi","status":"publish","type":"post","link":"https:\/\/www.fastbookspa.it\/index.php\/2023\/11\/16\/aspettando-il-natale-le-novita-per-ragazze-e-ragazzi\/","title":{"rendered":"Aspettando il Natale. Le Novit\u00e0 per ragazze e ragazzi"},"content":{"rendered":"\n<p>Dagli intramontabili calendari dell\u2019avvento alla meraviglia degli albi illustrati, alle storie pi\u00f9 belle e seduttive, la proposta di Novit\u00e0 che il mondo editoriale mette a disposizione di lettrici e lettori pi\u00f9 giovani in questo Natale 2023 \u00e8 pi\u00f9 ricca che mai. Tra i numerosi freschi di stampa ne abbiamo selezionati alcuni che vi suggeriamo.<\/p>\n\n\n\n<p>Cominciamo con i <em>calendari dell\u2019avvento<\/em> che, di sorpresa in sorpresa, alimentano la magia dell\u2019attesa di Natale e nel tempo non hanno mai perso il loro fascino.<\/p>\n\n\n\n<figure class=\"wp-block-image size-large\"><img loading=\"lazy\" decoding=\"async\" width=\"1024\" height=\"358\" src=\"https:\/\/www.fastbookspa.it\/wp-content\/uploads\/2023\/11\/calendari-avvento-1024x358.jpg\" alt=\"\" class=\"wp-image-935\" srcset=\"https:\/\/www.fastbookspa.it\/wp-content\/uploads\/2023\/11\/calendari-avvento-1024x358.jpg 1024w, https:\/\/www.fastbookspa.it\/wp-content\/uploads\/2023\/11\/calendari-avvento-300x105.jpg 300w, https:\/\/www.fastbookspa.it\/wp-content\/uploads\/2023\/11\/calendari-avvento-768x269.jpg 768w, https:\/\/www.fastbookspa.it\/wp-content\/uploads\/2023\/11\/calendari-avvento-1536x537.jpg 1536w, https:\/\/www.fastbookspa.it\/wp-content\/uploads\/2023\/11\/calendari-avvento-2048x717.jpg 2048w\" sizes=\"auto, (max-width: 1024px) 100vw, 1024px\" \/><\/figure>\n\n\n\n<p><strong>IL GRUFFAL\u00d2 E I SUOI AMICI \u2013 IL CALENDARIO DELL\u2019AVVENTO<\/strong>, di Emme edizioni, gigantesco librone realizzato dai mitici creatori del Gruffal\u00f2, Julia Donaldson e Axel Scheffler, contiene 24 libri con tanti giochi e attivit\u00e0 divertenti tratti dai celebri albi illustrati che hanno per protagonista il simpatico mostro met\u00e0 orso e met\u00e0 bufalo.<\/p>\n\n\n\n<p><strong>BABBO NATALE ALLA RICERCA DELLO SPIRITO NATALIZIO<\/strong>, di Barbara Franco, fondatrice della linea editoriale di Gribaudo QUID+ dedicata ai bambini 0-7 anni, \u00e8 un calendario dell\u2019avvento che propone 24 attivit\u00e0 da fare insieme per cogliere giorno per giorno il vero significato del Natale. Dopo ogni attivit\u00e0, si potr\u00e0 scegliere la pallina con la parola che pi\u00f9 rappresenta il gioco appena concluso per addobbare l\u2019albero o come decorazione per la casa e la cameretta.<\/p>\n\n\n\n<p>La poetessa Silvia Vecchini propone con Lapis il volume illustrato <strong>24 passi a Natale<\/strong>: storie meravigliose e scenari incantati per un calendario dell\u2019avvento in forma di fiabe che conduce, con passo di bambino, al momento pi\u00f9 atteso dell\u2019anno.<\/p>\n\n\n\n<p>All\u2019interno di <strong>NATALE. CALENDARIO DELL&#8217;AVVENTO POP-UP<\/strong>, pubblicato da Rizzoli, i bambini troveranno un bellissimo albero in 3D insieme a un libretto di 28 pagine che descrive in dettaglio flora e fauna che si svelano durante i mesi autunnali e invernali. Ogni giorno dovranno staccare dal libro una nuova decorazione per addobbare l\u2019albero.<\/p>\n\n\n\n<p>Lo splendido Calendario dell\u2019Avvento <strong>UNA STORIA AL GIORNO<\/strong> di Usborne contiene al suo interno 24 finestre che nascondono altrettanti volumetti di fiabe, storie illustrate perfette per accendere l&#8217;immaginazione dei bambini in vista del grande giorno. Ventiquattro racconti magici di principi e principesse, draghi e dinosauri che daranno vita a una vera e propria biblioteca in miniatura.<\/p>\n\n\n\n<p>Ma non \u00e8 Natale senza la magia degli <em>albi illustrati<\/em>.<\/p>\n\n\n\n<figure class=\"wp-block-image size-large\"><img loading=\"lazy\" decoding=\"async\" width=\"1024\" height=\"358\" src=\"https:\/\/www.fastbookspa.it\/wp-content\/uploads\/2023\/11\/illustrati-ragazzi-1024x358.jpg\" alt=\"\" class=\"wp-image-937\" srcset=\"https:\/\/www.fastbookspa.it\/wp-content\/uploads\/2023\/11\/illustrati-ragazzi-1024x358.jpg 1024w, https:\/\/www.fastbookspa.it\/wp-content\/uploads\/2023\/11\/illustrati-ragazzi-300x105.jpg 300w, https:\/\/www.fastbookspa.it\/wp-content\/uploads\/2023\/11\/illustrati-ragazzi-768x269.jpg 768w, https:\/\/www.fastbookspa.it\/wp-content\/uploads\/2023\/11\/illustrati-ragazzi-1536x537.jpg 1536w, https:\/\/www.fastbookspa.it\/wp-content\/uploads\/2023\/11\/illustrati-ragazzi-2048x717.jpg 2048w\" sizes=\"auto, (max-width: 1024px) 100vw, 1024px\" \/><\/figure>\n\n\n\n<p>L\u2019Ippocampo non smentisce l\u2019amore per il bello che sta alle basi della sua produzione editoriale: <strong>IL LIBRO DEI BAMBINI INCREDIBILI<\/strong>, scritto e illustrato da Clotilde Perrin, ci conduce in un mondo straordinario popolato da bambini tutti diversi uno dall\u2019altro, ognuno con le proprie caratteristiche uniche. C\u2019\u00e8 il \u201cBambino Origami\u201d, capace di scomparire in un cestino, c\u2019\u00e8 la \u201cBambina Saetta\u201d, agile e velocissima, che svolge qualsiasi compito in un istante, c\u2019\u00e8 il \u201cBambino Abaco\u201d, con le sue pazzesche abilit\u00e0 matematiche. Ma c\u2019\u00e8 anche la \u201cBambina Roccia\u201d, resistente e invulnerabile, e la \u201cBambina Piuma\u201d, delicata e leggera, che pu\u00f2 sollevarsi in volo con un semplice soffio di vento. Chiss\u00e0 che anche i piccoli lettori e le piccole lettrici non si riconoscano in qualcuno di loro!<\/p>\n\n\n\n<p>La straordinaria Beatrice Alemagna torna alle sue \u201cpulcette\u201d con <strong>IL NATALE DELLE PULCETTE<\/strong>, una storia toccante sulla tolleranza edita da Phaidon a distanza di dieci anni dalla prima pubblicazione in Inghilterra e in Francia. Nel paese delle pulcette sta arrivando Natale. Ognuna vorrebbe festeggiarlo in modo diverso, seguendo le proprie tradizioni, ma alla fine quello che conta \u00e8 stare tutte insieme\u2026<\/p>\n\n\n\n<p>Nuovo di zecca, invece, l\u2019albo <strong>IO &amp; PEPPER<\/strong> (Topipittori), che la grande illustratrice, bolognese di nascita, trasferita a Parigi da oltre vent\u2019anni anni, dedica al corpo, da una parte dotazione naturale e familiare di ogni bambino, dall\u2019altra, territorio misterioso da scoprire fra paura e sconcerto.<\/p>\n\n\n\n<p>Jacominus Gainsborough torna a emozionarci con il libro <strong>QUALCOSA DI FORMIDABILE<\/strong>, scritto e illustrato dalla francese R\u00e9becca Dautremer. Cos&#8217;\u00e8 questo ricordo sfuggente e lontano che aleggia nella testa di Jacominus quando si sveglia dal pisolino? Seduto nel suo giardino, di ricordo in ricordo, aiutato dal suo amico di sempre, Policarpe, Jacominus torna indietro nel tempo. E non saranno una, ma cinque le cose meravigliose, tutte ugualmente preziose, che trover\u00e0 e assaporer\u00e0 insieme al suo amico. Fino all&#8217;ultimo, pi\u00f9 antico e meglio nascosto&#8230; il segreto della sua amicizia con Policarpe fin da quando erano bambini.<\/p>\n\n\n\n<p>Il classico di Hans Christan Andersen, <strong>LA REGINA DELLE NEVI<\/strong> (Rizzoli), prende vita in un magnifico volume arricchito dalle illustrazioni delicate e senza tempo del parigino Aliocha Gouverneur. Molto tempo fa, un folletto maligno cre\u00f2 uno specchio che rifletteva il peggio di ognuno. Un giorno lo specchio si ruppe in mille pezzi che si diffusero in tutto il mondo. Il giovane Kay, colpito da una scheggia nell&#8217;occhio, divent\u00f2 insensibile e malvagio, e abbandon\u00f2 l&#8217;amica Gerda per unirsi all&#8217;agghiacciante Regina delle Nevi. Ma Gerda \u00e8 coraggiosa e non ha intenzione di abbandonarlo: far\u00e0 di tutto per ritrovarlo&#8230;<\/p>\n\n\n\n<p>Nel volume <strong>IN CANTO<\/strong>, pubblicato da Terre di Mezzo, il fascino poetico delle parole di Giusi Quarenghi e il tratto delicato e potente degli acquerelli di Alessandro Sanna si fondono in un viaggio nell\u2019alba dei tempi per abbracciare il dono della nostra esistenza e la responsabilit\u00e0 di custodirlo.<\/p>\n\n\n\n<p>Per i molti giovani lettori che s\u00ec amano le belle immagini, ma soprattutto vanno pazzi per le storie, irrinunciabile la nuova edizione de <strong>LE PI\u00d9 BELLE STORIE DI NATALE<\/strong> del vero e unico Maestro della Fantasia, Gianni Rodari. Nel volume, pubblicato come di consueto da Einaudi Ragazzi, un\u2019antologia con tante storie e filastrocche di tema natalizio che ricrea magnificamente la speciale atmosfera delle feste e parla al cuore e all\u2019intelligenza dei piccoli lettori. Con le immagini del grande illustratore Angelo Ruta<\/p>\n\n\n\n<figure class=\"wp-block-image size-large\"><img loading=\"lazy\" decoding=\"async\" width=\"1024\" height=\"358\" src=\"https:\/\/www.fastbookspa.it\/wp-content\/uploads\/2023\/11\/storie-ragazzi-1-1024x358.jpg\" alt=\"\" class=\"wp-image-938\" srcset=\"https:\/\/www.fastbookspa.it\/wp-content\/uploads\/2023\/11\/storie-ragazzi-1-1024x358.jpg 1024w, https:\/\/www.fastbookspa.it\/wp-content\/uploads\/2023\/11\/storie-ragazzi-1-300x105.jpg 300w, https:\/\/www.fastbookspa.it\/wp-content\/uploads\/2023\/11\/storie-ragazzi-1-768x269.jpg 768w, https:\/\/www.fastbookspa.it\/wp-content\/uploads\/2023\/11\/storie-ragazzi-1-1536x537.jpg 1536w, https:\/\/www.fastbookspa.it\/wp-content\/uploads\/2023\/11\/storie-ragazzi-1-2048x717.jpg 2048w\" sizes=\"auto, (max-width: 1024px) 100vw, 1024px\" \/><\/figure>\n\n\n\n<p>Ancora, per gli amanti delle belle storie, non pu\u00f2 mancare sugli scaffali, ben in vista, <strong>IL GRINCH E IL NATALE<\/strong> <strong>PERDUTO<\/strong>, nella freschissima edizione a colori di Mondadori. A un anno dal furto del Natale, il Grinch vuole dimostrare agli abitanti che il suo cuore si \u00e8 allargato (di ben tre taglie!). Per l&#8217;occasione decide di addobbare un enorme abete che stupisca tutti, ma incontra qualche ostacolo che gli fa venire voglia di tornare il burbero di sempre. Riuscir\u00e0 una piccola Non-so-chi a fargli riscoprire lo spirito natalizio? Et\u00e0 di lettura, da 4 anni.<\/p>\n\n\n\n<p>Per la gioia dei moltissimi lettori che si sono innamorati del mondo mitico di Eragon di Christopher Paolini, esce il volume <strong>MURTAGH<\/strong>. In questo nuovo, avvincente romanzo protagonista uno dei personaggi pi\u00f9 popolari del Ciclo dell\u2019Eredit\u00e0, nonch\u00e9 fratellastro di Eragon: Murtag. Vi offriamo un piccolo assaggio del libro: <em>\u00abAndrai solo?\u00bb. <\/em>Murtagh rivolse a Castigo un\u2019occhiata perplessa. Il drago rosso era accovacciato accanto a lui in cima alla collina rocciosa su cui erano atterrati. La fievole luce del crepuscolo attenuava lo scintillio delle sue squame, simili a braci che covavano sotto la cenere in attesa di un alito di vento per riprendere vigore. \u00abChe cosa? Verresti con me?<a>\u00bb<\/a>\u2026 Le fauci di Castigo si schiusero in un ghignoferino<strong>, <\/strong>rivelando una chiostra di zanne bianche e aguzze, ciascuna lunga quanto un pugnale.&nbsp;<em>Perch\u00e9 no? In fondo, gi\u00e0 ci temono. Facciamoli urlare e fuggire al nostro arrivo\u2026<\/em>.<\/p>\n\n\n\n<p>Come non concludere la carrellata con la pi\u00f9 grande maestra delle storie, madre letteraria di Harry Potter, JK Rowling? La nuova edizione di quello che \u00e8 ormai divenuto un classico, <strong>IL MAIALINO DI NATALE<\/strong>, racconta di Jack, che alla Vigilia di Natale perde il suo adorato maialino di pezza, Mimalino, detto Lino. Il nuovo pupazzo che i genitori gli regalano, chiamato il Maialino di Natale, aiuter\u00e0 Jack a ritrovare Lino nella Terra dei Perduti, con l\u2019aiuto di un portapranzo parlante, di una bussola coraggiosa e di un essere alato di nome Speranza.<\/p>\n","protected":false},"excerpt":{"rendered":"<p>Dagli intramontabili calendari dell\u2019avvento alla meraviglia degli albi illustrati, alle storie pi\u00f9 belle e seduttive, la proposta di Novit\u00e0 che il mondo editoriale mette a disposizione di lettrici e lettori pi\u00f9 giovani in questo Natale 2023 \u00e8 pi\u00f9 ricca che mai. Tra i numerosi freschi di stampa ne abbiamo selezionati alcuni che vi suggeriamo. Cominciamo&#8230; <a class=\"read-more\" href=\"https:\/\/www.fastbookspa.it\/index.php\/2023\/11\/16\/aspettando-il-natale-le-novita-per-ragazze-e-ragazzi\/\">Continua a leggere<\/a><\/p>\n","protected":false},"author":14,"featured_media":941,"comment_status":"open","ping_status":"open","sticky":false,"template":"","format":"standard","meta":{"footnotes":""},"categories":[7,14],"tags":[191,192,182,190],"class_list":["post-930","post","type-post","status-publish","format-standard","has-post-thumbnail","hentry","category-blog","category-leggere","tag-a-natale-regala-un-libro","tag-calendario-dellavvento","tag-illustrati","tag-regalo-di-natale"],"_links":{"self":[{"href":"https:\/\/www.fastbookspa.it\/index.php\/wp-json\/wp\/v2\/posts\/930","targetHints":{"allow":["GET"]}}],"collection":[{"href":"https:\/\/www.fastbookspa.it\/index.php\/wp-json\/wp\/v2\/posts"}],"about":[{"href":"https:\/\/www.fastbookspa.it\/index.php\/wp-json\/wp\/v2\/types\/post"}],"author":[{"embeddable":true,"href":"https:\/\/www.fastbookspa.it\/index.php\/wp-json\/wp\/v2\/users\/14"}],"replies":[{"embeddable":true,"href":"https:\/\/www.fastbookspa.it\/index.php\/wp-json\/wp\/v2\/comments?post=930"}],"version-history":[{"count":2,"href":"https:\/\/www.fastbookspa.it\/index.php\/wp-json\/wp\/v2\/posts\/930\/revisions"}],"predecessor-version":[{"id":939,"href":"https:\/\/www.fastbookspa.it\/index.php\/wp-json\/wp\/v2\/posts\/930\/revisions\/939"}],"wp:featuredmedia":[{"embeddable":true,"href":"https:\/\/www.fastbookspa.it\/index.php\/wp-json\/wp\/v2\/media\/941"}],"wp:attachment":[{"href":"https:\/\/www.fastbookspa.it\/index.php\/wp-json\/wp\/v2\/media?parent=930"}],"wp:term":[{"taxonomy":"category","embeddable":true,"href":"https:\/\/www.fastbookspa.it\/index.php\/wp-json\/wp\/v2\/categories?post=930"},{"taxonomy":"post_tag","embeddable":true,"href":"https:\/\/www.fastbookspa.it\/index.php\/wp-json\/wp\/v2\/tags?post=930"}],"curies":[{"name":"wp","href":"https:\/\/api.w.org\/{rel}","templated":true}]}}